{"id":21375,"date":"2025-04-13T04:42:25","date_gmt":"2025-04-13T04:42:25","guid":{"rendered":"https:\/\/www.europesays.com\/fr\/21375\/"},"modified":"2025-04-13T04:42:25","modified_gmt":"2025-04-13T04:42:25","slug":"strasbourg-il-avait-brille-dans-lemission-prodiges-de-france-2-stan-theodas-en-concert-2","status":"publish","type":"post","link":"https:\/\/www.europesays.com\/fr\/21375\/","title":{"rendered":"Strasbourg. Il avait brill\u00e9 dans l&rsquo;\u00e9mission \u00ab\u00a0Prodiges\u00a0\u00bb de France 2 : Stan Theodas en concert"},"content":{"rendered":"<p>En ce dimanche des Rameaux 13 avril, une veill\u00e9e musicale est propos\u00e9e \u00e0 17\u00a0h\u00a045 \u00e0 l\u2019\u00e9glise Saint-Pierre-le-Jeune catholique \u00e0 Strasbourg avec, \u00e0 l\u2019orgue, le jeune et talentueux musicien franco-suisse Stan Th\u00e9odas.<\/p>\n<p>  Bach et Mendelssohn<\/p>\n<p>Au programme de ce moment musical et m\u00e9ditatif, \u00ab\u00a0Pr\u00e9lude et Fugue en r\u00e9 majeur BWV 532\u00a0\u00bb de Jean-S\u00e9bastien Bach, \u00ab\u00a06e Sonate en r\u00e9 mineur\u00a0\u00bb de Felix Mendelssohn et improvisations de Stan Th\u00e9odas.<\/p>\n<p>Quant aux temps spirituels, ils seront constitu\u00e9s d\u2019une lecture de saint Paul Ap\u00f4tre aux Philippiens et d\u2019une m\u00e9ditation de saint Andr\u00e9 de Cr\u00e8te pour les dimanches des Rameaux.<\/p>\n<p>Stan Th\u00e9odas s\u2019est passionn\u00e9 pour l\u2019orgue d\u00e8s l\u2019\u00e2ge de 13 ans. Il a rejoint la classe de Diego Innocenzi au Conservatoire de musique de Gen\u00e8ve, dont il sort dipl\u00f4m\u00e9 en 2023. En 2024, il entre dans les classes d\u2019interpr\u00e9tation d\u2019\u00c9ric Lebrun et d\u2019improvisation de David Cassan au sein du Conservatoire de St-Maur-des-Foss\u00e9s puis en 2025, au Conservatoire national sup\u00e9rieur de musique de Paris dans les classes d\u2019interpr\u00e9tation de Thomas Ospital et d\u2019improvisation de Thierry Escaich.<\/p>\n<p>Il s&rsquo;est produit lors de <a href=\"https:\/\/www.dna.fr\/culture-loisirs\/2020\/11\/25\/un-prodige-aux-attaches-locales-en-demi-finale-du-concours-tele\" target=\"_blank\" rel=\"nofollow noopener\">nombreux \u00e9v\u00e9nements, \u00e9missions \u00e0 la radio et \u00e0 la t\u00e9l\u00e9vision<\/a>, r\u00e9citals et masterclasses en France et en Europe. Il a notamment \u00e9chou\u00e9 aux portes de la finale lors de l&rsquo;\u00e9mission \u00ab Prodiges\u00a0\u00bb, sur France 2, en d\u00e9cembre 2020.<\/p>\n<p class=\"note\">Entr\u00e9e libre, corbeille. Dimanche 13\u00a0avril \u00e0 17\u00a0h\u00a045, \u00e9glise Saint-Pierre-le-Jeune catholique, place Charles-de-Foucauld \u00e0 Strasbourg.<\/p>\n","protected":false},"excerpt":{"rendered":"En ce dimanche des Rameaux 13 avril, une veill\u00e9e musicale est propos\u00e9e \u00e0 17\u00a0h\u00a045 \u00e0 l\u2019\u00e9glise Saint-Pierre-le-Jeune catholique&hellip;\n","protected":false},"author":2,"featured_media":18012,"comment_status":"","ping_status":"","sticky":false,"template":"","format":"standard","meta":{"footnotes":""},"categories":[2820],"tags":[1111,11,2880,1777,674,107,1011,27,775,12,5889,25,104,640,2879],"class_list":{"0":"post-21375","1":"post","2":"type-post","3":"status-publish","4":"format-standard","5":"has-post-thumbnail","7":"category-strasbourg","8":"tag-actu","9":"tag-actualites","10":"tag-edition-strasbourg","11":"tag-eu","12":"tag-europe","13":"tag-fil-info","14":"tag-fr","15":"tag-france","16":"tag-grand-est","17":"tag-news","18":"tag-religion-croyance","19":"tag-republique-francaise","20":"tag-societe","21":"tag-strasbourg","22":"tag-strasbourg-ville"},"share_on_mastodon":{"url":"https:\/\/pubeurope.com\/@fr\/114328826261031709","error":""},"_links":{"self":[{"href":"https:\/\/www.europesays.com\/fr\/wp-json\/wp\/v2\/posts\/21375","targetHints":{"allow":["GET"]}}],"collection":[{"href":"https:\/\/www.europesays.com\/fr\/wp-json\/wp\/v2\/posts"}],"about":[{"href":"https:\/\/www.europesays.com\/fr\/wp-json\/wp\/v2\/types\/post"}],"author":[{"embeddable":true,"href":"https:\/\/www.europesays.com\/fr\/wp-json\/wp\/v2\/users\/2"}],"replies":[{"embeddable":true,"href":"https:\/\/www.europesays.com\/fr\/wp-json\/wp\/v2\/comments?post=21375"}],"version-history":[{"count":0,"href":"https:\/\/www.europesays.com\/fr\/wp-json\/wp\/v2\/posts\/21375\/revisions"}],"wp:featuredmedia":[{"embeddable":true,"href":"https:\/\/www.europesays.com\/fr\/wp-json\/wp\/v2\/media\/18012"}],"wp:attachment":[{"href":"https:\/\/www.europesays.com\/fr\/wp-json\/wp\/v2\/media?parent=21375"}],"wp:term":[{"taxonomy":"category","embeddable":true,"href":"https:\/\/www.europesays.com\/fr\/wp-json\/wp\/v2\/categories?post=21375"},{"taxonomy":"post_tag","embeddable":true,"href":"https:\/\/www.europesays.com\/fr\/wp-json\/wp\/v2\/tags?post=21375"}],"curies":[{"name":"wp","href":"https:\/\/api.w.org\/{rel}","templated":true}]}}