{"id":213755,"date":"2025-06-29T17:12:12","date_gmt":"2025-06-29T17:12:12","guid":{"rendered":"https:\/\/www.europesays.com\/fr\/213755\/"},"modified":"2025-06-29T17:12:12","modified_gmt":"2025-06-29T17:12:12","slug":"direct-canicule-en-france-84-departements-en-vigilance-orange-ce-lundi","status":"publish","type":"post","link":"https:\/\/www.europesays.com\/fr\/213755\/","title":{"rendered":"DIRECT &#8211; Canicule en France : 84 d\u00e9partements en vigilance orange ce lundi"},"content":{"rendered":"<p>Des pointes \u00e0 40\u00b0 C sur le Midi m\u00e9diterran\u00e9en\u00a0<\/p>\n<p>Ce dimanche, des \u00ab\u00a0temp\u00e9ratures maximales affichant souvent entre 35 et 38\u00b0C sur le sud du pays\u00a0\u00bb avec des pointes \u00e0 40\u00b0 C sur le Midi m\u00e9diterran\u00e9en ont \u00e9t\u00e9 relev\u00e9es et seuls les bords de Manche peuvent profiter de temp\u00e9ratures inf\u00e9rieures \u00e0 30\u00b0C, selon M\u00e9t\u00e9o-France.<\/p>\n<p>Cet \u00ab\u00a0\u00e9pisode caniculaire intense\u00a0\u00bb, qui a d\u00e9but\u00e9 vendredi, s&rsquo;\u00e9tendra ce lundi \u00e0 la quasi totalit\u00e9 de l&rsquo;Hexagone : \u00ab\u00a0Les temp\u00e9ratures maximales seront stationnaires sur le pourtour m\u00e9diterran\u00e9en, comprises entre 37 et 40\u00b0C. Sur le reste du pays, elles seront souvent comprises entre 34 et 38\u00b0C, tr\u00e8s ponctuellement 39\/40\u00b0C\u00a0\u00bb, a ajout\u00e9 M\u00e9t\u00e9o-France.<\/p>\n","protected":false},"excerpt":{"rendered":"Des pointes \u00e0 40\u00b0 C sur le Midi m\u00e9diterran\u00e9en\u00a0 Ce dimanche, des \u00ab\u00a0temp\u00e9ratures maximales affichant souvent entre 35&hellip;\n","protected":false},"author":2,"featured_media":213756,"comment_status":"","ping_status":"","sticky":false,"template":"","format":"standard","meta":{"footnotes":""},"categories":[4],"tags":[11,6698,765,1011,27,2487,12,25],"class_list":{"0":"post-213755","1":"post","2":"type-post","3":"status-publish","4":"format-standard","5":"has-post-thumbnail","7":"category-france","8":"tag-actualites","9":"tag-canicule","10":"tag-en-continu","11":"tag-fr","12":"tag-france","13":"tag-meteo","14":"tag-news","15":"tag-republique-francaise"},"share_on_mastodon":{"url":"https:\/\/pubeurope.com\/@fr\/114767773466820910","error":""},"_links":{"self":[{"href":"https:\/\/www.europesays.com\/fr\/wp-json\/wp\/v2\/posts\/213755","targetHints":{"allow":["GET"]}}],"collection":[{"href":"https:\/\/www.europesays.com\/fr\/wp-json\/wp\/v2\/posts"}],"about":[{"href":"https:\/\/www.europesays.com\/fr\/wp-json\/wp\/v2\/types\/post"}],"author":[{"embeddable":true,"href":"https:\/\/www.europesays.com\/fr\/wp-json\/wp\/v2\/users\/2"}],"replies":[{"embeddable":true,"href":"https:\/\/www.europesays.com\/fr\/wp-json\/wp\/v2\/comments?post=213755"}],"version-history":[{"count":0,"href":"https:\/\/www.europesays.com\/fr\/wp-json\/wp\/v2\/posts\/213755\/revisions"}],"wp:featuredmedia":[{"embeddable":true,"href":"https:\/\/www.europesays.com\/fr\/wp-json\/wp\/v2\/media\/213756"}],"wp:attachment":[{"href":"https:\/\/www.europesays.com\/fr\/wp-json\/wp\/v2\/media?parent=213755"}],"wp:term":[{"taxonomy":"category","embeddable":true,"href":"https:\/\/www.europesays.com\/fr\/wp-json\/wp\/v2\/categories?post=213755"},{"taxonomy":"post_tag","embeddable":true,"href":"https:\/\/www.europesays.com\/fr\/wp-json\/wp\/v2\/tags?post=213755"}],"curies":[{"name":"wp","href":"https:\/\/api.w.org\/{rel}","templated":true}]}}