{"id":213757,"date":"2025-06-29T17:13:10","date_gmt":"2025-06-29T17:13:10","guid":{"rendered":"https:\/\/www.europesays.com\/fr\/213757\/"},"modified":"2025-06-29T17:13:10","modified_gmt":"2025-06-29T17:13:10","slug":"revelation-sur-des-ecrits-du-policier-poursuivi-pour-le-meurtre-de-nahel-merzouk-liberation","status":"publish","type":"post","link":"https:\/\/www.europesays.com\/fr\/213757\/","title":{"rendered":"r\u00e9v\u00e9lation sur des \u00e9crits du policier poursuivi pour le meurtre de Nahel Merzouk \u2013 Lib\u00e9ration"},"content":{"rendered":"<p class=\"sc-ksZaOG ehjQrN text-element\">Les \u00e9crits, manuscrits, tiennent sur une trentaine de feuilles quadrill\u00e9es d\u2019un carnet. Depuis sa cellule qu\u2019il appelle parfois sa \u00abgrotte\u00bb ou sa \u00abchambre d\u2019h\u00f4tel\u00bb, le policier Florian M., 38 ans, aujourd\u2019hui <a href=\"https:\/\/www.liberation.fr\/societe\/police-justice\/mort-de-nahel-merzouk-le-policier-auteur-du-tir-sera-juge-pour-meurtre-20250603_NOJKRJ7L5VHJRMUJHG4QV5GSQA\/\" target=\"_blank\" rel=\"noreferrer nofollow noopener\" title=\"https:\/\/www.liberation.fr\/societe\/police-justice\/mort-de-nahel-merzouk-le-policier-auteur-du-tir-sera-juge-pour-meurtre-20250603_NOJKRJ7L5VHJRMUJHG4QV5GSQA\/\">poursuivi pour le meurtre de Nahel Merzouk<\/a>, couche sur le papier les pens\u00e9es qui le traversent, quelques jours apr\u00e8s les faits. L\u2019adolescent d\u2019origine maghr\u00e9bine a \u00e9t\u00e9 tu\u00e9 d\u2019une balle dans la poitrine le 27 juin 2023 \u00e0 Nanterre (Hauts-de-Seine). Dans ses \u00e9crits, dont une partie est d\u2019un int\u00e9r\u00eat public, Florian M. donne sa version des faits, s\u2019\u00e9panche sur les r\u00e9voltes alors en cours et r\u00e9v\u00e8le les soutiens qu\u2019il a re\u00e7us du corps policier.<\/p>\n<p class=\"sc-ksZaOG ehjQrN text-element\">Ce document, transmis par l\u2019administration p\u00e9nitentiaire aux juges qui instruisent l\u2019affaire, est l\u2019une des pi\u00e8ces de l\u2019enqu\u00eate qui \u00e9claire ainsi la personnalit\u00e9 de Florian M., au-del\u00e0 de ses d\u00e9clarations lors des diff\u00e9rentes auditions, interrogatoires et expertises. Interrog\u00e9 \u00e0 son propos, au cours d\u2019une confrontation organis\u00e9e par les juges d\u2019instruction \u00e0 l\u2019\u00e9t\u00e9 2024, le policier dit \u00eatre surpris de d\u00e9couvrir cette pi\u00e8ce dans l\u2019enqu\u00eate : \u00abJe ne savais pas qu<\/p>\n","protected":false},"excerpt":{"rendered":"Les \u00e9crits, manuscrits, tiennent sur une trentaine de feuilles quadrill\u00e9es d\u2019un carnet. Depuis sa cellule qu\u2019il appelle parfois&hellip;\n","protected":false},"author":2,"featured_media":213758,"comment_status":"","ping_status":"","sticky":false,"template":"","format":"standard","meta":{"footnotes":""},"categories":[2],"tags":[11,1011,27,35340,12,7374],"class_list":{"0":"post-213757","1":"post","2":"type-post","3":"status-publish","4":"format-standard","5":"has-post-thumbnail","7":"category-actualites","8":"tag-actualites","9":"tag-fr","10":"tag-france","11":"tag-nael-mort-apres-un-tir-policier-a-nanterre","12":"tag-news","13":"tag-violences-policieres"},"share_on_mastodon":{"url":"https:\/\/pubeurope.com\/@fr\/114767777221994541","error":""},"_links":{"self":[{"href":"https:\/\/www.europesays.com\/fr\/wp-json\/wp\/v2\/posts\/213757","targetHints":{"allow":["GET"]}}],"collection":[{"href":"https:\/\/www.europesays.com\/fr\/wp-json\/wp\/v2\/posts"}],"about":[{"href":"https:\/\/www.europesays.com\/fr\/wp-json\/wp\/v2\/types\/post"}],"author":[{"embeddable":true,"href":"https:\/\/www.europesays.com\/fr\/wp-json\/wp\/v2\/users\/2"}],"replies":[{"embeddable":true,"href":"https:\/\/www.europesays.com\/fr\/wp-json\/wp\/v2\/comments?post=213757"}],"version-history":[{"count":0,"href":"https:\/\/www.europesays.com\/fr\/wp-json\/wp\/v2\/posts\/213757\/revisions"}],"wp:featuredmedia":[{"embeddable":true,"href":"https:\/\/www.europesays.com\/fr\/wp-json\/wp\/v2\/media\/213758"}],"wp:attachment":[{"href":"https:\/\/www.europesays.com\/fr\/wp-json\/wp\/v2\/media?parent=213757"}],"wp:term":[{"taxonomy":"category","embeddable":true,"href":"https:\/\/www.europesays.com\/fr\/wp-json\/wp\/v2\/categories?post=213757"},{"taxonomy":"post_tag","embeddable":true,"href":"https:\/\/www.europesays.com\/fr\/wp-json\/wp\/v2\/tags?post=213757"}],"curies":[{"name":"wp","href":"https:\/\/api.w.org\/{rel}","templated":true}]}}