{"id":213778,"date":"2025-06-29T17:28:12","date_gmt":"2025-06-29T17:28:12","guid":{"rendered":"https:\/\/www.europesays.com\/fr\/213778\/"},"modified":"2025-06-29T17:28:12","modified_gmt":"2025-06-29T17:28:12","slug":"peine-confirmee-et-alourdie-pour-cet-ancien-chef-dentreprise","status":"publish","type":"post","link":"https:\/\/www.europesays.com\/fr\/213778\/","title":{"rendered":"peine confirm\u00e9e et alourdie pour cet ancien chef d&rsquo;entreprise"},"content":{"rendered":"<p>            Par<br \/>\n        <strong><br \/>\n            <a href=\"https:\/\/actu.fr\/auteur\/redaction-rennes\" title=\"Consulter tous les articles de R\u00e9daction Rennes\" rel=\"nofollow noopener\" target=\"_blank\">R\u00e9daction Rennes<\/a><br \/>\n        <\/strong><\/p>\n<p>        Publi\u00e9 le<\/p>\n<p>            29 juin 2025 \u00e0 18h48        <\/p>\n<p>La Cour d\u2019appel de Rennes a inflig\u00e9 en deuxi\u00e8me instance 12 ans de prison, vendredi 20 juin 2025, \u00e0 <strong>un ancien chef d\u2019entreprise<\/strong> qui s\u2019\u00e9tait adonn\u00e9 \u00e0 <strong>un trafic international de coca\u00efne et d\u2019h\u00e9ro\u00efne<\/strong> entre Rennes (Ille-et-Vilaine), Amiens (Somme) et Paris entre septembre 2021 et mai 2022. Il n\u2019\u00e9tait pas seul face aux juges. Un autre comparse \u00e9tait \u00e9galement jug\u00e9 dans une affaire hors norme au vu des quantit\u00e9s importantes de drogues import\u00e9es, estim\u00e9es par les autorit\u00e9s.<\/p>\n<p>Des voyages \u00ab\u00a0suspects\u00a0\u00bb<\/p>\n<p class=\" wall-content\"><strong>Une \u00ab\u00a0information anonyme\u00a0\u00bb<\/strong> avait en fait \u00e9t\u00e9 d\u00e9livr\u00e9e \u00e0 la direction territoriale de la police judiciaire le 16 juin 2021 : cette source avait indiqu\u00e9 qu\u2019un \u00ab\u00a0trafic de stup\u00e9fiants\u00a0\u00bb op\u00e9r\u00e9 par deux hommes.<\/p>\n<p class=\" wall-content\">L\u2019un des deux, un habitant de Vezin-le-Coquet, \u00e2g\u00e9 de 41 ans, en \u00e9tait <strong>le \u00ab\u00a0fournisseur pr\u00e9sum\u00e9\u00a0\u00bb,<\/strong> \u00e9tait-il pr\u00e9cis\u00e9. Un t\u00e9l\u00e9phone de la famille de cet ancien dirigeant d\u2019un garage \u00e0 Erbr\u00e9e avait en fait effectu\u00e9 <strong>un \u00ab\u00a0voyage suspect\u00a0\u00bb<\/strong> dans le nord de la France entre le 21 et le 23 mai 2021.<\/p>\n<p class=\" wall-content\">Quelques mois plus tard, en ao\u00fbt 2021, la voiture du quadrag\u00e9naire et de sa femme s\u2019\u00e9tait rendue \u00e0 Paris pour s\u2019arr\u00eater seulement \u00ab\u00a02h15\u00a0\u00bb \u00e0 la porte de Clignancourt et <strong>\u00ab\u00a0charger un objet\u00a0\u00bb.<\/strong><\/p>\n<p class=\" wall-content\">Ses occupants avaient discut\u00e9 avec <strong>un homme \u00ab\u00a0connu des services<\/strong> pour des faits d\u2019importation de stup\u00e9fiants\u00a0\u00bb, puis s\u2019\u00e9taient arr\u00eat\u00e9s \u00ab\u00a048 minutes\u00a0\u00bb dans le centre de Paris et enfin \u00ab\u00a011 minutes\u00a0\u00bb \u00e0 Boulogne-Billancourt (Hauts-de-Seine), avant de rentrer sur Rennes \u00ab\u00a0dans la nuit\u00a0\u00bb.<\/p>\n<p>Sous \u00e9coute<\/p>\n<p class=\" wall-content\">Le domicile de cet habitant \u00e0 Vezin-le-Coquet avait donc \u00e9t\u00e9 <strong>sonoris\u00e9<\/strong> \u00e0 compter du 26 ao\u00fbt 2021 : de \u00ab\u00a0tr\u00e8s nombreux \u00e9changes t\u00e9l\u00e9phoniques\u00a0\u00bb en lien avec \u00ab\u00a0une activit\u00e9 de trafic de stup\u00e9fiants\u00a0\u00bb avaient alors \u00e9t\u00e9 r\u00e9v\u00e9l\u00e9s.<\/p>\n<p class=\" wall-content\">Il y \u00e9tait question de <strong>\u00ab\u00a0convoyage\u00a0\u00bb<\/strong> sur le territoire fran\u00e7ais et <strong>\u00ab\u00a0d\u2019importation du produit\u00a0\u00bb provenant du Maroc via l\u2019Espagne<\/strong> \u2013 par le biais de containers, camions ou bateaux avec \u00ab\u00a0l\u2019aide de fonctionnaires complices\u00a0\u00bb \u2013 ou des Pays-Bas.<\/p>\n<p class=\" wall-content\"><strong>Un \u00ab\u00a0complice\u00a0\u00bb<\/strong> travaillant pour une soci\u00e9t\u00e9 de \u00ab\u00a0manutention portuaire\u00a0\u00bb de<strong> Loon-Plage (Nord), pr\u00e8s de Dunkerque<\/strong>, avait, lui aussi, \u00e9t\u00e9 \u00e9voqu\u00e9 lors des \u00ab\u00a0sonorisations\u00a0\u00bb.<\/p>\n<p class=\" wall-content\">Une information judiciaire avait donc \u00e9t\u00e9 ouverte \u00e0 la Juridiction interr\u00e9gionale sp\u00e9cialis\u00e9e (JIRS) de Rennes le 15 octobre 2021.<\/p>\n<p>Une tonne de r\u00e9sine d\u00e9couverte<\/p>\n<p class=\" wall-content\">L\u2019un de ses proches, qui tient lui aussi un garage automobile \u00e0 Rennes, avait \u00e0 son tour \u00e9t\u00e9 identifi\u00e9 par l\u2019enqu\u00eate. Les deux avaient notamment \u00e9chang\u00e9 avec d\u2019autres \u00e0 propos de l\u2019arriv\u00e9e de \u00ab\u00a012 kg de coca\u00efne\u00a0\u00bb en provenance de <strong>Bogota<\/strong> (Colombie). Les deux hommes s\u2019\u00e9taient aussi renseign\u00e9s pour importer de la coca\u00efne depuis la R\u00e9publique dominicaine.<\/p>\n<p class=\" wall-content\">Puis, en d\u00e9cembre 2021, les sonorisations avaient cette fois-ci r\u00e9v\u00e9l\u00e9 que le premier mis en cause \u00e9tait <strong>\u00ab\u00a0d\u00e9gout\u00e9\u00a0\u00bb d\u2019avoir perdu,<\/strong> \u00ab\u00a0au bled\u00a0\u00bb, <strong>une quantit\u00e9 industrielle de cannabis<\/strong> : plus d\u2019une tonne de r\u00e9sine avait en effet \u00e9t\u00e9 d\u00e9couverte par la Gendarmerie Royale de Tanger (Maroc) le 14 d\u00e9cembre 2021. Courant 2022, plusieurs s\u00e9jours \u00e0 Dunkerque (Nord), \u00e0 l\u2019arriv\u00e9e de porte-containers, avaient aussi \u00e9t\u00e9 mis en \u00e9vidence par l\u2019enqu\u00eate.<\/p>\n<p class=\" wall-content\"><strong>Les deux hommes avaient ainsi \u00e9t\u00e9 interpell\u00e9s<\/strong> le 7 mars 2023 aux c\u00f4t\u00e9s d\u2019autres protagonistes apparus dans des sonorisations. Trois autres n\u2019avaient pas pu \u00eatre \u00ab\u00a0localis\u00e9s\u00a0\u00bb et un mandat de recherche avait m\u00eame \u00e9t\u00e9 curieusement \u00ab\u00a0retir\u00e9\u00a0\u00bb en septembre 2024.<\/p>\n<p>Une nouvelle audience le 9 mai 2025<\/p>\n<p class=\" wall-content\">Les deux hommes avaient donc \u00e9t\u00e9 condamn\u00e9s par la JIRS de Rennes :<strong> l\u2019habitant de Vezin-le-Coquet avait lui \u00e9cop\u00e9 de dix ans de prison<\/strong> et son comparse \u00e0 \u00ab\u00a0cinq ans\u00a0\u00bb. Les deux avaient eu interdiction de paraitre \u00e0 Dunkerque \u00ab\u00a0pendant dix ans\u00a0\u00bb et s\u2019\u00e9taient vu infliger une amende douani\u00e8re de 18,7 millions d\u2019euros. Ils avaient fait appel de cette d\u00e9cision et l\u2019affaire avait \u00e9t\u00e9 de nouveau \u00e9voqu\u00e9e \u00e0 une audience ult\u00e9rieure, le 9 mai 2025.<\/p>\n<p class=\" wall-content\">Dans ce dossier, il n\u2019y a eu \u00ab\u00a0aucun stup\u00e9fiant saisi, pas d\u2019argent\u00a0\u00bb, avait rappel\u00e9 Me Gwendoline Tenier, l\u2019avocate du premier suspect. Les douanes avaient proc\u00e9d\u00e9 \u00e0<strong> une \u00ab\u00a0estimation\u00a0\u00bb de \u00ab\u00a0584 kg de coca\u00efne\u00a0\u00bb import\u00e9e,<\/strong> mais sans toutefois la saisir.<\/p>\n<p class=\" wall-content\">De mani\u00e8re g\u00e9n\u00e9rale, l\u2019avocate rennaise d\u00e9plorait le fait, qu\u2019en d\u00e9pit des \u00ab\u00a0connexions\u00a0\u00bb \u00e9tablies avec d\u2019autres protagonistes identifi\u00e9s lors de l\u2019affaire, aucun autre n\u2019avait \u00e9t\u00e9 renvoy\u00e9 devant la JIRS, alors que, de son point de vue, son client de 41 ans n\u2019avait \u00e9t\u00e9 qu<strong>\u2018un \u00ab\u00a0facilitateur\u00a0\u00bb et non un \u00ab\u00a0importateur\u00a0\u00bb.<\/strong><\/p>\n<p>Un pourvoi en cassation<\/p>\n<p class=\" wall-content\">Mais finalement, la cour d\u2019appel de Rennes a jug\u00e9 qu\u2019il y avait lieu <strong>d\u2019aggraver les peines prononc\u00e9es<\/strong> \u00e0 l\u2019encontre des deux hommes : le premier a donc \u00e9cop\u00e9 de 12\u00a0 ans de prison et le second de six ans.<\/p>\n<p class=\" wall-content\">Ils devront bien s\u2019acquitter de<strong> l\u2019amende douani\u00e8re<\/strong> qui a \u00e9t\u00e9 prononc\u00e9e. Ce mardi 24 juin 2025, Me Gwendoline Tenier annon\u00e7ait avoir form\u00e9 un pourvoi en cassation contre cette d\u00e9cision.<\/p>\n<p class=\" wall-content\"><strong>CB (PressPepper)<\/strong><\/p>\n<p class=\" wall-content\">Suivez toute l\u2019actualit\u00e9 de vos villes et m\u00e9dias favoris en vous inscrivant \u00e0 <a href=\"https:\/\/moncompte.actu.fr\" title=\"D\u00e9couvez Mon Actu\" rel=\"nofollow noopener\" data-trk=\"{&quot;cta&quot;:{&quot;action&quot;:&quot;https:\\\/\\\/moncompte.actu.fr&quot;,&quot;category&quot;:&quot;mon compte&quot;,&quot;from&quot;:&quot;article footer&quot;,&quot;name&quot;:&quot;Mon actu&quot;,&quot;type&quot;:&quot;cta&quot;}}\" target=\"_blank\">Mon Actu<\/a>.<\/p>\n","protected":false},"excerpt":{"rendered":"Par R\u00e9daction Rennes Publi\u00e9 le 29 juin 2025 \u00e0 18h48 La Cour d\u2019appel de Rennes a inflig\u00e9 en&hellip;\n","protected":false},"author":2,"featured_media":213779,"comment_status":"","ping_status":"","sticky":false,"template":"","format":"standard","meta":{"footnotes":""},"categories":[2821],"tags":[1111,11,829,1052,1777,674,118,1011,27,303,12,1072,584,25],"class_list":{"0":"post-213778","1":"post","2":"type-post","3":"status-publish","4":"format-standard","5":"has-post-thumbnail","7":"category-rennes","8":"tag-actu","9":"tag-actualites","10":"tag-bretagne","11":"tag-drogue","12":"tag-eu","13":"tag-europe","14":"tag-faits-divers","15":"tag-fr","16":"tag-france","17":"tag-justice","18":"tag-news","19":"tag-police","20":"tag-rennes","21":"tag-republique-francaise"},"share_on_mastodon":{"url":"https:\/\/pubeurope.com\/@fr\/114767836183767348","error":""},"_links":{"self":[{"href":"https:\/\/www.europesays.com\/fr\/wp-json\/wp\/v2\/posts\/213778","targetHints":{"allow":["GET"]}}],"collection":[{"href":"https:\/\/www.europesays.com\/fr\/wp-json\/wp\/v2\/posts"}],"about":[{"href":"https:\/\/www.europesays.com\/fr\/wp-json\/wp\/v2\/types\/post"}],"author":[{"embeddable":true,"href":"https:\/\/www.europesays.com\/fr\/wp-json\/wp\/v2\/users\/2"}],"replies":[{"embeddable":true,"href":"https:\/\/www.europesays.com\/fr\/wp-json\/wp\/v2\/comments?post=213778"}],"version-history":[{"count":0,"href":"https:\/\/www.europesays.com\/fr\/wp-json\/wp\/v2\/posts\/213778\/revisions"}],"wp:featuredmedia":[{"embeddable":true,"href":"https:\/\/www.europesays.com\/fr\/wp-json\/wp\/v2\/media\/213779"}],"wp:attachment":[{"href":"https:\/\/www.europesays.com\/fr\/wp-json\/wp\/v2\/media?parent=213778"}],"wp:term":[{"taxonomy":"category","embeddable":true,"href":"https:\/\/www.europesays.com\/fr\/wp-json\/wp\/v2\/categories?post=213778"},{"taxonomy":"post_tag","embeddable":true,"href":"https:\/\/www.europesays.com\/fr\/wp-json\/wp\/v2\/tags?post=213778"}],"curies":[{"name":"wp","href":"https:\/\/api.w.org\/{rel}","templated":true}]}}