{"id":213782,"date":"2025-06-29T17:30:16","date_gmt":"2025-06-29T17:30:16","guid":{"rendered":"https:\/\/www.europesays.com\/fr\/213782\/"},"modified":"2025-06-29T17:30:16","modified_gmt":"2025-06-29T17:30:16","slug":"strasbourg-un-detenu-decede-dans-lincendie-de-sa-cellule-a-lelsau","status":"publish","type":"post","link":"https:\/\/www.europesays.com\/fr\/213782\/","title":{"rendered":"Strasbourg. Un d\u00e9tenu d\u00e9c\u00e8de dans l\u2019incendie de sa cellule \u00e0 l\u2019Elsau"},"content":{"rendered":"<p>Aux environs de 14 h 30 ce dimanche, les surveillants de la maison d\u2019arr\u00eat de Strasbourg dans le quartier de l\u2019Elsau sont intervenus dans la cellule d\u2019un d\u00e9tenu, prise dans un incendie. Trois agents de la maison d\u2019arr\u00eat \u00e9quip\u00e9s d\u2019ARI (appareil respiratoire) et d\u2019un RIA (robinet d\u2019incendie arm\u00e9) ont extrait le d\u00e9tenu, inconscient, afin de lui prodiguer les premiers soins. Les pompiers ont \u00e9galement \u00e9t\u00e9 appel\u00e9s. L\u2019homme, dont l\u2019\u00e2ge n\u2019est pas communiqu\u00e9, n\u2019a pas pu \u00eatre r\u00e9anim\u00e9. Il est d\u00e9c\u00e9d\u00e9 au sein de la maison d\u2019arr\u00eat. <\/p>\n<p>Quatre autres cellules ont \u00e9t\u00e9 \u00e9vacu\u00e9es en raison des fum\u00e9es, mais les d\u00e9tenus concern\u00e9s ont regagn\u00e9 leur lieu de d\u00e9tention un peu plus tard, apr\u00e8s avoir \u00e9t\u00e9 examin\u00e9s par les secours, tout comme les personnels de la coursive. Il n\u2019y a pas eu de bless\u00e9 ni d\u2019hospitalisation. <\/p>\n<p>  Une enqu\u00eate ouverte<\/p>\n<p>Le parquet de Strasbourg, l\u2019officier de police judiciaire ainsi que le Samu ont \u00e9t\u00e9 imm\u00e9diatement avis\u00e9s. L\u2019\u00e9tablissement, qui d\u00e9crit un \u00ab choc \u00bb, indique qu\u2019une enqu\u00eate a \u00e9t\u00e9 ouverte pour \u00e9claircir les origines du sinistre pour l\u2019heure inconnues, intentionnelles ou accidentelles. En 2024, <a href=\"https:\/\/www.dna.fr\/faits-divers-justice\/2024\/03\/20\/incendie-a-la-maison-d-arret-un-etage-completement-evacue\" target=\"_blank\" rel=\"noopener\">un \u00e9tage entier de la maison d\u2019arr\u00eat<\/a> de Strasbourg avait \u00e9t\u00e9 \u00e9vacu\u00e9 en raison d\u2019un d\u00e9gagement de fum\u00e9e.<\/p>\n","protected":false},"excerpt":{"rendered":"Aux environs de 14 h 30 ce dimanche, les surveillants de la maison d\u2019arr\u00eat de Strasbourg dans le&hellip;\n","protected":false},"author":2,"featured_media":213783,"comment_status":"","ping_status":"","sticky":false,"template":"","format":"standard","meta":{"footnotes":""},"categories":[2820],"tags":[1111,11,2649,2880,1777,674,274,107,1011,27,775,12,25,640,2879],"class_list":{"0":"post-213782","1":"post","2":"type-post","3":"status-publish","4":"format-standard","5":"has-post-thumbnail","7":"category-strasbourg","8":"tag-actu","9":"tag-actualites","10":"tag-bas-rhin","11":"tag-edition-strasbourg","12":"tag-eu","13":"tag-europe","14":"tag-faits-divers-justice","15":"tag-fil-info","16":"tag-fr","17":"tag-france","18":"tag-grand-est","19":"tag-news","20":"tag-republique-francaise","21":"tag-strasbourg","22":"tag-strasbourg-ville"},"share_on_mastodon":{"url":"https:\/\/pubeurope.com\/@fr\/114767844043061718","error":""},"_links":{"self":[{"href":"https:\/\/www.europesays.com\/fr\/wp-json\/wp\/v2\/posts\/213782","targetHints":{"allow":["GET"]}}],"collection":[{"href":"https:\/\/www.europesays.com\/fr\/wp-json\/wp\/v2\/posts"}],"about":[{"href":"https:\/\/www.europesays.com\/fr\/wp-json\/wp\/v2\/types\/post"}],"author":[{"embeddable":true,"href":"https:\/\/www.europesays.com\/fr\/wp-json\/wp\/v2\/users\/2"}],"replies":[{"embeddable":true,"href":"https:\/\/www.europesays.com\/fr\/wp-json\/wp\/v2\/comments?post=213782"}],"version-history":[{"count":0,"href":"https:\/\/www.europesays.com\/fr\/wp-json\/wp\/v2\/posts\/213782\/revisions"}],"wp:featuredmedia":[{"embeddable":true,"href":"https:\/\/www.europesays.com\/fr\/wp-json\/wp\/v2\/media\/213783"}],"wp:attachment":[{"href":"https:\/\/www.europesays.com\/fr\/wp-json\/wp\/v2\/media?parent=213782"}],"wp:term":[{"taxonomy":"category","embeddable":true,"href":"https:\/\/www.europesays.com\/fr\/wp-json\/wp\/v2\/categories?post=213782"},{"taxonomy":"post_tag","embeddable":true,"href":"https:\/\/www.europesays.com\/fr\/wp-json\/wp\/v2\/tags?post=213782"}],"curies":[{"name":"wp","href":"https:\/\/api.w.org\/{rel}","templated":true}]}}