{"id":213788,"date":"2025-06-29T17:33:12","date_gmt":"2025-06-29T17:33:12","guid":{"rendered":"https:\/\/www.europesays.com\/fr\/213788\/"},"modified":"2025-06-29T17:33:12","modified_gmt":"2025-06-29T17:33:12","slug":"ouverture-le-dimanche-pour-les-soldes-dete-faguo-brave-linterdit-a-nantes","status":"publish","type":"post","link":"https:\/\/www.europesays.com\/fr\/213788\/","title":{"rendered":"Ouverture le dimanche pour les soldes d\u2019\u00e9t\u00e9 : Faguo brave l\u2019interdit \u00e0 Nantes"},"content":{"rendered":"<p>La boutique de v\u00eatements \u00e9co-responsable Faguo \u00e9tait la seule ouverte en centre-ville\u00a0ce dimanche apr\u00e8s-midi. Suivant l\u2019arr\u00eat\u00e9 pr\u00e9fectoral d\u2019interdiction d\u2019ouverture en ce premier dimanche depuis le d\u00e9but des soldes d\u2019\u00e9t\u00e9, les autres magasins sont rest\u00e9s porte close, hormis les commerces de bouche, les bars, les restaurants et autres glaciers.<\/p>\n<p>Les autres commerces ferm\u00e9s<\/p>\n<p>Sur la porte de la boutique situ\u00e9e rue d\u2019Orl\u00e9ans, une simple feuille scotch\u00e9e, indiquant \u00ab\u00a0ouvert\u00a0\u00bb, et les lumi\u00e8res de la vitrine allum\u00e9es, tranche avec les autres commerces de la rue d\u2019Orl\u00e9ans qui ont choisi de ne pas ouvrir leur commerce.<\/p>\n<p>L\u2019enseigne Faguo revendique une d\u00e9marche de \u00ab\u00a0mode \u00e9coresponsable\u00a0\u00bb en proposant des v\u00eatements dont l\u2019impact \u00e9cologique est le plus faible possible.  \u00a0L\u2019objectif n\u2019est pas d\u2019\u00eatre les meilleurs du monde, mais meilleur pour le monde en s\u2019am\u00e9liorant constamment. Cette route est infinie\u00a0, indique le site internet de la marque.<\/p>\n<p>Les dirigeants de la marque n\u2019avaient pu \u00eatre joints \u00e0 l\u2019heure de l\u2019\u00e9criture de ces lignes.<\/p>\n<p>\u00a0<\/p>\n","protected":false},"excerpt":{"rendered":"La boutique de v\u00eatements \u00e9co-responsable Faguo \u00e9tait la seule ouverte en centre-ville\u00a0ce dimanche apr\u00e8s-midi. Suivant l\u2019arr\u00eat\u00e9 pr\u00e9fectoral d\u2019interdiction&hellip;\n","protected":false},"author":2,"featured_media":213789,"comment_status":"","ping_status":"","sticky":false,"template":"","format":"standard","meta":{"footnotes":""},"categories":[2818],"tags":[1111,11,35342,6664,2883,1777,674,35341,1011,27,11648,766,12,14570,2636,25,11772],"class_list":{"0":"post-213788","1":"post","2":"type-post","3":"status-publish","4":"format-standard","5":"has-post-thumbnail","7":"category-nantes","8":"tag-actu","9":"tag-actualites","10":"tag-brave","11":"tag-dimanche","12":"tag-ete","13":"tag-eu","14":"tag-europe","15":"tag-faguo","16":"tag-fr","17":"tag-france","18":"tag-interdit","19":"tag-nantes","20":"tag-news","21":"tag-ouverture","22":"tag-pays-de-la-loire","23":"tag-republique-francaise","24":"tag-soldes"},"share_on_mastodon":{"url":"https:\/\/pubeurope.com\/@fr\/114767855926263431","error":""},"_links":{"self":[{"href":"https:\/\/www.europesays.com\/fr\/wp-json\/wp\/v2\/posts\/213788","targetHints":{"allow":["GET"]}}],"collection":[{"href":"https:\/\/www.europesays.com\/fr\/wp-json\/wp\/v2\/posts"}],"about":[{"href":"https:\/\/www.europesays.com\/fr\/wp-json\/wp\/v2\/types\/post"}],"author":[{"embeddable":true,"href":"https:\/\/www.europesays.com\/fr\/wp-json\/wp\/v2\/users\/2"}],"replies":[{"embeddable":true,"href":"https:\/\/www.europesays.com\/fr\/wp-json\/wp\/v2\/comments?post=213788"}],"version-history":[{"count":0,"href":"https:\/\/www.europesays.com\/fr\/wp-json\/wp\/v2\/posts\/213788\/revisions"}],"wp:featuredmedia":[{"embeddable":true,"href":"https:\/\/www.europesays.com\/fr\/wp-json\/wp\/v2\/media\/213789"}],"wp:attachment":[{"href":"https:\/\/www.europesays.com\/fr\/wp-json\/wp\/v2\/media?parent=213788"}],"wp:term":[{"taxonomy":"category","embeddable":true,"href":"https:\/\/www.europesays.com\/fr\/wp-json\/wp\/v2\/categories?post=213788"},{"taxonomy":"post_tag","embeddable":true,"href":"https:\/\/www.europesays.com\/fr\/wp-json\/wp\/v2\/tags?post=213788"}],"curies":[{"name":"wp","href":"https:\/\/api.w.org\/{rel}","templated":true}]}}