{"id":213790,"date":"2025-06-29T17:34:18","date_gmt":"2025-06-29T17:34:18","guid":{"rendered":"https:\/\/www.europesays.com\/fr\/213790\/"},"modified":"2025-06-29T17:34:18","modified_gmt":"2025-06-29T17:34:18","slug":"au-parc-de-la-gaudiniere-a-nantes-des-randonneurs-dans-les-pas-dun-tenor-lyrique","status":"publish","type":"post","link":"https:\/\/www.europesays.com\/fr\/213790\/","title":{"rendered":"Au parc de la Gaudini\u00e8re \u00e0 Nantes, des randonneurs dans les pas d\u2019un t\u00e9nor lyrique"},"content":{"rendered":"<p>Assis au pied d\u2019un douglas, un arbre r\u00e9sineux originaire d\u2019Am\u00e9rique du nord, le t\u00e9nor lyrique Vincent Karche montre quelques exercices de respiration \u00e0 une quinzaine de personnes. Elles participent, ce dimanche 29\u00a0juin au parc de la Gaudini\u00e8re, \u00e0 Nantes, \u00e0 une \u00ab\u00a0randolyric\u00a0\u00bb, organis\u00e9e dans le cadre de l\u2019\u00c9toile verte premiers pas. Ces week-ends d\u2019escapades culturelles et artistiques, imagin\u00e9s par l\u2019Association culturelle de l\u2019\u00e9t\u00e9 (ACE), se d\u00e9roulent dans des parcs, jardins et espaces naturels de la m\u00e9tropole nantaise.<\/p>\n<p>Vincent Karche, qui est aussi technicien agricole et qui a travaill\u00e9 au Burundi et au Canada, n\u2019a pas choisi le douglas au hasard\u00a0: <strong>\u00ab\u00a0C\u2019est le plus grand arbre du monde. Il d\u00e9gage une puissance de vie exceptionnelle.\u00a0\u00bb<\/strong> C\u2019est ce qu\u2019il demande aux randonneurs, chanter des vocalises, mains sur la poitrine\u00a0: <strong>\u00ab\u00a0Essayez de sentir le vivant qui est en vous\u00a0!\u00a0\u00bb<\/strong><\/p>\n<p><strong>Infos pratiques.<\/strong> La Vall\u00e9e fertile (branche de la S\u00e8vre) vendredi 25, samedi 26 et dimanche 27\u00a0juillet, \u00e0 Nantes, Rez\u00e9, Les Sorini\u00e8res et Vertou\u00a0; le Lac vivant (branche du lac de Grand-Lieu) vendredi 8, samedi 9 et dimanche 10\u00a0ao\u00fbt, \u00e0 Nantes, Bouaye, Brains, Saint-Aignan-de-Grandlieu et Saint-L\u00e9ger-les-Vignes. Gratuit. <strong>Contact\u00a0: <\/strong> <a href=\"https:\/\/www.letoileverte-premierspas.fr\/\" target=\"_blank\" rel=\"noopener\">letoileverte-premierspas.fr<\/a>.<\/p>\n<p>\u00a0<\/p>\n","protected":false},"excerpt":{"rendered":"Assis au pied d\u2019un douglas, un arbre r\u00e9sineux originaire d\u2019Am\u00e9rique du nord, le t\u00e9nor lyrique Vincent Karche montre&hellip;\n","protected":false},"author":2,"featured_media":213791,"comment_status":"","ping_status":"","sticky":false,"template":"","format":"standard","meta":{"footnotes":""},"categories":[2818],"tags":[1111,11,1777,674,1011,27,35343,35345,766,12,153,2636,14515,25,3272,35344],"class_list":{"0":"post-213790","1":"post","2":"type-post","3":"status-publish","4":"format-standard","5":"has-post-thumbnail","7":"category-nantes","8":"tag-actu","9":"tag-actualites","10":"tag-eu","11":"tag-europe","12":"tag-fr","13":"tag-france","14":"tag-gaudiniere","15":"tag-lyrique","16":"tag-nantes","17":"tag-news","18":"tag-parc","19":"tag-pays-de-la-loire","20":"tag-randonneurs","21":"tag-republique-francaise","22":"tag-saint-nazaire","23":"tag-tenor"},"share_on_mastodon":{"url":"https:\/\/pubeurope.com\/@fr\/114767860161714304","error":""},"_links":{"self":[{"href":"https:\/\/www.europesays.com\/fr\/wp-json\/wp\/v2\/posts\/213790","targetHints":{"allow":["GET"]}}],"collection":[{"href":"https:\/\/www.europesays.com\/fr\/wp-json\/wp\/v2\/posts"}],"about":[{"href":"https:\/\/www.europesays.com\/fr\/wp-json\/wp\/v2\/types\/post"}],"author":[{"embeddable":true,"href":"https:\/\/www.europesays.com\/fr\/wp-json\/wp\/v2\/users\/2"}],"replies":[{"embeddable":true,"href":"https:\/\/www.europesays.com\/fr\/wp-json\/wp\/v2\/comments?post=213790"}],"version-history":[{"count":0,"href":"https:\/\/www.europesays.com\/fr\/wp-json\/wp\/v2\/posts\/213790\/revisions"}],"wp:featuredmedia":[{"embeddable":true,"href":"https:\/\/www.europesays.com\/fr\/wp-json\/wp\/v2\/media\/213791"}],"wp:attachment":[{"href":"https:\/\/www.europesays.com\/fr\/wp-json\/wp\/v2\/media?parent=213790"}],"wp:term":[{"taxonomy":"category","embeddable":true,"href":"https:\/\/www.europesays.com\/fr\/wp-json\/wp\/v2\/categories?post=213790"},{"taxonomy":"post_tag","embeddable":true,"href":"https:\/\/www.europesays.com\/fr\/wp-json\/wp\/v2\/tags?post=213790"}],"curies":[{"name":"wp","href":"https:\/\/api.w.org\/{rel}","templated":true}]}}