{"id":213794,"date":"2025-06-29T17:36:17","date_gmt":"2025-06-29T17:36:17","guid":{"rendered":"https:\/\/www.europesays.com\/fr\/213794\/"},"modified":"2025-06-29T17:36:17","modified_gmt":"2025-06-29T17:36:17","slug":"ubb-le-toulouse-fc-repond-gentiment-aux-girondins-de-bordeaux-sur-x","status":"publish","type":"post","link":"https:\/\/www.europesays.com\/fr\/213794\/","title":{"rendered":"UBB : le Toulouse FC r\u00e9pond gentiment aux Girondins de Bordeaux sur X"},"content":{"rendered":"<p><img decoding=\"async\" src=\"https:\/\/www.europesays.com\/fr\/wp-content\/uploads\/2025\/06\/671_bebcfc87d37a4675c07845e0abeda67d.png\" alt=\"UBB : le Toulouse FC r\u00e9pond gentiment aux Girondins de Bordeaux sur X\" class=\"img-responsive mt-3\"\/><\/p>\n<p class=\"text-center mb-3\" style=\"font-size: 14px\">\u00a9 Iconsport<\/p>\n<p style=\"text-align: justify;\">La rivalit\u00e9 Bordeaux-Toulouse est toujours pr\u00e9sente sur les r\u00e9seaux sociaux. Avant la finale du Top 14 entre l\u2019UBB et le Stade Toulousain, les Girondins de Bordeaux avaient lanc\u00e9 une pique subtile sur X : \u00ab Peu importe la forme du ballon, un match contre Toulouse, \u00e7a se gagne. Allez l\u2019Union \u00bb. C&rsquo;\u00e9tait un message de soutien \u00e0 l&rsquo;Union Bordeaux B\u00e8gles.<\/p>\n<p style=\"text-align: justify;\">Mais apr\u00e8s la d\u00e9faite des Bordelais en prolongation (et le 3e titre cons\u00e9cutif des Toulousains), le Toulouse FC a r\u00e9pliqu\u00e9 avec humour : \u00ab Remontez vite Girondins pour pouvoir vivre de nouveaux Derby de la Garonne\u2026 durant lesquels on tentera d\u2019imiter nos copains Stadistes, comme lors de notre dernier duel. \u00bb<\/p>\n<p style=\"text-align: justify;\">Une r\u00e9ponse qui fait \u00e9cho \u00e0 leur derni\u00e8re confrontation en Ligue 1, ou Bordeaux avait perdu 2 \u00e0 0 en Coupe de France sur son terrain du Stade Atlantique.<\/p>\n<p style=\"text-align: justify;\">Bordeaux \u00e9volue aujourd&rsquo;hui 4e division en dessous du TFC qui joue en Ligue 1. Les Girondins ont perdu leur centre de formation et leur statut professionnel.<\/p>\n<p style=\"text-align: justify;\">Le message :<\/p>\n<p>\u00a0<\/p>\n<p>A lire &gt;&gt;\u00a0<strong><a href=\"https:\/\/www.webgirondins.com\/actualite-girondins-girondins-bordeaux-fait-son-mercato-en-vendee-et-multiplie-les-contacts-129572\" target=\"_blank\" rel=\"noopener\">Bordeaux fait son mercato en Vend\u00e9e et multiplie les contacts<\/a><\/strong><\/p>\n<p>Notre podcast court :<\/p>\n<p>\u00a0<\/p>\n<p>\u00a0<\/p>\n<p>\u00a0<\/p>\n","protected":false},"excerpt":{"rendered":"\u00a9 Iconsport La rivalit\u00e9 Bordeaux-Toulouse est toujours pr\u00e9sente sur les r\u00e9seaux sociaux. Avant la finale du Top 14&hellip;\n","protected":false},"author":2,"featured_media":213795,"comment_status":"","ping_status":"","sticky":false,"template":"","format":"standard","meta":{"footnotes":""},"categories":[2817],"tags":[1111,11,17584,3917,4402,1997,2834,1777,674,2396,20820,1011,27,35346,1987,3289,12889,12,2219,31754,5957,25,7618,2858,5487,2312,4403],"class_list":{"0":"post-213794","1":"post","2":"type-post","3":"status-publish","4":"format-standard","5":"has-post-thumbnail","7":"category-bordeaux","8":"tag-actu","9":"tag-actualites","10":"tag-apporte","11":"tag-avant","12":"tag-begles","13":"tag-bordeaux","14":"tag-entre","15":"tag-eu","16":"tag-europe","17":"tag-finale","18":"tag-fond","19":"tag-fr","20":"tag-france","21":"tag-gentiment","22":"tag-girondins","23":"tag-leur","24":"tag-message","25":"tag-news","26":"tag-nouvelle-aquitaine","27":"tag-publication","28":"tag-repond","29":"tag-republique-francaise","30":"tag-soutien","31":"tag-stade","32":"tag-toulousain","33":"tag-toulouse","34":"tag-union"},"share_on_mastodon":{"url":"https:\/\/pubeurope.com\/@fr\/114767867876287971","error":""},"_links":{"self":[{"href":"https:\/\/www.europesays.com\/fr\/wp-json\/wp\/v2\/posts\/213794","targetHints":{"allow":["GET"]}}],"collection":[{"href":"https:\/\/www.europesays.com\/fr\/wp-json\/wp\/v2\/posts"}],"about":[{"href":"https:\/\/www.europesays.com\/fr\/wp-json\/wp\/v2\/types\/post"}],"author":[{"embeddable":true,"href":"https:\/\/www.europesays.com\/fr\/wp-json\/wp\/v2\/users\/2"}],"replies":[{"embeddable":true,"href":"https:\/\/www.europesays.com\/fr\/wp-json\/wp\/v2\/comments?post=213794"}],"version-history":[{"count":0,"href":"https:\/\/www.europesays.com\/fr\/wp-json\/wp\/v2\/posts\/213794\/revisions"}],"wp:featuredmedia":[{"embeddable":true,"href":"https:\/\/www.europesays.com\/fr\/wp-json\/wp\/v2\/media\/213795"}],"wp:attachment":[{"href":"https:\/\/www.europesays.com\/fr\/wp-json\/wp\/v2\/media?parent=213794"}],"wp:term":[{"taxonomy":"category","embeddable":true,"href":"https:\/\/www.europesays.com\/fr\/wp-json\/wp\/v2\/categories?post=213794"},{"taxonomy":"post_tag","embeddable":true,"href":"https:\/\/www.europesays.com\/fr\/wp-json\/wp\/v2\/tags?post=213794"}],"curies":[{"name":"wp","href":"https:\/\/api.w.org\/{rel}","templated":true}]}}