{"id":213805,"date":"2025-06-29T17:43:12","date_gmt":"2025-06-29T17:43:12","guid":{"rendered":"https:\/\/www.europesays.com\/fr\/213805\/"},"modified":"2025-06-29T17:43:12","modified_gmt":"2025-06-29T17:43:12","slug":"en-pleine-canicule-les-lyonnais-soffrent-une-baignade-derivante-sur-le-rhone","status":"publish","type":"post","link":"https:\/\/www.europesays.com\/fr\/213805\/","title":{"rendered":"En pleine canicule, les Lyonnais s&rsquo;offrent une \u00ab\u00a0baignade d\u00e9rivante\u00a0\u00bb sur le Rh\u00f4ne"},"content":{"rendered":"<p>Accroch\u00e9s \u00e0 des bou\u00e9es orange, ils se sont laiss\u00e9s porter par le courant sur pr\u00e8s de 400 m\u00e8tres en plein c\u0153ur de la ville. <\/p>\n<p>\u00ab\u00a0C&rsquo;est tr\u00e8s sympa\u00a0\u00bb, confie encore ruisselant Olivier Perrin, venu go\u00fbter en famille les eaux fra\u00eeches du fleuve. Le quadrag\u00e9naire appr\u00e9cie ce \u00ab\u00a0tr\u00e8s bon moment\u00a0\u00bb, un r\u00e9pit alors que le thermom\u00e8tre s&rsquo;affole depuis plusieurs jours \u00e0 Lyon.<\/p>\n<p>Inspir\u00e9e d&rsquo;une tradition helv\u00e9tique populaire sur l&rsquo;Aar \u00e0 Berne, la premi\u00e8re \u00ab\u00a0baignade d\u00e9rivante\u00a0\u00bb de Lyon s&rsquo;inscrivait dans le cadre du festival entre Rh\u00f4ne et Sa\u00f4ne, organis\u00e9 depuis vendredi par la mairie \u00e9cologiste.<\/p>\n<p>Ici, pas de comp\u00e9tition, pas de chrono, il faut \u00ab\u00a0juste rejoindre l&rsquo;exp\u00e9rience\u00a0\u00bb, souligne Daniela Munoz, une Chilienne d&rsquo;une vingtaine d&rsquo;ann\u00e9es, \u00ab\u00a0particuli\u00e8rement avec cette chaleur terrible\u00a0\u00bb.<\/p>\n<p><img alt=\"Des personnes se baignent \u00e0 Lyon le 29 juin 2025\" loading=\"lazy\" decoding=\"async\" data-nimg=\"fill\" class=\" TwicCore_img__i9TC1 undefined  undefined\" style=\"position:absolute;height:100%;width:100%;left:0;top:0;right:0;bottom:0;color:transparent;background-size:cover;background-position:50% 50%;background-repeat:no-repeat;background-image:url(&quot;data:image\/svg+xml;charset=utf-8,%3Csvg xmlns='http:\/\/www.w3.org\/2000\/svg' %3E%3Cfilter id='b' color-interpolation-filters='sRGB'%3E%3CfeGaussianBlur stdDeviation='20'\/%3E%3CfeColorMatrix values='1 0 0 0 0 0 1 0 0 0 0 0 1 0 0 0 0 0 100 -1' result='s'\/%3E%3CfeFlood x='0' y='0' width='100%25' height='100%25'\/%3E%3CfeComposite operator='out' in='s'\/%3E%3CfeComposite in2='SourceGraphic'\/%3E%3CfeGaussianBlur stdDeviation='20'\/%3E%3C\/filter%3E%3Cimage width='100%25' height='100%25' x='0' y='0' preserveAspectRatio='none' style='filter: url(%23b);' href='https:\/\/pictures.laprovence.com\/cdn-cgi\/image\/blur=250\/media\/afp\/d810622cd0b043b9d27ddf8520999bad5d9c2797.jpg'\/%3E%3C\/svg%3E&quot;)\"   src=\"https:\/\/www.europesays.com\/fr\/wp-content\/uploads\/2025\/06\/d810622cd0b043b9d27ddf8520999bad5d9c2797.jpg\"\/>Des personnes se baignent \u00e0 Lyon le 29 juin 2025 PHOTO AFP \/ JEFF PACHOUD<\/p>\n<p>\u00ab\u00a0Ils se soucient vraiment de notre s\u00e9curit\u00e9: ils ont toute une \u00e9quipe de sauveteurs. Cela m&rsquo;a fait me sentir super en s\u00e9curit\u00e9\u00a0\u00bb, dit-elle en louant le travail des responsables de la s\u00e9curit\u00e9 du festival qui ont veill\u00e9 au bon d\u00e9roulement de la d\u00e9rive install\u00e9s sur des paddles.<\/p>\n<p>Comme la jeune femme, quelque 250 participants se sont inscrits pour cette d\u00e9ambulation aquatique. Par s\u00e9rie de vingt, tous les quarts d&rsquo;heure et pendant quelques heures, petits et grands se sont lanc\u00e9s dans le bain apr\u00e8s s&rsquo;\u00eatre \u00e9quip\u00e9s de leurs bou\u00e9es fluo, formant de petites taches oranges sur le vert de l&rsquo;eau et le bleu d&rsquo;un ciel sans nuage. <\/p>\n<p>\u00ab\u00a0Je trouve que c&rsquo;est une excellente initiative et \u00e0 la limite, j&rsquo;aimerais que \u00e7a se passe tous les jours\u00a0\u00bb, t\u00e9moigne Albert Fandos. Cette baignade urbaine \u00ab\u00a0fait conna\u00eetre notre milieu lyonnais\u00a0\u00bb, en permettant de d\u00e9couvrir les berges notamment, souligne-t-il.<\/p>\n<p><img alt=\"Des personnes se baignent \u00e0 Lyon le 29 juin 2025\" loading=\"lazy\" decoding=\"async\" data-nimg=\"fill\" class=\" TwicCore_img__i9TC1 undefined  undefined\" style=\"position:absolute;height:100%;width:100%;left:0;top:0;right:0;bottom:0;color:transparent;background-size:cover;background-position:50% 50%;background-repeat:no-repeat;background-image:url(&quot;data:image\/svg+xml;charset=utf-8,%3Csvg xmlns='http:\/\/www.w3.org\/2000\/svg' %3E%3Cfilter id='b' color-interpolation-filters='sRGB'%3E%3CfeGaussianBlur stdDeviation='20'\/%3E%3CfeColorMatrix values='1 0 0 0 0 0 1 0 0 0 0 0 1 0 0 0 0 0 100 -1' result='s'\/%3E%3CfeFlood x='0' y='0' width='100%25' height='100%25'\/%3E%3CfeComposite operator='out' in='s'\/%3E%3CfeComposite in2='SourceGraphic'\/%3E%3CfeGaussianBlur stdDeviation='20'\/%3E%3C\/filter%3E%3Cimage width='100%25' height='100%25' x='0' y='0' preserveAspectRatio='none' style='filter: url(%23b);' href='https:\/\/pictures.laprovence.com\/cdn-cgi\/image\/blur=250\/media\/afp\/750b3ea9757f24302a36e61e30e8f5a754fe53c1.jpg'\/%3E%3C\/svg%3E&quot;)\"   src=\"https:\/\/www.europesays.com\/fr\/wp-content\/uploads\/2025\/06\/750b3ea9757f24302a36e61e30e8f5a754fe53c1.jpg\"\/>Des personnes se baignent \u00e0 Lyon le 29 juin 2025 PHOTO AFP \/ JEFF PACHOUD<\/p>\n<p>La ville de Lyon envisage bien de p\u00e9renniser l&rsquo;exp\u00e9rience, a rappel\u00e9 le maire Gr\u00e9gory Doucet venu encourager les baigneurs.<\/p>\n<p> \u00ab\u00a0Nous avons d&rsquo;ores et d\u00e9j\u00e0 r\u00e9alis\u00e9 une \u00e9tude d&rsquo;implantation d&rsquo;une baignade en eau vive dans la Darse de la Confluence donc pour pouvoir profiter de l&rsquo;eau de la Sa\u00f4ne, \u00e7a devrait \u00eatre op\u00e9rationnel en 2027\u00a0\u00bb, a-t-il promis, jugeant ces initiatives indispensables dans le contexte du r\u00e9chauffement climatique. <\/p>\n<p>&#8211; Daniela Mu\u00f1oz, chilienne habitant \u00e0 Lyon<\/p>\n<p>\u00ab\u00a0I was really happy that they really care about our security they have a whole team of Bodyguards and that made me feel super secure super safe. So I just had to join the experience. I was super happy about it and especially now that this heat is terrible here, isn&rsquo;t it?\u00a0\u00bb<\/p>\n","protected":false},"excerpt":{"rendered":"Accroch\u00e9s \u00e0 des bou\u00e9es orange, ils se sont laiss\u00e9s porter par le courant sur pr\u00e8s de 400 m\u00e8tres&hellip;\n","protected":false},"author":2,"featured_media":213806,"comment_status":"","ping_status":"","sticky":false,"template":"","format":"standard","meta":{"footnotes":""},"categories":[1889],"tags":[17,1111,11,2430,15109,6698,1777,674,1011,27,329,151,2428,25200,12,19940,25,35347,96],"class_list":{"0":"post-213805","1":"post","2":"type-post","3":"status-publish","4":"format-standard","5":"has-post-thumbnail","7":"category-lyon","8":"tag-17","9":"tag-actu","10":"tag-actualites","11":"tag-auvergne-rhone-alpes","12":"tag-baignade","13":"tag-canicule","14":"tag-eu","15":"tag-europe","16":"tag-fr","17":"tag-france","18":"tag-france-monde","19":"tag-les","20":"tag-lyon","21":"tag-lyonnais","22":"tag-news","23":"tag-pleine","24":"tag-republique-francaise","25":"tag-soffrent","26":"tag-une"},"share_on_mastodon":{"url":"https:\/\/pubeurope.com\/@fr\/114767895255531304","error":""},"_links":{"self":[{"href":"https:\/\/www.europesays.com\/fr\/wp-json\/wp\/v2\/posts\/213805","targetHints":{"allow":["GET"]}}],"collection":[{"href":"https:\/\/www.europesays.com\/fr\/wp-json\/wp\/v2\/posts"}],"about":[{"href":"https:\/\/www.europesays.com\/fr\/wp-json\/wp\/v2\/types\/post"}],"author":[{"embeddable":true,"href":"https:\/\/www.europesays.com\/fr\/wp-json\/wp\/v2\/users\/2"}],"replies":[{"embeddable":true,"href":"https:\/\/www.europesays.com\/fr\/wp-json\/wp\/v2\/comments?post=213805"}],"version-history":[{"count":0,"href":"https:\/\/www.europesays.com\/fr\/wp-json\/wp\/v2\/posts\/213805\/revisions"}],"wp:featuredmedia":[{"embeddable":true,"href":"https:\/\/www.europesays.com\/fr\/wp-json\/wp\/v2\/media\/213806"}],"wp:attachment":[{"href":"https:\/\/www.europesays.com\/fr\/wp-json\/wp\/v2\/media?parent=213805"}],"wp:term":[{"taxonomy":"category","embeddable":true,"href":"https:\/\/www.europesays.com\/fr\/wp-json\/wp\/v2\/categories?post=213805"},{"taxonomy":"post_tag","embeddable":true,"href":"https:\/\/www.europesays.com\/fr\/wp-json\/wp\/v2\/tags?post=213805"}],"curies":[{"name":"wp","href":"https:\/\/api.w.org\/{rel}","templated":true}]}}