{"id":213811,"date":"2025-06-29T17:46:08","date_gmt":"2025-06-29T17:46:08","guid":{"rendered":"https:\/\/www.europesays.com\/fr\/213811\/"},"modified":"2025-06-29T17:46:08","modified_gmt":"2025-06-29T17:46:08","slug":"canicule-enfant-abandonne-avion-en-difficulte-le-recap-de-linfo-du-week-end-a-paris-et-en-ile-de-france","status":"publish","type":"post","link":"https:\/\/www.europesays.com\/fr\/213811\/","title":{"rendered":"Canicule, enfant abandonn\u00e9, avion en difficult\u00e9&#8230; Le r\u00e9cap de l&rsquo;info du week-end \u00e0 Paris et en \u00cele-de-France"},"content":{"rendered":"<p>            Par<br \/>\n        <strong><br \/>\n            <a href=\"https:\/\/actu.fr\/auteur\/julie-bossart-actu-fr\" title=\"Consulter tous les articles de Julie Bossart\" target=\"_blank\" rel=\"noopener\">Julie Bossart<\/a><br \/>\n        <\/strong><\/p>\n<p>        Publi\u00e9 le<\/p>\n<p>            29 juin 2025 \u00e0 19h06        <\/p>\n<p>Bien que les vacances scolaires approchent, l\u2019actualit\u00e9 ne ralentit pas. Le week-end du 28 et du 29\u00a0juin 2025 a \u00e9t\u00e9 bien dense \u00e0 <a href=\"https:\/\/actu.fr\/paris\/dernieres-actus\" target=\"_blank\" rel=\"noopener\">Paris<\/a> et en <a href=\"https:\/\/actu.fr\/ile-de-france\/\" target=\"_blank\" rel=\"noopener\">\u00cele-de-France<\/a>, entre alerte m\u00e9t\u00e9o, faits divers, probl\u00e8mes sur la route et dans les airs\u2026 Quelques infos plus l\u00e9g\u00e8res ont aussi \u00e9t\u00e9 partag\u00e9es par les r\u00e9dactions d\u2019actu. Le r\u00e9cap par ici.<\/p>\n<p class=\" wall-content\">L\u2019\u00cele-de-France a \u00e9t\u00e9 plac\u00e9e en vigilance orange canicule d\u00e8s ce dimanche midi. M\u00e9t\u00e9o-France a indiqu\u00e9 que la chaleur va continuer \u00e0 s\u2019accentuer lundi, puis mardi, avec des pointes qui pourraient atteindre parfois les 36 \u00e0 38\u00a0\u00b0C. En parall\u00e8le, les nuits seront localement \u00e9prouvantes o\u00f9 le mercure peinera \u00e0 descendre sous les 20\u00a0\u00b0C voire 23 \u00e0 24\u00a0\u00b0C en zones les plus urbanis\u00e9es.<\/p>\n<p class=\" wall-content\">Le parquet de Paris a ouvert une enqu\u00eate en d\u00e9laissement de mineur apr\u00e8s la d\u00e9couverte d\u2019un gar\u00e7onnet seul et enferm\u00e9 dans sa chambre, vendredi 27\u00a0juin 2025 au soir, dans le 20e arrondissement de Paris. Ce sont les pleurs entendus de l\u2019enfant de 10\u00a0ans entendus par un voisin, qui ont permis \u00e0 ce dernier de donner l\u2019alerte. Selon une source police cit\u00e9e par Valeurs Actuelles, le p\u00e8re \u00e9tait en d\u00e9placement professionnel \u00e0 l\u2019\u00e9tranger et avait confi\u00e9 la garde son fils \u00e0 des nourrices.<\/p>\n<p class=\" wall-content\">Orpi de la rue du Faubourg-Saint-Martin (10e) est dans la tourmente depuis que Rima Hassan a \u00e9t\u00e9 agress\u00e9e verbalement par deux de ses employ\u00e9s. Ces derniers ont \u00e9t\u00e9 licenci\u00e9s, apr\u00e8s quoi l\u2019agence immobili\u00e8re derni\u00e8re a re\u00e7u plus de 10\u2009000 avis n\u00e9gatifs sur\u00a0Google\u00a0en quelques heures et vu sa note chuter \u00e0 1,1.<\/p>\n<p class=\" wall-content\">Parti de l\u2019a\u00e9roport Roissy-Charles-de-Gaulle, samedi 28\u00a0juin 2025 \u00e0 21h24, un vol Air France a \u00e9mis un signal d\u2019urgence alors qu\u2019il approchait de sa destination, l\u2019a\u00e9roport de Stockholm-Arlanda, en Su\u00e8de. Sa trajectoire \u00e9tait \u00e9trange\u2026 Contact\u00e9e, la compagnie nationale n\u2019\u00e9tait pas revenue vers nous \u00e0 l\u2019heure o\u00f9 nous \u00e9crivions ces lignes.<\/p>\n<p>Vid\u00e9os : en ce moment sur Actu<\/p>\n<p class=\" wall-content\">Un faux d\u00e9part pour le premier site de baignade sur la Marne de Joinville-le-Pont. Inaugur\u00e9 samedi, il n\u2019a pas \u00e9t\u00e9 accessible en raison d\u2019un \u00e9pisode de pollution d\u00fb aux orages des jours pr\u00e9c\u00e9dents. Les habitants, qui s\u2019\u00e9taient d\u00e9plac\u00e9s en nombre, ont \u00e9t\u00e9 frustr\u00e9s, mais compr\u00e9hensifs. Leur sagesse a \u00e9t\u00e9 r\u00e9compens\u00e9e, la baignade ayant \u00e9t\u00e9 autoris\u00e9e pour la journ\u00e9e de dimanche.<\/p>\n<p class=\" wall-content\">La Police nationale a lanc\u00e9 un appel \u00e0 t\u00e9moins \u00e0 la suite de la disparition inqui\u00e9tante d\u2019une adolescente \u00e0 Rambouillet.\u00a0Fatimata Sow s\u2019est \u00e9chapp\u00e9e de l\u2019h\u00f4pital local aux alentours de 23\u2009h\u200930, vendredi.\u00a0De\u00a0corpulence fine, l\u2019adolescente mesure 1m62. Elle a le visage fin et allong\u00e9, les yeux de couleur marron, les cheveux cr\u00e9pus et mi-longs, attach\u00e9s en chignon.<\/p>\n<p class=\" wall-content\">Au moment de sa disparition, elle portait un haut noir, un pantalon vert et des baskets noires avec des lacets blancs.\u00a0Toute personne ayant des informations \u00e0 son sujet peut contacter le commissariat de Rambouillet au\u00a001\u200930\u200946\u200927\u200954\u00a0ou composer le 17.<\/p>\n<p class=\" wall-content\">Huit \u00e9quipes fran\u00e7aises de Chase tag, ce sport bas\u00e9 sur le principe du jeu du \u00ab\u2009chat et de la souris\u2009\u00bb, vont s\u2019affronter samedi 5\u00a0juillet 2025 \u00e0 \u00c9vry-Courcouronnes lors du World Chase Tag 7 France. La comp\u00e9tition offre non seulement au gagnant le titre de champion de France mais aussi aux trois meilleures \u00e9quipes des places pour les championnats du monde de la discipline.<\/p>\n<p class=\" wall-content\">Les sapeurs-pompiers sont intervenus, samedi 28\u00a0juin 2025, \u00e0 19h30, pour un accident de la circulation, rue Daniel-Sorano, \u00e0 Goussainville.\u00a0Dans des circonstances qui restent \u00e0 d\u00e9terminer, un quad a percut\u00e9 une voiture.\u00a0Deux enfants, occupants du quad, ont \u00e9t\u00e9 bless\u00e9s dans la collision.\u00a0Pris en charge par les secours, un petit gar\u00e7on, \u00e2g\u00e9 de 10\u00a0ans, se trouvait en urgence absolue. Une fillette de 11\u00a0ans \u00e9tait en urgence relative.<\/p>\n<p class=\" wall-content\">Suivez toute l\u2019actualit\u00e9 de vos villes et m\u00e9dias favoris en vous inscrivant \u00e0 <a href=\"https:\/\/moncompte.actu.fr\" title=\"D\u00e9couvez Mon Actu\" rel=\"nofollow noopener\" data-trk=\"{&quot;cta&quot;:{&quot;action&quot;:&quot;https:\\\/\\\/moncompte.actu.fr&quot;,&quot;category&quot;:&quot;mon compte&quot;,&quot;from&quot;:&quot;article footer&quot;,&quot;name&quot;:&quot;Mon actu&quot;,&quot;type&quot;:&quot;cta&quot;}}\" target=\"_blank\">Mon Actu<\/a>.<\/p>\n","protected":false},"excerpt":{"rendered":"Par Julie Bossart Publi\u00e9 le 29 juin 2025 \u00e0 19h06 Bien que les vacances scolaires approchent, l\u2019actualit\u00e9 ne&hellip;\n","protected":false},"author":2,"featured_media":213812,"comment_status":"","ping_status":"","sticky":false,"template":"","format":"standard","meta":{"footnotes":""},"categories":[1592],"tags":[119,1111,11,10045,6698,1777,674,1011,27,662,12,626,25,104],"class_list":{"0":"post-213811","1":"post","2":"type-post","3":"status-publish","4":"format-standard","5":"has-post-thumbnail","7":"category-ile-de-france","8":"tag-accident","9":"tag-actu","10":"tag-actualites","11":"tag-aeroport-roissy-charles-de-gaulle","12":"tag-canicule","13":"tag-eu","14":"tag-europe","15":"tag-fr","16":"tag-france","17":"tag-ile-de-france","18":"tag-news","19":"tag-paris","20":"tag-republique-francaise","21":"tag-societe"},"share_on_mastodon":{"url":"","error":""},"_links":{"self":[{"href":"https:\/\/www.europesays.com\/fr\/wp-json\/wp\/v2\/posts\/213811","targetHints":{"allow":["GET"]}}],"collection":[{"href":"https:\/\/www.europesays.com\/fr\/wp-json\/wp\/v2\/posts"}],"about":[{"href":"https:\/\/www.europesays.com\/fr\/wp-json\/wp\/v2\/types\/post"}],"author":[{"embeddable":true,"href":"https:\/\/www.europesays.com\/fr\/wp-json\/wp\/v2\/users\/2"}],"replies":[{"embeddable":true,"href":"https:\/\/www.europesays.com\/fr\/wp-json\/wp\/v2\/comments?post=213811"}],"version-history":[{"count":0,"href":"https:\/\/www.europesays.com\/fr\/wp-json\/wp\/v2\/posts\/213811\/revisions"}],"wp:featuredmedia":[{"embeddable":true,"href":"https:\/\/www.europesays.com\/fr\/wp-json\/wp\/v2\/media\/213812"}],"wp:attachment":[{"href":"https:\/\/www.europesays.com\/fr\/wp-json\/wp\/v2\/media?parent=213811"}],"wp:term":[{"taxonomy":"category","embeddable":true,"href":"https:\/\/www.europesays.com\/fr\/wp-json\/wp\/v2\/categories?post=213811"},{"taxonomy":"post_tag","embeddable":true,"href":"https:\/\/www.europesays.com\/fr\/wp-json\/wp\/v2\/tags?post=213811"}],"curies":[{"name":"wp","href":"https:\/\/api.w.org\/{rel}","templated":true}]}}