{"id":21382,"date":"2025-04-13T04:47:30","date_gmt":"2025-04-13T04:47:30","guid":{"rendered":"https:\/\/www.europesays.com\/fr\/21382\/"},"modified":"2025-04-13T04:47:30","modified_gmt":"2025-04-13T04:47:30","slug":"nm3-brest-metropole-doit-relever-la-tete-en-recevant-nantes","status":"publish","type":"post","link":"https:\/\/www.europesays.com\/fr\/21382\/","title":{"rendered":"NM3\u00a0: Brest M\u00e9tropole doit relever la t\u00eate en recevant Nantes"},"content":{"rendered":"<p>NM3. Brest M\u00e9tropole &#8211; Saint-Rogatien Nantes (samedi, 20h)<\/p>\n<p>Logiquement battus \u00e0 Rez\u00e9 samedi dernier (90-63), les Brestois occupent, d\u00e9sormais, la place de premier rel\u00e9gable de la division. Une situation compliqu\u00e9e mais pas r\u00e9dhibitoire pour l\u2019entra\u00eeneur Romain Le Cossec. \u00ab\u00a0C\u2019est d\u00e9cevant parce qu\u2019on aurait pu \u00eatre mieux class\u00e9s avec deux matchs qui nous ont \u00e9chapp\u00e9 contre Bayeux et Pornic, expose-t-il. Plus globalement, au regard de l\u2019effectif qu\u2019on alignait en d\u00e9but de saison, on aurait d\u00fb \u00eatre dans le top cinq du classement. Les blessures en ont voulu autrement et chaque match qu\u2019on joue, aujourd\u2019hui, doit \u00eatre un combat pour la survie\u00a0\u00bb.<\/p>\n<p>Ne pas compter sur un rep\u00eachage<\/p>\n<p>Du reste, celui de ce samedi devant Saint-Rogatien Nantes n\u2019\u00e9chappe pas \u00e0 cette logique et le coach sait qu\u2019il faudra des Brestois surmotiv\u00e9s pour contourner des Lig\u00e9riens qui les avaient surclass\u00e9s au match aller (116-82). \u00ab\u00a0Ils avaient eu une adresse incroyable\u2026 se souvient le coach brestois. Apr\u00e8s, on sait qu\u2019on doit axer notre effort sur la d\u00e9fense car on est capable de scorer 80-90 points en attaque. Mais, au plan d\u00e9fensif, il faudra opter pour une attitude de guerrier.\u00a0\u00bb<\/p>\n<p>Mais Romain Le Cossec n\u2019envisage autre chose que le maintien sportif de Brest M\u00e9tropole. \u00ab\u00a0Avec Franck (V\u00e9rove), on y croit vraiment parce qu\u2019on a les joueurs pour le faire. Il faut juste qu\u2019ils mettent toute leur \u00e9nergie pour le faire durant quarante minutes, pas seulement vingt\u00a0\u00bb, r\u00e9clame-t-il.<\/p>\n<p>Pour rappel, dans ce championnat de N3, ce sont les quatre derniers du classement qui sont rel\u00e9gu\u00e9s. Toutefois, compte-tenu de son ranking et de la possibilit\u00e9 que Quimper acc\u00e8de \u00e0 la Pro B et que son \u00e9quipe r\u00e9serve lib\u00e8re de facto une place bretonne en NM3, les chances de rep\u00eachages seraient r\u00e9elles. \u00ab\u00a0Oui mais autant se sauver sportivement pour \u00e9viter toute d\u00e9sillusion\u00a0\u00bb, conclut l\u2019entra\u00eeneur nord-finist\u00e9rien.<\/p>\n","protected":false},"excerpt":{"rendered":"NM3. Brest M\u00e9tropole &#8211; Saint-Rogatien Nantes (samedi, 20h) Logiquement battus \u00e0 Rez\u00e9 samedi dernier (90-63), les Brestois occupent,&hellip;\n","protected":false},"author":2,"featured_media":21383,"comment_status":"","ping_status":"","sticky":false,"template":"","format":"standard","meta":{"footnotes":""},"categories":[2818],"tags":[1111,11,1465,1791,3450,1777,674,1011,27,766,12,2636,25,60],"class_list":{"0":"post-21382","1":"post","2":"type-post","3":"status-publish","4":"format-standard","5":"has-post-thumbnail","7":"category-nantes","8":"tag-actu","9":"tag-actualites","10":"tag-basket","11":"tag-basket-ball","12":"tag-brest","13":"tag-eu","14":"tag-europe","15":"tag-fr","16":"tag-france","17":"tag-nantes","18":"tag-news","19":"tag-pays-de-la-loire","20":"tag-republique-francaise","21":"tag-sports"},"share_on_mastodon":{"url":"https:\/\/pubeurope.com\/@fr\/114328845970385868","error":""},"_links":{"self":[{"href":"https:\/\/www.europesays.com\/fr\/wp-json\/wp\/v2\/posts\/21382","targetHints":{"allow":["GET"]}}],"collection":[{"href":"https:\/\/www.europesays.com\/fr\/wp-json\/wp\/v2\/posts"}],"about":[{"href":"https:\/\/www.europesays.com\/fr\/wp-json\/wp\/v2\/types\/post"}],"author":[{"embeddable":true,"href":"https:\/\/www.europesays.com\/fr\/wp-json\/wp\/v2\/users\/2"}],"replies":[{"embeddable":true,"href":"https:\/\/www.europesays.com\/fr\/wp-json\/wp\/v2\/comments?post=21382"}],"version-history":[{"count":0,"href":"https:\/\/www.europesays.com\/fr\/wp-json\/wp\/v2\/posts\/21382\/revisions"}],"wp:featuredmedia":[{"embeddable":true,"href":"https:\/\/www.europesays.com\/fr\/wp-json\/wp\/v2\/media\/21383"}],"wp:attachment":[{"href":"https:\/\/www.europesays.com\/fr\/wp-json\/wp\/v2\/media?parent=21382"}],"wp:term":[{"taxonomy":"category","embeddable":true,"href":"https:\/\/www.europesays.com\/fr\/wp-json\/wp\/v2\/categories?post=21382"},{"taxonomy":"post_tag","embeddable":true,"href":"https:\/\/www.europesays.com\/fr\/wp-json\/wp\/v2\/tags?post=21382"}],"curies":[{"name":"wp","href":"https:\/\/api.w.org\/{rel}","templated":true}]}}