{"id":213837,"date":"2025-06-29T18:00:12","date_gmt":"2025-06-29T18:00:12","guid":{"rendered":"https:\/\/www.europesays.com\/fr\/213837\/"},"modified":"2025-06-29T18:00:12","modified_gmt":"2025-06-29T18:00:12","slug":"dans-un-championnat-de-france-il-ny-a-que-la-gagne-qui-compte-regrette-kevin-vauquelin-apres-sa-troisieme-place-sur-le-championnat-de-france","status":"publish","type":"post","link":"https:\/\/www.europesays.com\/fr\/213837\/","title":{"rendered":"\u00ab\u00a0Dans un championnat de France, il n\u2019y a que la gagne qui compte\u2026\u00a0\u00bb, regrette K\u00e9vin Vauquelin apr\u00e8s sa troisi\u00e8me place sur le championnat de France"},"content":{"rendered":"<p>Championnats de France professionnels aux HerbiersVous obtenez votre deuxi\u00e8me podium dans ces championnats de France, apr\u00e8s votre deuxi\u00e8me place sur le chrono. Quel sentiment domine\u00a0?<\/p>\n<p>Quand je vois mes jambes, il y avait quand m\u00eame mieux \u00e0 faire\u2026 Dans un championnat de France, il n\u2019y a que la gagne qui compte. Les deuxi\u00e8mes et troisi\u00e8mes, on ne s\u2019en rappelle pas. Le final a \u00e9t\u00e9 difficile \u00e0 g\u00e9rer. Je sautais un peu sur tous les coups car certaines \u00e9quipes \u00e9taient en surnombre, notamment Groupama-FDJ. Ce n\u2019\u00e9tait pas \u00e9vident de jongler avec tout \u00e7a.<\/p>\n<p>Malgr\u00e9 tout, quelle saveur a cette nouvelle m\u00e9daille\u00a0?<\/p>\n<p>Elle vient d\u2019abord saluer l\u2019investissement des derni\u00e8res semaines. Tout l\u2019\u00e9tat d\u2019esprit qu\u2019on a pu avoir. Au moins, elle me permet de remercier le travail de l\u2019\u00e9quipe. Aujourd\u2019hui, mes co\u00e9quipiers ont sacrifi\u00e9 leur course pour moi. Au d\u00e9but, on a pris la course \u00e0 l\u2019envers et ils ont roul\u00e9 pour me permettre de ne pas mettre un coup de p\u00e9dale. L\u00e9andre Lozouet a mis des gros relais, Victor Guernalec a \u00e9t\u00e9 tr\u00e8s fort, des coureurs exp\u00e9riment\u00e9s comme Arnaud D\u00e9mare ou Anthony Delaplace m\u2019ont canalis\u00e9. Je pourrais tous les citer. Je leur tire mon chapeau.<\/p>\n<p>Avec du recul, est-ce qu\u2019attendre le sprint \u00e9tait la bonne solution\u00a0?<\/p>\n<p>Dans le dernier tour, j\u2019ai quand m\u00eame tent\u00e9 ma chance pour aller chercher Paul (Lapeira). C\u2019\u00e9tait le bon moment mais \u00e7a n\u2019a pas march\u00e9. Apr\u00e8s, c\u2019\u00e9tait moins en ma faveur et j\u2019ai pari\u00e9 sur le sprint.<\/p>\n<p>La course a-t-elle \u00e9t\u00e9 assez difficile\u00a0?<\/p>\n<p>C\u2019est un de mes regrets. \u00c0 l\u2019arriv\u00e9e, malgr\u00e9 la chaleur, je me sentais toujours assez frais. C\u2019est le signe que la forme est l\u00e0, mais \u00e7a me pousse aussi \u00e0 me demander ce qui aurait pu se passer si j\u2019avais tout donn\u00e9 jusqu\u2019\u00e0 finir mort\u2026<\/p>\n<p>Vous \u00e9tiez tout de m\u00eame isol\u00e9 face \u00e0 des \u00e9quipes en surnombre comme Groupama-FDJ et Decathlon.<\/p>\n<p>L\u00e0, je dois reconna\u00eetre que je n\u2019ai plus envie de voir de maillot bleu (rires). La FDJ ne m\u2019a jamais l\u00e2ch\u00e9 la roue. Ils ont jou\u00e9 toute la course avec notre mental. Dans un championnat de France, il faut savoir jouer. C\u2019est une partie de poker plus qu\u2019une course de v\u00e9lo. Rien n\u2019est pr\u00e9visible. Je suis content qu\u2019on les coiffe \u00e0 la fin.<\/p>\n<p>Dans le sprint final, vous avez cru \u00e0 la victoire\u00a0?<\/p>\n<p>J\u2019avais confiance en mes jambes. Quand j\u2019ai vu le panneau \u00ab\u00a0200 m de l\u2019arriv\u00e9e\u00a0\u00bb, je me suis dit qu\u2019il y avait quelque chose \u00e0 jouer. Mais au final, je n\u2019ai peut-\u00eatre pas suffisamment cru en moi et j\u2019ai un peu cal\u00e9\u2026 De l\u00e0 \u00e0 gagner, je ne sais pas. Dorian est un des meilleurs du monde sur un tel effort. Je suis content qu\u2019il gagne, c\u2019est une belle personne. Mais j\u2019aurais pu me rapprocher de lui.<\/p>\n","protected":false},"excerpt":{"rendered":"Championnats de France professionnels aux HerbiersVous obtenez votre deuxi\u00e8me podium dans ces championnats de France, apr\u00e8s votre deuxi\u00e8me&hellip;\n","protected":false},"author":2,"featured_media":213838,"comment_status":"","ping_status":"","sticky":false,"template":"","format":"standard","meta":{"footnotes":""},"categories":[4],"tags":[11,34378,207,1011,27,12,2427,25,60],"class_list":{"0":"post-213837","1":"post","2":"type-post","3":"status-publish","4":"format-standard","5":"has-post-thumbnail","7":"category-france","8":"tag-actualites","9":"tag-arkea-bb-hotels","10":"tag-cyclisme","11":"tag-fr","12":"tag-france","13":"tag-news","14":"tag-professionnels","15":"tag-republique-francaise","16":"tag-sports"},"share_on_mastodon":{"url":"https:\/\/pubeurope.com\/@fr\/114767962119297982","error":""},"_links":{"self":[{"href":"https:\/\/www.europesays.com\/fr\/wp-json\/wp\/v2\/posts\/213837","targetHints":{"allow":["GET"]}}],"collection":[{"href":"https:\/\/www.europesays.com\/fr\/wp-json\/wp\/v2\/posts"}],"about":[{"href":"https:\/\/www.europesays.com\/fr\/wp-json\/wp\/v2\/types\/post"}],"author":[{"embeddable":true,"href":"https:\/\/www.europesays.com\/fr\/wp-json\/wp\/v2\/users\/2"}],"replies":[{"embeddable":true,"href":"https:\/\/www.europesays.com\/fr\/wp-json\/wp\/v2\/comments?post=213837"}],"version-history":[{"count":0,"href":"https:\/\/www.europesays.com\/fr\/wp-json\/wp\/v2\/posts\/213837\/revisions"}],"wp:featuredmedia":[{"embeddable":true,"href":"https:\/\/www.europesays.com\/fr\/wp-json\/wp\/v2\/media\/213838"}],"wp:attachment":[{"href":"https:\/\/www.europesays.com\/fr\/wp-json\/wp\/v2\/media?parent=213837"}],"wp:term":[{"taxonomy":"category","embeddable":true,"href":"https:\/\/www.europesays.com\/fr\/wp-json\/wp\/v2\/categories?post=213837"},{"taxonomy":"post_tag","embeddable":true,"href":"https:\/\/www.europesays.com\/fr\/wp-json\/wp\/v2\/tags?post=213837"}],"curies":[{"name":"wp","href":"https:\/\/api.w.org\/{rel}","templated":true}]}}