{"id":213849,"date":"2025-06-29T18:08:08","date_gmt":"2025-06-29T18:08:08","guid":{"rendered":"https:\/\/www.europesays.com\/fr\/213849\/"},"modified":"2025-06-29T18:08:08","modified_gmt":"2025-06-29T18:08:08","slug":"cyclisme-championnats-despagne-ivan-romeo-devient-champion-despagne-a-21-ans","status":"publish","type":"post","link":"https:\/\/www.europesays.com\/fr\/213849\/","title":{"rendered":"Cyclisme. Championnats d&rsquo;Espagne &#8211; Ivan Romeo devient champion d&rsquo;Espagne \u00e0 21 ans"},"content":{"rendered":"<p>Carton plein pour l&rsquo;\u00e9quipe <strong>Movistar<\/strong> sur les courses en ligne du\u00a0<strong>Championnat d&rsquo;Espagne<\/strong>. Quelques heures apr\u00e8s le sacre de\u00a0<strong><a href=\"https:\/\/www.cyclismactu.net\/..\/news-championnats-d-espagne-route-sara-martin-enfin-titree-mavi-garcia-battue-sprint-88616.html\" target=\"_blank\" rel=\"noopener\">Sara Martin<\/a><\/strong>, c&rsquo;est son homologue masculin de la WorldTeam ib\u00e9rique <strong><a href=\"https:\/\/www.cyclismactu.net\/..\/news-criterium-du-dauphine-route-ivan-romeo-je-ne-suis-pas-carlos-alcaraz-88288.html\" target=\"_blank\" rel=\"noopener\">Ivan Romeo<\/a><\/strong> qui s&rsquo;est impos\u00e9 ce dimanche pour d\u00e9crocher \u00e0 21 ans son tout premier titre national chez les Elites. A l&rsquo;issue d&rsquo;un parcours long de\u00a0191.4 km, le natif de\u00a0Valladolid a r\u00e9alis\u00e9 un num\u00e9ro en solitaire dans les 20 derni\u00e8res bornes pour devenir champion d&rsquo;Espagne \u00e0 Grenade, devan\u00e7ant de 56 secondes\u00a0<strong>Fernando Barcel\u00f3<\/strong> (Caja Rural-Seguros RGA) et de 1&rsquo;53\u00a0\u00bb\u00a0<strong>Roger Adri\u00e0<\/strong> (Red Bull-BORA-hansgrohe), qui a r\u00e9gl\u00e9 au sprint\u00a0<strong>Juan Pedro Lopez<\/strong> (Lidl-Trek) pour la 3e place. <\/p>\n<p>Vid\u00e9o &#8211; Ivan Romeo avait brill\u00e9 sur le Crit\u00e9rium du Dauphin\u00e9 Lire la suite de l&rsquo;article&#13;<\/p>\n<blockquote class=\"twitter-tweet\" style=\"width:100%!important;max-width:550px!important;min-width:250px;height:500px;\" data-media-max-width=\"560\"><p>&#13;<\/p>\n<p dir=\"ltr\" lang=\"es\">?? <a href=\"https:\/\/twitter.com\/hashtag\/cegranada25?src=hash&amp;ref_src=twsrc%5Etfw\" target=\"_blank\" rel=\"noopener\">#cegranada25<\/a> &#8211; ? \u00a1????? ????? ?? ???????!<a href=\"https:\/\/twitter.com\/hashtag\/RodamosJuntos?src=hash&amp;ref_src=twsrc%5Etfw\" target=\"_blank\" rel=\"noopener\">#RodamosJuntos<\/a> I <a href=\"https:\/\/twitter.com\/movistar_es?ref_src=twsrc%5Etfw\" target=\"_blank\" rel=\"noopener\">@movistar_es<\/a> <a href=\"https:\/\/t.co\/dk0XtONbGB\">pic.twitter.com\/dk0XtONbGB<\/a><\/p>\n<p>&#13;<br \/>\n\u2014 Movistar Team (@Movistar_Team) <a href=\"https:\/\/twitter.com\/Movistar_Team\/status\/1939365718287356377?ref_src=twsrc%5Etfw\" target=\"_blank\" rel=\"noopener\">June 29, 2025<\/a><\/p><\/blockquote>\n<p>&#13;<br \/>\n&#13;<\/p>\n<p>\u00a0<\/p>\n<p>&#13;<\/p>\n<p>Le r\u00e9cent vainqueur d&rsquo;\u00e9tape sur le <strong>Crit\u00e9rium du Dauphin\u00e9<\/strong> et 4e du chrono vendredi confirme sa tr\u00e8s bonne forme du moment et devrait arborer son maillot de champion d&rsquo;Espagne sur les routes du prochain <strong><a href=\"https:\/\/www.cyclismactu.net\/..\/news-tour-de-france-route-la-startlist-du-tour-de-france-2025-avec-dernieres-infos-88207.html\" target=\"_blank\" rel=\"noopener\">Tour de France<\/a><\/strong> (5-27 juillet).<\/p>\n<p>Championnats d&rsquo;Espagne &#8211; Course en ligne Hommes &#8211; Classement g\u00e9n\u00e9ral<script async src=\"https:\/\/platform.twitter.com\/widgets.js\" charset=\"utf-8\"><\/script><\/p>\n","protected":false},"excerpt":{"rendered":"Carton plein pour l&rsquo;\u00e9quipe Movistar sur les courses en ligne du\u00a0Championnat d&rsquo;Espagne. Quelques heures apr\u00e8s le sacre de\u00a0Sara&hellip;\n","protected":false},"author":2,"featured_media":213850,"comment_status":"","ping_status":"","sticky":false,"template":"","format":"standard","meta":{"footnotes":""},"categories":[1411],"tags":[34841,1154,207,1011,27,209,60,208],"class_list":{"0":"post-213849","1":"post","2":"type-post","3":"status-publish","4":"format-standard","5":"has-post-thumbnail","7":"category-cyclisme","8":"tag-championnats-d","9":"tag-cycling","10":"tag-cyclisme","11":"tag-fr","12":"tag-france","13":"tag-route","14":"tag-sports","15":"tag-velo"},"share_on_mastodon":{"url":"https:\/\/pubeurope.com\/@fr\/114767993488584019","error":""},"_links":{"self":[{"href":"https:\/\/www.europesays.com\/fr\/wp-json\/wp\/v2\/posts\/213849","targetHints":{"allow":["GET"]}}],"collection":[{"href":"https:\/\/www.europesays.com\/fr\/wp-json\/wp\/v2\/posts"}],"about":[{"href":"https:\/\/www.europesays.com\/fr\/wp-json\/wp\/v2\/types\/post"}],"author":[{"embeddable":true,"href":"https:\/\/www.europesays.com\/fr\/wp-json\/wp\/v2\/users\/2"}],"replies":[{"embeddable":true,"href":"https:\/\/www.europesays.com\/fr\/wp-json\/wp\/v2\/comments?post=213849"}],"version-history":[{"count":0,"href":"https:\/\/www.europesays.com\/fr\/wp-json\/wp\/v2\/posts\/213849\/revisions"}],"wp:featuredmedia":[{"embeddable":true,"href":"https:\/\/www.europesays.com\/fr\/wp-json\/wp\/v2\/media\/213850"}],"wp:attachment":[{"href":"https:\/\/www.europesays.com\/fr\/wp-json\/wp\/v2\/media?parent=213849"}],"wp:term":[{"taxonomy":"category","embeddable":true,"href":"https:\/\/www.europesays.com\/fr\/wp-json\/wp\/v2\/categories?post=213849"},{"taxonomy":"post_tag","embeddable":true,"href":"https:\/\/www.europesays.com\/fr\/wp-json\/wp\/v2\/tags?post=213849"}],"curies":[{"name":"wp","href":"https:\/\/api.w.org\/{rel}","templated":true}]}}