{"id":213855,"date":"2025-06-29T18:11:09","date_gmt":"2025-06-29T18:11:09","guid":{"rendered":"https:\/\/www.europesays.com\/fr\/213855\/"},"modified":"2025-06-29T18:11:09","modified_gmt":"2025-06-29T18:11:09","slug":"sur-arte-le-peintre-paul-cezanne-en-son-pays-aixois","status":"publish","type":"post","link":"https:\/\/www.europesays.com\/fr\/213855\/","title":{"rendered":"sur Arte, le peintre Paul C\u00e9zanne en son pays aixois"},"content":{"rendered":"<p>Li\u00e9 aux impressionnistes \u00e0 ses d\u00e9buts \u00e0 Paris, Paul C\u00e9zanne est rest\u00e9 ind\u00e9fectiblement attach\u00e9 \u00e0 sa Provence natale. En retra\u00e7ant le parcours de ce fils de banquier qui pr\u00e9f\u00e9ra embrasser la peinture plut\u00f4t que de succ\u00e9der \u00e0 son p\u00e8re, ce documentaire, diffus\u00e9 sur Arte \u00e0 l\u2019occasion de la grande exposition consacr\u00e9e au peintre par la ville d\u2019Aix-en-Provence, s\u2019attache aux lieux aixois qui l\u2019ont inspir\u00e9.<\/p>\n<p>Le Jas de Bouffan, la bastide familiale o\u00f9 le jeune C\u00e9zanne exer\u00e7a ses pinceaux en d\u00e9corant tout le salon, vient de livrer ainsi ses derniers secrets. Si la plupart de ses peintures en avaient \u00e9t\u00e9 d\u00e9tach\u00e9es et vendues \u00e0 de grands mus\u00e9es, la ville d\u2019<a href=\"https:\/\/www.la-croix.com\/culture\/a-aix-en-provence-un-projet-immobilier-menace-un-paysage-peint-par-cezanne-20250521\" data-tracking=\"inpage_click\" data-tracking-action=\"suivre un lien dans l&#039;article\" data-tracking-category=\"engagement\" rel=\"nofollow noopener\" target=\"_blank\">Aix-en-Provence<\/a> \u2013 aujourd\u2019hui propri\u00e9taire \u2013 a exhum\u00e9 sous les enduits la repr\u00e9sentation d\u2019une entr\u00e9e de port, un m\u00e9daillon orn\u00e9 d\u2019une V\u00e9nus et des gypseries color\u00e9es, qu\u2019elle d\u00e9voile aujourd\u2019hui aux visiteurs.<\/p>\n<p>Incompris puis c\u00e9l\u00e9br\u00e9<\/p>\n<p>Autre site cl\u00e9 pour C\u00e9zanne\u00a0: le mus\u00e9e d\u2019Aix o\u00f9 il se forma au dessin et d\u00e9couvrit notamment Les Joueurs de cartes des fr\u00e8res Le Nain, un motif repris dans plusieurs de ses \u0153uvres. Mais bien s\u00fbr ce sont surtout les paysages alentour, des carri\u00e8res de Bib\u00e9mus jusqu\u2019\u00e0 la montagne Sainte-Victoire qui allaient, par leur g\u00e9ologie puissante, lui fournir ses motifs de pr\u00e9dilection. La cam\u00e9ra de Grit Lederer s\u2019y attarde en compagnie de J\u00e9r\u00e9mie Setton, professeur \u00e0 l\u2019\u00c9cole sup\u00e9rieure d\u2019art d\u2019Aix et de ses \u00e9l\u00e8ves.<\/p>\n<p>Elle donne aussi la parole \u00e0 Philippe C\u00e9zanne, l\u2019arri\u00e8re-petit-fils du peintre, ainsi qu\u2019\u00e0 l\u2019historien d\u2019art Denis Coutagne qui \u0153uvra grandement \u00e0 Aix \u00e0 assurer la reconnaissance de l\u2019artiste, puis \u00e0 son successeur \u00e0 la t\u00eate du Mus\u00e9e Granet, Bruno \u00c9ly. Peintre au couteau, pr\u00e9figurant le cubisme par sa g\u00e9om\u00e9trisation des formes, C\u00e9zanne, aujourd\u2019hui c\u00e9l\u00e9br\u00e9, fut longtemps incompris en son pays car beaucoup trop radical dans ses innovations.<\/p>\n<p>\n            \u00ab Paul C\u00e9zanne, pionnier de l\u2019art moderne \u00bb\n        <\/p>\n<p>Sur Arte, dimanche 29\u00a0juin \u00e0 18\u00a0heures et sur <a href=\"https:\/\/www.arte.tv\/fr\/videos\/124811-000-A\/paul-cezanne-pionnier-de-l-art-moderne\/\" rel=\"nofollow noopener\" target=\"_blank\">arte.tv<\/a> jusqu\u2019au 26\u00a0septembre<\/p>\n","protected":false},"excerpt":{"rendered":"Li\u00e9 aux impressionnistes \u00e0 ses d\u00e9buts \u00e0 Paris, Paul C\u00e9zanne est rest\u00e9 ind\u00e9fectiblement attach\u00e9 \u00e0 sa Provence natale.&hellip;\n","protected":false},"author":2,"featured_media":213856,"comment_status":"","ping_status":"","sticky":false,"template":"","format":"standard","meta":{"footnotes":""},"categories":[1358],"tags":[1348,1384,1385,1386,58,59,1011,27],"class_list":{"0":"post-213855","1":"post","2":"type-post","3":"status-publish","4":"format-standard","5":"has-post-thumbnail","7":"category-arts-et-design","8":"tag-arts","9":"tag-arts-and-design","10":"tag-arts-et-design","11":"tag-design","12":"tag-divertissement","13":"tag-entertainment","14":"tag-fr","15":"tag-france"},"share_on_mastodon":{"url":"https:\/\/pubeurope.com\/@fr\/114768005305656928","error":""},"_links":{"self":[{"href":"https:\/\/www.europesays.com\/fr\/wp-json\/wp\/v2\/posts\/213855","targetHints":{"allow":["GET"]}}],"collection":[{"href":"https:\/\/www.europesays.com\/fr\/wp-json\/wp\/v2\/posts"}],"about":[{"href":"https:\/\/www.europesays.com\/fr\/wp-json\/wp\/v2\/types\/post"}],"author":[{"embeddable":true,"href":"https:\/\/www.europesays.com\/fr\/wp-json\/wp\/v2\/users\/2"}],"replies":[{"embeddable":true,"href":"https:\/\/www.europesays.com\/fr\/wp-json\/wp\/v2\/comments?post=213855"}],"version-history":[{"count":0,"href":"https:\/\/www.europesays.com\/fr\/wp-json\/wp\/v2\/posts\/213855\/revisions"}],"wp:featuredmedia":[{"embeddable":true,"href":"https:\/\/www.europesays.com\/fr\/wp-json\/wp\/v2\/media\/213856"}],"wp:attachment":[{"href":"https:\/\/www.europesays.com\/fr\/wp-json\/wp\/v2\/media?parent=213855"}],"wp:term":[{"taxonomy":"category","embeddable":true,"href":"https:\/\/www.europesays.com\/fr\/wp-json\/wp\/v2\/categories?post=213855"},{"taxonomy":"post_tag","embeddable":true,"href":"https:\/\/www.europesays.com\/fr\/wp-json\/wp\/v2\/tags?post=213855"}],"curies":[{"name":"wp","href":"https:\/\/api.w.org\/{rel}","templated":true}]}}