{"id":213889,"date":"2025-06-29T18:30:11","date_gmt":"2025-06-29T18:30:11","guid":{"rendered":"https:\/\/www.europesays.com\/fr\/213889\/"},"modified":"2025-06-29T18:30:11","modified_gmt":"2025-06-29T18:30:11","slug":"tourisme-doux-et-circuits-insolites-avec-montpel-a-velo","status":"publish","type":"post","link":"https:\/\/www.europesays.com\/fr\/213889\/","title":{"rendered":"tourisme doux et circuits insolites avec Montpel\u2019 \u00e0 V\u00e9lo"},"content":{"rendered":"<p>            Par<br \/>\n        <strong><br \/>\n            <a href=\"https:\/\/actu.fr\/auteur\/lea-pippinato\" title=\"Consulter tous les articles de L\u00e9a Pippinato\" rel=\"nofollow noopener\" target=\"_blank\">L\u00e9a Pippinato<\/a><br \/>\n        <\/strong><\/p>\n<p>        Publi\u00e9 le<\/p>\n<p>            29 juin 2025 \u00e0 19h32        <\/p>\n<p>Un dimanche de printemps, deux visiteurs canadiens s\u2019arr\u00eatent, surpris, devant une villa art d\u00e9co perdue dans un quartier r\u00e9sidentiel. Ces instants de surprise et d\u2019\u00e9merveillement, c\u2019est ce que cherchent \u00e0 provoquer Didier Gonnet-Marty et S\u00e9bastien Rogie avec leur association <strong>Montpel\u2019 \u00e0 V\u00e9lo<\/strong>, lanc\u00e9e d\u00e9but 2025.<\/p>\n<p class=\" wall-content\">Didier, commer\u00e7ant avec l\u2019envie de se tourner vers le tourisme, et S\u00e9bastien, dipl\u00f4m\u00e9 en traduction en recherche d\u2019un emploi, veulent cr\u00e9er une activit\u00e9 simple, accessible et centr\u00e9e sur la d\u00e9couverte. Le v\u00e9lo s\u2019impose naturellement. \u00c0 Paris, Marseille et Lyon, des structures similaires rencontrent un certain succ\u00e8s. \u00c0 Montpellier, le cr\u00e9neau est libre. Ils cr\u00e9ent donc Montpel\u2019 \u00e0 V\u00e9lo sous la forme associative.<\/p>\n<p class=\" wall-content\"><strong> Pour d\u00e9couvrir l\u2019ambiance des balades et entendre les fondateurs raconter leur projet, rendez-vous <a href=\"https:\/\/www.instagram.com\/metropolitainfr\" rel=\"nofollow noopener\" target=\"_blank\">sur notre compte Instagram<\/a><\/strong><\/p>\n<p class=\" wall-content\"><a href=\"https:\/\/www.instagram.com\/p\/DLFECKIsfJI\/embed\" title=\"Ouvrir le lien sur Instagram\" rel=\"nofollow noopener\" target=\"_blank\">Visualiser le contenu sur Instagram<\/a><\/p>\n<p>Sept balades pour explorer autrement<\/p>\n<p class=\" wall-content\">Le principe est simple : proposer sept circuits touristiques en v\u00e9lo, d\u2019une dur\u00e9e allant de <strong>trois heures \u00e0 trois heures trente<\/strong>. Chaque participant se voit remettre un v\u00e9lo en parfait \u00e9tat, un casque et une chasuble. Aucun \u00e9quipement personnel n\u2019est requis. L\u2019id\u00e9e est de proposer un rythme r\u00e9gulier, avec des arr\u00eats pour expliquer, raconter et observer.<\/p>\n<p class=\" wall-content\">Les itin\u00e9raires sont vari\u00e9s. Ils incluent :<\/p>\n<ul class=\" wall-content\">\n<li>Le centre historique de Montpellier<\/li>\n<li>Les berges de la Mosson<\/li>\n<li>Un parcours nature entre Castelnau-le-Lez et Le Cr\u00e8s<\/li>\n<li>Un circuit autour de l\u2019architecture insolite<\/li>\n<li>Le chemin de fer d\u00e9saffect\u00e9 du Camin de F\u00e9 jusqu\u2019\u00e0 Mauguio<\/li>\n<li>Une escapade jusqu\u2019au bord de la mer<\/li>\n<li>Une balade mensuelle \u00e0 th\u00e8me (brunch, mer, coucher de soleil\u2026)<\/li>\n<\/ul>\n<p>Vid\u00e9os : en ce moment sur Actu<\/p>\n<p class=\" wall-content\">Montpel\u2019 \u00e0 V\u00e9lo propose bien des balades ouvertes aux enfants, y compris les tout-petits. L\u2019association s\u2019est \u00e9quip\u00e9e en cons\u00e9quence : v\u00e9los enfants adapt\u00e9s \u00e0 la morphologie et au rythme des plus jeunes, mais aussi si\u00e8ges enfants install\u00e9s \u00e0 l\u2019arri\u00e8re de certains v\u00e9los adultes.<\/p>\n<p>    <img   decoding=\"async\" loading=\"lazy\" src=\"https:\/\/www.europesays.com\/fr\/wp-content\/uploads\/2025\/06\/tempimagee9twva-960x640.jpg\" alt=\"Si\u00e8ges b\u00e9b\u00e9 \u00e0 l\u2019arri\u00e8re, v\u00e9los junior : tout est pr\u00e9vu pour que les familles participent ensemble.\" width=\"960\" height=\"640\"\/><br \/>\n    Si\u00e8ges b\u00e9b\u00e9 \u00e0 l\u2019arri\u00e8re, v\u00e9los junior : tout est pr\u00e9vu pour que les familles participent ensemble. (\u00a9M\u00e9tropolitain \/ LP)Un mod\u00e8le associatif assum\u00e9<\/p>\n<p class=\" wall-content\">Les premi\u00e8res balades ont d\u00e9marr\u00e9 \u00e0 la <strong>mi-mars 2025<\/strong>. Depuis, les r\u00e9servations se multiplient lentement mais s\u00fbrement. \u00ab\u00a0Nous avons d\u00e9j\u00e0 eu des Luxembourgeois, des Canadiens, et plusieurs contacts pour les semaines \u00e0 venir\u00a0\u00bb, pr\u00e9cise Didier Gonnet-Marty. Les visites sont propos\u00e9es en trois langues : fran\u00e7ais, anglais et espagnol. Un choix logique compte tenu du profil de S\u00e9bastien. Les fondateurs misent sur une client\u00e8le mixte : touristes de passage, habitants curieux ou nouveaux arrivants. Le partenariat r\u00e9cent avec l\u2019Office de tourisme de Montpellier leur donne davantage de visibilit\u00e9.<\/p>\n<p>    <a href=\"https:\/\/www.google.com\/maps\/embed?pb=!1m18!1m12!1m3!1d23106.53565652367!2d3.8731775999999996!3d43.620761599999994!2m3!1f0!2f0!3f0!3m2!1i1024!2i768!4f13.1!3m3!1m2!1s0x12b6afa0b0ec1d21%3A0xac046d98c3fbd822!2sOffice%20de%20Tourisme%20%26%20des%20Congr%C3%A8s%20Montpellier%20M%C3%A9diterran%C3%A9e%20M%C3%A9tropole!5e0!3m2!1sfr!2sfr!4v1749749169889!5m2!1sfr!2sfr\" title=\"Ouvrie le lien\" rel=\"nofollow noopener\" target=\"_blank\">Cliquez ici pour visualiser le contenu<\/a><\/p>\n<p class=\" wall-content\">Didier et S\u00e9bastien tiennent \u00e0 le rappeler : Montpel\u2019 \u00e0 V\u00e9lo n\u2019est pas une entreprise, mais une association. Une partie du prix pay\u00e9 par les participants leur permet de devenir automatiquement adh\u00e9rents. Le tarif standard est fix\u00e9 \u00e0 59 euros pour un adulte. Les \u00e9tudiants et les d\u00e9tenteurs de la carte de l\u2019office de tourisme b\u00e9n\u00e9ficient d\u2019un tarif r\u00e9duit \u00e0 49 euros. Les adh\u00e9rents de l\u2019association paient 45 euros.<\/p>\n<p class=\" wall-content\">Suivez toute l\u2019actualit\u00e9 de vos villes et m\u00e9dias favoris en vous inscrivant \u00e0 <a href=\"https:\/\/moncompte.actu.fr\" title=\"D\u00e9couvez Mon Actu\" rel=\"nofollow noopener\" data-trk=\"{&quot;cta&quot;:{&quot;action&quot;:&quot;https:\\\/\\\/moncompte.actu.fr&quot;,&quot;category&quot;:&quot;mon compte&quot;,&quot;from&quot;:&quot;article footer&quot;,&quot;name&quot;:&quot;Mon actu&quot;,&quot;type&quot;:&quot;cta&quot;}}\" target=\"_blank\">Mon Actu<\/a>.<\/p>\n<p>                    <script async src=\"\/\/www.instagram.com\/embed.js\"><\/script><\/p>\n","protected":false},"excerpt":{"rendered":"Par L\u00e9a Pippinato Publi\u00e9 le 29 juin 2025 \u00e0 19h32 Un dimanche de printemps, deux visiteurs canadiens s\u2019arr\u00eatent,&hellip;\n","protected":false},"author":2,"featured_media":213890,"comment_status":"","ping_status":"","sticky":false,"template":"","format":"standard","meta":{"footnotes":""},"categories":[9599],"tags":[1111,11,7552,1777,674,1011,27,1652,2208,12,2680,25,602,208],"class_list":{"0":"post-213889","1":"post","2":"type-post","3":"status-publish","4":"format-standard","5":"has-post-thumbnail","7":"category-montpellier","8":"tag-actu","9":"tag-actualites","10":"tag-balade","11":"tag-eu","12":"tag-europe","13":"tag-fr","14":"tag-france","15":"tag-loisirs-culture","16":"tag-montpellier","17":"tag-news","18":"tag-occitanie","19":"tag-republique-francaise","20":"tag-tourisme","21":"tag-velo"},"share_on_mastodon":{"url":"https:\/\/pubeurope.com\/@fr\/114768080011312047","error":""},"_links":{"self":[{"href":"https:\/\/www.europesays.com\/fr\/wp-json\/wp\/v2\/posts\/213889","targetHints":{"allow":["GET"]}}],"collection":[{"href":"https:\/\/www.europesays.com\/fr\/wp-json\/wp\/v2\/posts"}],"about":[{"href":"https:\/\/www.europesays.com\/fr\/wp-json\/wp\/v2\/types\/post"}],"author":[{"embeddable":true,"href":"https:\/\/www.europesays.com\/fr\/wp-json\/wp\/v2\/users\/2"}],"replies":[{"embeddable":true,"href":"https:\/\/www.europesays.com\/fr\/wp-json\/wp\/v2\/comments?post=213889"}],"version-history":[{"count":0,"href":"https:\/\/www.europesays.com\/fr\/wp-json\/wp\/v2\/posts\/213889\/revisions"}],"wp:featuredmedia":[{"embeddable":true,"href":"https:\/\/www.europesays.com\/fr\/wp-json\/wp\/v2\/media\/213890"}],"wp:attachment":[{"href":"https:\/\/www.europesays.com\/fr\/wp-json\/wp\/v2\/media?parent=213889"}],"wp:term":[{"taxonomy":"category","embeddable":true,"href":"https:\/\/www.europesays.com\/fr\/wp-json\/wp\/v2\/categories?post=213889"},{"taxonomy":"post_tag","embeddable":true,"href":"https:\/\/www.europesays.com\/fr\/wp-json\/wp\/v2\/tags?post=213889"}],"curies":[{"name":"wp","href":"https:\/\/api.w.org\/{rel}","templated":true}]}}