{"id":213940,"date":"2025-06-29T18:59:10","date_gmt":"2025-06-29T18:59:10","guid":{"rendered":"https:\/\/www.europesays.com\/fr\/213940\/"},"modified":"2025-06-29T18:59:10","modified_gmt":"2025-06-29T18:59:10","slug":"arme-a-feu-coup-de-crosse-et-lacrymo-une-famille-agressee-dans-son-pavillon-a-puteaux","status":"publish","type":"post","link":"https:\/\/www.europesays.com\/fr\/213940\/","title":{"rendered":"Arme \u00e0 feu, coup de crosse et lacrymo\u00a0: une famille agress\u00e9e dans son pavillon \u00e0 Puteaux"},"content":{"rendered":"<p class=\"paragraph text_align_left lp-f-body-02\">Ils sont sous le choc. Ce dimanche peu avant 17 heures, une famille de Puteaux a \u00e9t\u00e9 victime d\u2019une extorsion \u00e0 l\u2019arme \u00e0 feu. Trois individus ont p\u00e9n\u00e9tr\u00e9 dans leur pavillon situ\u00e9 rue Sadi Carnot et menac\u00e9 le couple de retrait\u00e9s et leur fils.<\/p>\n<p class=\"paragraph text_align_left lp-f-body-02\">Pointant une arme sur la tempe de la femme, les malfaiteurs auraient r\u00e9clam\u00e9 les bijoux de la famille. Ils s\u2019en seraient ensuite pris au fils, lui ass\u00e9nant un coup de crosse sur la t\u00eate et l\u2019aspergeant de gaz lacrymog\u00e8ne.<\/p>\n<p class=\"paragraph text_align_left lp-f-body-02\">Les agresseurs seraient finalement partis avec un iPhone 13 Pro Max, un iPad et les cl\u00e9s du domicile. Les policiers ont r\u00e9ussi \u00e0 retrouver la trace du v\u00e9hicule qu\u2019ils avaient utilis\u00e9 pour se rendre dans le pavillon familial, au niveau du stade de France \u00e0 Saint-Denis. Un chauffeur de VTC \u00e9tait au volant et leur a confirm\u00e9 avoir conduit trois individus \u00e0 Puteaux. Le conducteur a \u00e9t\u00e9 mis hors de cause.<\/p>\n<p class=\"paragraph text_align_left lp-f-body-02\">Pour l\u2019heure, les malfaiteurs n\u2019ont pas \u00e9t\u00e9 interpell\u00e9s. Les investigations se poursuivent. En d\u00e9cembre 2023, des jeunes \u00e2g\u00e9s de 17 \u00e0 21 ans, soup\u00e7onn\u00e9s d\u2019avoir cambriol\u00e9 la joaillerie Marthan Lorand \u00e0 Paris, <a href=\"https:\/\/www.leparisien.fr\/faits-divers\/casse-dune-bijouterie-a-paris-trois-suspects-epingles-parce-quils-etaient-rentres-en-vtc-02-05-2025-OHQS2DRGYZHNJHW2PGILDJEFMA.php\" target=\"_self\" rel=\"noopener\">avaient \u00e9t\u00e9 \u00e9pingl\u00e9s parce qu\u2019ils \u00e9taient rentr\u00e9s en VTC<\/a>.<\/p>\n","protected":false},"excerpt":{"rendered":"Ils sont sous le choc. Ce dimanche peu avant 17 heures, une famille de Puteaux a \u00e9t\u00e9 victime&hellip;\n","protected":false},"author":2,"featured_media":213941,"comment_status":"","ping_status":"","sticky":false,"template":"","format":"standard","meta":{"footnotes":""},"categories":[1888],"tags":[11,1777,674,118,1011,27,3314,1944,12,626,25],"class_list":{"0":"post-213940","1":"post","2":"type-post","3":"status-publish","4":"format-standard","5":"has-post-thumbnail","7":"category-paris","8":"tag-actualites","9":"tag-eu","10":"tag-europe","11":"tag-faits-divers","12":"tag-fr","13":"tag-france","14":"tag-hauts-de-seine","15":"tag-ma-ville","16":"tag-news","17":"tag-paris","18":"tag-republique-francaise"},"share_on_mastodon":{"url":"https:\/\/pubeurope.com\/@fr\/114768194108399532","error":""},"_links":{"self":[{"href":"https:\/\/www.europesays.com\/fr\/wp-json\/wp\/v2\/posts\/213940","targetHints":{"allow":["GET"]}}],"collection":[{"href":"https:\/\/www.europesays.com\/fr\/wp-json\/wp\/v2\/posts"}],"about":[{"href":"https:\/\/www.europesays.com\/fr\/wp-json\/wp\/v2\/types\/post"}],"author":[{"embeddable":true,"href":"https:\/\/www.europesays.com\/fr\/wp-json\/wp\/v2\/users\/2"}],"replies":[{"embeddable":true,"href":"https:\/\/www.europesays.com\/fr\/wp-json\/wp\/v2\/comments?post=213940"}],"version-history":[{"count":0,"href":"https:\/\/www.europesays.com\/fr\/wp-json\/wp\/v2\/posts\/213940\/revisions"}],"wp:featuredmedia":[{"embeddable":true,"href":"https:\/\/www.europesays.com\/fr\/wp-json\/wp\/v2\/media\/213941"}],"wp:attachment":[{"href":"https:\/\/www.europesays.com\/fr\/wp-json\/wp\/v2\/media?parent=213940"}],"wp:term":[{"taxonomy":"category","embeddable":true,"href":"https:\/\/www.europesays.com\/fr\/wp-json\/wp\/v2\/categories?post=213940"},{"taxonomy":"post_tag","embeddable":true,"href":"https:\/\/www.europesays.com\/fr\/wp-json\/wp\/v2\/tags?post=213940"}],"curies":[{"name":"wp","href":"https:\/\/api.w.org\/{rel}","templated":true}]}}