{"id":213952,"date":"2025-06-29T19:05:09","date_gmt":"2025-06-29T19:05:09","guid":{"rendered":"https:\/\/www.europesays.com\/fr\/213952\/"},"modified":"2025-06-29T19:05:09","modified_gmt":"2025-06-29T19:05:09","slug":"cyclisme-championnats-dallemagne-georg-zimmermann-sacre-malgre-un-probleme-mecanique","status":"publish","type":"post","link":"https:\/\/www.europesays.com\/fr\/213952\/","title":{"rendered":"Cyclisme. Championnats d&rsquo;Allemagne &#8211; Georg Zimmermann sacr\u00e9 malgr\u00e9 un probl\u00e8me m\u00e9canique"},"content":{"rendered":"<p>Il l&rsquo;aura m\u00e9rit\u00e9 son titre de champion national ! Victime d&rsquo;un probl\u00e8me m\u00e9canique, <strong><a href=\"https:\/\/www.cyclismactu.net\/..\/news-tour-des-abruzzes-route-georg-zimmermann-remporter-un-general-j-en-suis-fier-87421.html\" target=\"_blank\" rel=\"noopener\">Georg Zimmermann<\/a> <\/strong>(Intermarch\u00e9-Wanty)\u00a0\u00e9tait le plus fort ce dimanche pour revenir dans la derni\u00e8re ascension de la journ\u00e9e, puis s&rsquo;imposer au sprint face \u00e0 <strong>Felix Engelhardt <\/strong>(Team Jayco AlUla) et <strong>Anton Schiffer <\/strong>(BIKE AID). Accompagn\u00e9 par <strong>Lennard K\u00e4mna <\/strong>(Lidl-Trek), qui prendra finalement la 4e place, le coureur de <strong>Intermarch\u00e9-Wanty <\/strong>a repris les fuyards et les a r\u00e9gl\u00e9 au sprint. Les 200 km de course ont malgr\u00e9 tout \u00e9t\u00e9 amput\u00e9s de deux t\u00eates d&rsquo;affiches que sont <strong>Marco Brenner <\/strong>(Tudor Pro Cycling Team), tenant du titre et victime d&rsquo;une lourde chute sur le <strong>Tour d&rsquo;Italie<\/strong>, et <strong><a href=\"https:\/\/www.cyclismactu.net\/..\/news-tour-de-france-route-red-bull-bora-hansgrohe-avec-roglic-lipowitz-des-surprises-88572.html\" target=\"_blank\" rel=\"noopener\">Florian Lipowitz<\/a> <\/strong>(Red Bull &#8211; BORA &#8211; hansgrohe)\u00a0qui a privil\u00e9gi\u00e9 sa pr\u00e9paration du <strong>Tour de France<\/strong>.<\/p>\n<p>Vid\u00e9o &#8211; Georg Zimmermann remporte le Tour des Abruzzes 2025 Lire la suite de l&rsquo;article&#13;<\/p>\n<p>\u00a0<\/p>\n<p>&#13;<br \/>\nLe maillot de champion d&rsquo;Allemagne pr\u00e9sent sur le Tour&#13;<\/p>\n<p>Apr\u00e8s la ligne, <strong>Georg Zimmermann <\/strong>est apparu tr\u00e8s \u00e9mu expliquant avoir r\u00e9alis\u00e9 \u00ab\u00a0un de ses objectifs\u00a0\u00bb. La prochaine \u00e9tape pour le coureur allemand est d\u00e9sormais de tenter d&rsquo;aller chercher une victoire d&rsquo;\u00e9tape sur le <strong>Tour de France <\/strong>o\u00f9 il sera engag\u00e9 comme une des cartes ma\u00eetresses de l&rsquo;\u00e9quipe <strong>Intermarch\u00e9-Wanty<\/strong>\u00a0dans sa qu\u00eate de succ\u00e8s. Suite \u00e0 sa disette en 2024, o\u00f9 il n&rsquo;a pas r\u00e9ussi \u00e0 lever les bras, <strong>Zimmermann <\/strong>remporte ce dimanche sa seconde victoire de la saison, apr\u00e8s son succ\u00e8s sur le <strong>Tour des Abruzzes<\/strong>.<\/p>\n<p>Championnats d&rsquo;Allemagne &#8211; Course en ligne Hommes &#8211; Classement g\u00e9n\u00e9ral<\/p>\n","protected":false},"excerpt":{"rendered":"Il l&rsquo;aura m\u00e9rit\u00e9 son titre de champion national ! Victime d&rsquo;un probl\u00e8me m\u00e9canique, Georg Zimmermann (Intermarch\u00e9-Wanty)\u00a0\u00e9tait le plus&hellip;\n","protected":false},"author":2,"featured_media":213953,"comment_status":"","ping_status":"","sticky":false,"template":"","format":"standard","meta":{"footnotes":""},"categories":[1587],"tags":[11,672,1804,34841,207,1805,1803,1777,674,1801,12,1802,209,208],"class_list":{"0":"post-213952","1":"post","2":"type-post","3":"status-publish","4":"format-standard","5":"has-post-thumbnail","7":"category-allemagne","8":"tag-actualites","9":"tag-allemagne","10":"tag-bundesrepublik-deutschland","11":"tag-championnats-d","12":"tag-cyclisme","13":"tag-de","14":"tag-deutschland","15":"tag-eu","16":"tag-europe","17":"tag-germany","18":"tag-news","19":"tag-republique-federale-dallemagne","20":"tag-route","21":"tag-velo"},"share_on_mastodon":{"url":"https:\/\/pubeurope.com\/@fr\/114768217674391777","error":""},"_links":{"self":[{"href":"https:\/\/www.europesays.com\/fr\/wp-json\/wp\/v2\/posts\/213952","targetHints":{"allow":["GET"]}}],"collection":[{"href":"https:\/\/www.europesays.com\/fr\/wp-json\/wp\/v2\/posts"}],"about":[{"href":"https:\/\/www.europesays.com\/fr\/wp-json\/wp\/v2\/types\/post"}],"author":[{"embeddable":true,"href":"https:\/\/www.europesays.com\/fr\/wp-json\/wp\/v2\/users\/2"}],"replies":[{"embeddable":true,"href":"https:\/\/www.europesays.com\/fr\/wp-json\/wp\/v2\/comments?post=213952"}],"version-history":[{"count":0,"href":"https:\/\/www.europesays.com\/fr\/wp-json\/wp\/v2\/posts\/213952\/revisions"}],"wp:featuredmedia":[{"embeddable":true,"href":"https:\/\/www.europesays.com\/fr\/wp-json\/wp\/v2\/media\/213953"}],"wp:attachment":[{"href":"https:\/\/www.europesays.com\/fr\/wp-json\/wp\/v2\/media?parent=213952"}],"wp:term":[{"taxonomy":"category","embeddable":true,"href":"https:\/\/www.europesays.com\/fr\/wp-json\/wp\/v2\/categories?post=213952"},{"taxonomy":"post_tag","embeddable":true,"href":"https:\/\/www.europesays.com\/fr\/wp-json\/wp\/v2\/tags?post=213952"}],"curies":[{"name":"wp","href":"https:\/\/api.w.org\/{rel}","templated":true}]}}