{"id":213956,"date":"2025-06-29T19:07:13","date_gmt":"2025-06-29T19:07:13","guid":{"rendered":"https:\/\/www.europesays.com\/fr\/213956\/"},"modified":"2025-06-29T19:07:13","modified_gmt":"2025-06-29T19:07:13","slug":"lalgerie-simpose-comme-le-2%e1%b5%89-plus-grand-exportateur-de-ce-produit-vers-leurope","status":"publish","type":"post","link":"https:\/\/www.europesays.com\/fr\/213956\/","title":{"rendered":"L\u2019Alg\u00e9rie s\u2019impose comme le 2\u1d49 plus grand exportateur de ce produit vers l\u2019Europe"},"content":{"rendered":"<p>Des chiffres r\u00e9cents publi\u00e9s par <a href=\"https:\/\/ec.europa.eu\/eurostat\/en\/web\/products-eurostat-news\/w\/ddn-20250626-2\" rel=\"nofollow noopener\" target=\"_blank\"><strong>Eurostat<\/strong><\/a>, l\u2019office statistique de l\u2019Union europ\u00e9enne, placent l\u2019Alg\u00e9rie en position de <strong>deuxi\u00e8me exportateur de gaz naturel<\/strong> par pipeline vers l\u2019Europe au cours du premier trimestre de cette ann\u00e9e.<\/p>\n<p>Cette performance notable positionne le pays juste derri\u00e8re <strong>la Norv\u00e8ge<\/strong>, consolidant son r\u00f4le strat\u00e9gique dans l\u2019approvisionnement \u00e9nerg\u00e9tique du continent.<\/p>\n<p>Selon les donn\u00e9es d\u2019Eurostat, l\u2019Alg\u00e9rie a fourni <strong>19,4 % des besoins de l\u2019Union europ\u00e9enne<\/strong> en gaz naturel achemin\u00e9 par ses infrastructures pipelini\u00e8res. La Norv\u00e8ge conserve quant \u00e0 elle sa place de leader incontest\u00e9, ayant export\u00e9 52,6 % du gaz consomm\u00e9 par les pays de l\u2019Union.<\/p>\n<p>Ces chiffres soulignent l\u2019importance croissante de l\u2019Alg\u00e9rie en tant que fournisseur fiable pour l\u2019Europe.<\/p>\n<p><a href=\"https:\/\/l.algerie360.com\/QRWjOq\" target=\"_blank\" title=\"Les climatiseurs r\u00e9sidentiels LG\" rel=\"nofollow noopener\"> <img loading=\"lazy\" decoding=\"async\" src=\"data:image\/svg+xml,%3Csvg%20xmlns=\" http:=\"\" data-src=\"https:\/\/www.europesays.com\/fr\/wp-content\/uploads\/2025\/06\/300x250.jpg.webp\" class=\"img-fluid lazy\" width=\"300\" height=\"250\" alt=\"Les climatiseurs r\u00e9sidentiels LG\" data-smush-webp-fallback=\"{&quot;src&quot;:&quot;https:\\\/\\\/www.algerie360.com\\\/wp-content\\\/uploads\\\/2025\\\/06\\\/300x250.jpg&quot;}\"\/><\/a><\/p>\n<p><strong><img decoding=\"async\" class=\"aligncenter lazy\" src=\"data:image\/svg+xml,%3Csvg%20xmlns=\" http:=\"\" data-src=\"https:\/\/www.europesays.com\/fr\/wp-content\/uploads\/2025\/06\/Annotation-2025-06-29-110602.png\"\/><\/strong><\/p>\n<p>L\u2019Alg\u00e9rie, 2\u1d49 fournisseur de Gaz Naturel par pipeline de l\u2019Europe au premier trimestre 2025<\/p>\n<p>Le rapport d\u2019Eurostat met \u00e9galement en \u00e9vidence une augmentation significative de <strong>19 % de la valeur financi\u00e8re des exportations alg\u00e9riennes<\/strong> de cette mati\u00e8re premi\u00e8re essentielle, comparativement \u00e0 la m\u00eame p\u00e9riode de l\u2019ann\u00e9e pr\u00e9c\u00e9dente.<\/p>\n<p>Cette croissance t\u00e9moigne de la vitalit\u00e9 et de la valeur ajout\u00e9e des approvisionnements alg\u00e9riens dans un contexte \u00e9nerg\u00e9tique mondial en constante \u00e9volution.<\/p>\n<p><strong>\ud83d\udfe2 \u00c0 LIRE AUSSI : <a href=\"https:\/\/www.algerie360.com\/crise-gaziere-en-europe-les-exportations-algeriennes-repartent-a-la-hausse\/\" rel=\"nofollow noopener\" target=\"_blank\">Crise gazi\u00e8re en Europe : les exportations alg\u00e9riennes repartent \u00e0 la hausse<\/a><\/strong><\/p>\n<p>L\u2019Union europ\u00e9enne demeure le principal d\u00e9bouch\u00e9 pour le gaz naturel alg\u00e9rien. Cette relation privil\u00e9gi\u00e9e est facilit\u00e9e par deux gazoducs majeurs : le <strong>Transmed<\/strong>, qui relie l\u2019Alg\u00e9rie \u00e0 l\u2019Italie et dont la capacit\u00e9 d\u2019exportation atteint environ 32,5 milliards de m\u00e8tres cubes, et le <strong>Medgaz<\/strong>, qui assure la connexion avec l\u2019Espagne, offrant une capacit\u00e9 d\u2019exportation de plus de <strong>8 milliards de m\u00e8tres cubes<\/strong>. Ces infrastructures sont essentielles pour la s\u00e9curit\u00e9 \u00e9nerg\u00e9tique de l\u2019Europe.<\/p>\n<p>Le GNL am\u00e9ricain poursuit sa domination en Europe, selon Eurostat<\/p>\n<p>Parall\u00e8lement, le rapport d\u2019Eurostat r\u00e9v\u00e8le la domination continue des exportations am\u00e9ricaines de gaz naturel liqu\u00e9fi\u00e9 (GNL) sur le march\u00e9 europ\u00e9en. Au cours du premier trimestre de l\u2019ann\u00e9e, le GNL am\u00e9ricain a repr\u00e9sent\u00e9<strong> 50,7 % du total des importations europ\u00e9ennes<\/strong> en termes de valeur financi\u00e8re. Cette pr\u00e9pond\u00e9rance est notable, pla\u00e7ant les \u00c9tats-Unis largement en t\u00eate, devant la Russie (17,0 %) et le Qatar (10,8 %).<\/p>\n<p>Le conflit russo-ukrainien a incontestablement jou\u00e9 un r\u00f4le d\u00e9terminant dans cette augmentation des importations europ\u00e9ennes de GNL am\u00e9ricain. Des donn\u00e9es officielles europ\u00e9ennes indiquent que l\u2019Union europ\u00e9enne a import\u00e9 un volume impressionnant de <strong>120 milliards de m\u00e8tres cubes de GNL en 2023<\/strong>.<\/p>\n<p><strong>\ud83d\udfe2 \u00c0 LIRE AUSSI :\u00a0<a href=\"https:\/\/www.algerie360.com\/flambee-des-prix-du-petrole-du-gnl-et-de-lor-lattaque-disrael-en-iran-affole-les-marches\/\" rel=\"nofollow noopener\" target=\"_blank\">Flamb\u00e9e des prix du p\u00e9trole, du GNL et de l\u2019or : L\u2019attaque d\u2019Isra\u00ebl en Iran affole les march\u00e9s<\/a><\/strong><\/p>\n<p>Au sein de ce march\u00e9, les \u00c9tats-Unis se sont impos\u00e9s comme le premier fournisseur du bloc, capturant une part de <strong>50 % des importations totales.<\/strong> Il est \u00e0 noter que les volumes d\u2019importation en provenance des \u00c9tats-Unis ont quasiment tripl\u00e9 par rapport \u00e0 l\u2019ann\u00e9e 2021, illustrant un profond repositionnement des flux \u00e9nerg\u00e9tiques vers l\u2019Europe.<\/p>\n","protected":false},"excerpt":{"rendered":"Des chiffres r\u00e9cents publi\u00e9s par Eurostat, l\u2019office statistique de l\u2019Union europ\u00e9enne, placent l\u2019Alg\u00e9rie en position de deuxi\u00e8me exportateur&hellip;\n","protected":false},"author":2,"featured_media":213957,"comment_status":"","ping_status":"","sticky":false,"template":"","format":"standard","meta":{"footnotes":""},"categories":[1586],"tags":[328,11,1777,674,1779,1011,27,12,25,1778,364],"class_list":{"0":"post-213956","1":"post","2":"type-post","3":"status-publish","4":"format-standard","5":"has-post-thumbnail","7":"category-europe","8":"tag-a-la-une","9":"tag-actualites","10":"tag-eu","11":"tag-europe","12":"tag-european-union","13":"tag-fr","14":"tag-france","15":"tag-news","16":"tag-republique-francaise","17":"tag-ue","18":"tag-union-europeenne"},"share_on_mastodon":{"url":"https:\/\/pubeurope.com\/@fr\/114768225615180086","error":""},"_links":{"self":[{"href":"https:\/\/www.europesays.com\/fr\/wp-json\/wp\/v2\/posts\/213956","targetHints":{"allow":["GET"]}}],"collection":[{"href":"https:\/\/www.europesays.com\/fr\/wp-json\/wp\/v2\/posts"}],"about":[{"href":"https:\/\/www.europesays.com\/fr\/wp-json\/wp\/v2\/types\/post"}],"author":[{"embeddable":true,"href":"https:\/\/www.europesays.com\/fr\/wp-json\/wp\/v2\/users\/2"}],"replies":[{"embeddable":true,"href":"https:\/\/www.europesays.com\/fr\/wp-json\/wp\/v2\/comments?post=213956"}],"version-history":[{"count":0,"href":"https:\/\/www.europesays.com\/fr\/wp-json\/wp\/v2\/posts\/213956\/revisions"}],"wp:featuredmedia":[{"embeddable":true,"href":"https:\/\/www.europesays.com\/fr\/wp-json\/wp\/v2\/media\/213957"}],"wp:attachment":[{"href":"https:\/\/www.europesays.com\/fr\/wp-json\/wp\/v2\/media?parent=213956"}],"wp:term":[{"taxonomy":"category","embeddable":true,"href":"https:\/\/www.europesays.com\/fr\/wp-json\/wp\/v2\/categories?post=213956"},{"taxonomy":"post_tag","embeddable":true,"href":"https:\/\/www.europesays.com\/fr\/wp-json\/wp\/v2\/tags?post=213956"}],"curies":[{"name":"wp","href":"https:\/\/api.w.org\/{rel}","templated":true}]}}