{"id":213981,"date":"2025-06-29T19:23:16","date_gmt":"2025-06-29T19:23:16","guid":{"rendered":"https:\/\/www.europesays.com\/fr\/213981\/"},"modified":"2025-06-29T19:23:16","modified_gmt":"2025-06-29T19:23:16","slug":"giuseppa-detective-club-lynchee-sur-les-reseaux-elle-sort-du-silence-pour-denoncer-lacharnement-dont-elle-est-victime","status":"publish","type":"post","link":"https:\/\/www.europesays.com\/fr\/213981\/","title":{"rendered":"Giuseppa (Detective Club), \u00ab\u00a0lynch\u00e9e\u00a0\u00bb sur les r\u00e9seaux, elle sort du silence pour d\u00e9noncer l\u2019acharnement dont elle est victime"},"content":{"rendered":"<p>Alors qu\u2019elle est actuellement au casting de The Detective Club sur W9, Giuseppa a d\u00fb faire une mise au point sur les r\u00e9seaux concernant son r\u00f4le de maman.<\/p>\n<p>R\u00e9v\u00e9l\u00e9e dans la sixi\u00e8me saison de La Villa des c\u0153urs bris\u00e9s en 2021, Giuseppa est aujourd\u2019hui l\u2019une des personnalit\u00e9s de t\u00e9l\u00e9r\u00e9alit\u00e9 <a href=\"https:\/\/www.programme-tv.net\/news\/tele-realite\/380657-jai-perdu-2-kilos-en-3-jours-giuseppa-au-plus-mal-la-compagne-de-paga-revele-quelle-va-devoir-se-faire-operer\/\" data-api-deeplink=\"teleloisirs:\/\/news\/380657\" target=\"_blank\" rel=\"noopener\">les plus connues du petit \u00e9cran<\/a>. Actuellement au casting de The Detective Club, une nouvelle \u00e9mission sur W9, elle a \u00e9galement r\u00e9cemment pris les commandes de Toute la v\u00e9rit\u00e9 avec Giuseppa. <a href=\"https:\/\/www.programme-tv.net\/news\/tv\/381720-voici-le-jeu-culte-que-va-animer-olivier-minne-sur-m6-a-la-rentree\/\" data-api-deeplink=\"teleloisirs:\/\/news\/381720\" target=\"_blank\" rel=\"noopener\">Un format diffus\u00e9<\/a> sur la plateforme M6+ dans lequel elle interviewe des personnalit\u00e9s de la t\u00e9l\u00e9r\u00e9alit\u00e9. Parall\u00e8le \u00e0 ces nombreux projets, la jeune femme est une maman combl\u00e9e. En couple avec Paga depuis 2021, apr\u00e8s leur rencontre dans Les Marseillais VS le reste du monde 6, Giuseppa a accouch\u00e9 il y a plus d\u2019un an de leur deuxi\u00e8me petite fille. Apr\u00e8s Giorgia, n\u00e9e le 28 avril 2023, c\u2019est Adrianna qui est n\u00e9e le 21 mai 2024. Mais \u00eatre m\u00e8re de deux enfants en bas \u00e2ge n\u2019est pas tous les jours facile.<\/p>\n<p>                        \u00ab\u00a0Pauvre Paga\u00a0\u00bb : Giuseppa (The Detective Club) victime d\u2019une vague de critiques, elle r\u00e9pond<\/p>\n<p>Dimanche 29 juin 2025, la jeune femme a pris la parole sur ses r\u00e9seaux sociaux pour faire une mise au point. Giuseppa, qui s\u2019est r\u00e9cemment \u00e9loign\u00e9e d\u2019Internet, notamment <a href=\"https:\/\/www.programme-tv.net\/news\/tele-realite\/381407-pourquoi-giuseppa-a-t-elle-le-bras-dans-le-platre-dans-the-detective-club\/\" data-api-deeplink=\"teleloisirs:\/\/news\/381407\" target=\"_blank\" rel=\"noopener\">apr\u00e8s des soucis de sant\u00e9<\/a>, a \u00e9t\u00e9 victime d\u2019une vague de critiques concernant son r\u00f4le de m\u00e8re. \u00ab\u00a0Je ne filme plus beaucoup de moments de ma vie, de mon couple, et encore moins de mes enfants, a reconnu la jeune maman. \u00c7a m\u2019a valu des tonnes et des tonnes de critiques : \u2018Tu es une mauvaise maman\u2019, \u2018Pauvre Paga\u2019, \u2018Elle ne pense qu\u2019\u00e0 sortir\u2019, \u2018Elle s\u2019en occupe jamais\u2019, \u2018Elle laisse toujours Paga seul\u2019 [&#8230;]. Pour tout vous dire, c\u2019est la premi\u00e8re fois en plus de 5 ans que les r\u00e9seaux m\u2019atteignent autant, non pas que j\u2019en souffre mais qu\u2019ils arrivent \u00e0 avoir un impact sur ma fa\u00e7on de voir les choses, et de me poser des questions sur tout ce qui \u00e9tait ma passion (les r\u00e9seaux, la cr\u00e9ation de contenu, vous partager des moments spontan\u00e9s de ma vie).\u00a0\u00bb<\/p>\n<p>            \u00ab\u00a0J&rsquo;ai tout donn\u00e9\u00a0\u00bb : Giuseppa (The Detective Club) \u00e9voque les difficult\u00e9s qui l&rsquo;ont pouss\u00e9e \u00e0 s&rsquo;effacer des r\u00e9seaux sociaux<\/p>\n<p>Giuseppa a continu\u00e9 en justifiant son absence des derni\u00e8res semaines, ayant eu besoin de <a href=\"https:\/\/www.programme-tv.net\/news\/tele-realite\/374544-je-ne-pensais-pas-que-ca-allait-etre-aussi-grave-giuseppa-hospitalisee-apres-un-accident-de-cheval-la-femme-de-paga-va-etre-operee-en-urgence\/\" data-api-deeplink=\"teleloisirs:\/\/news\/374544\" target=\"_blank\" rel=\"noopener\">prendre du temps pour elle<\/a> en dehors des r\u00e9seaux sociaux. Mais la jeune femme est malgr\u00e9 tout rest\u00e9e tr\u00e8s proche de ses deux petites filles. \u00ab\u00a0Pendant trois ans j\u2019ai tout donn\u00e9 pour construire notre famille [&#8230;]. J\u2019\u00e9tais l\u00e0, tous les jours, sans penser une seule seconde \u00e0 moi, m\u00eame une douche j\u2019en \u00e9tait stress\u00e9e \u00e0 l\u2019id\u00e9e de devoir prendre quelques secondes sans elle.\u00a0\u00bb Pour cette \u00ab\u00a0m\u00e8re d\u00e9vou\u00e9e\u00a0\u00bb et \u00ab\u00a0protectrice\u00a0\u00bb, recevoir de telles critiques et remises en question n\u2019a pas \u00e9t\u00e9 facile. \u00ab\u00a0Pourquoi maintenant que j\u2019apprends \u00e0 prendre du temps pour moi, me retrouver, et profiter on me doit un tel acharnement ?\u00a0\u00bb, a-t-elle questionn\u00e9. Et de conclure : \u00ab\u00a0J\u2019essaye de rester positive, mais c\u2019est injuste.\u00a0\u00bb<\/p>\n<blockquote class=\"instagram-media\" data-instgrm-captioned=\"\" data-instgrm-permalink=\"https:\/\/www.instagram.com\/p\/DLerFCJMh4v\/?utm_source=ig_embed&amp;utm_campaign=loading\" data-instgrm-version=\"14\" style=\" background:#FFF; border:0; border-radius:3px; box-shadow:0 0 1px 0 rgba(0,0,0,0.5),0 1px 10px 0 rgba(0,0,0,0.15); margin: 1px; max-width:658px; min-width:326px; padding:0; width:99.375%; width:-webkit-calc(100% - 2px); width:calc(100% - 2px);\"\/>\n<p>En collaboration avec 6m\u00e9dias.<\/p>\n<p>        <script async src=\"\/\/www.instagram.com\/embed.js\"><\/script><\/p>\n","protected":false},"excerpt":{"rendered":"Alors qu\u2019elle est actuellement au casting de The Detective Club sur W9, Giuseppa a d\u00fb faire une mise&hellip;\n","protected":false},"author":2,"featured_media":213982,"comment_status":"","ping_status":"","sticky":false,"template":"","format":"standard","meta":{"footnotes":""},"categories":[1356],"tags":[244,28112,58,59,3483,652,1011,27,35355,7629,35356,252,35357,1364],"class_list":{"0":"post-213981","1":"post","2":"type-post","3":"status-publish","4":"format-standard","5":"has-post-thumbnail","7":"category-television","8":"tag-commentaire","9":"tag-critiques","10":"tag-divertissement","11":"tag-entertainment","12":"tag-extrait","13":"tag-famille","14":"tag-fr","15":"tag-france","16":"tag-giuseppa","17":"tag-maman","18":"tag-paga","19":"tag-television","20":"tag-the-detective-club-qui-a-volu00e9-kiki","21":"tag-tv"},"share_on_mastodon":{"url":"https:\/\/pubeurope.com\/@fr\/114768288519785906","error":""},"_links":{"self":[{"href":"https:\/\/www.europesays.com\/fr\/wp-json\/wp\/v2\/posts\/213981","targetHints":{"allow":["GET"]}}],"collection":[{"href":"https:\/\/www.europesays.com\/fr\/wp-json\/wp\/v2\/posts"}],"about":[{"href":"https:\/\/www.europesays.com\/fr\/wp-json\/wp\/v2\/types\/post"}],"author":[{"embeddable":true,"href":"https:\/\/www.europesays.com\/fr\/wp-json\/wp\/v2\/users\/2"}],"replies":[{"embeddable":true,"href":"https:\/\/www.europesays.com\/fr\/wp-json\/wp\/v2\/comments?post=213981"}],"version-history":[{"count":0,"href":"https:\/\/www.europesays.com\/fr\/wp-json\/wp\/v2\/posts\/213981\/revisions"}],"wp:featuredmedia":[{"embeddable":true,"href":"https:\/\/www.europesays.com\/fr\/wp-json\/wp\/v2\/media\/213982"}],"wp:attachment":[{"href":"https:\/\/www.europesays.com\/fr\/wp-json\/wp\/v2\/media?parent=213981"}],"wp:term":[{"taxonomy":"category","embeddable":true,"href":"https:\/\/www.europesays.com\/fr\/wp-json\/wp\/v2\/categories?post=213981"},{"taxonomy":"post_tag","embeddable":true,"href":"https:\/\/www.europesays.com\/fr\/wp-json\/wp\/v2\/tags?post=213981"}],"curies":[{"name":"wp","href":"https:\/\/api.w.org\/{rel}","templated":true}]}}