{"id":213985,"date":"2025-06-29T19:25:26","date_gmt":"2025-06-29T19:25:26","guid":{"rendered":"https:\/\/www.europesays.com\/fr\/213985\/"},"modified":"2025-06-29T19:25:26","modified_gmt":"2025-06-29T19:25:26","slug":"la-rencontre-insolite-de-dany-boon-avec-christian-bale","status":"publish","type":"post","link":"https:\/\/www.europesays.com\/fr\/213985\/","title":{"rendered":"la rencontre insolite de Dany Boon avec Christian Bale"},"content":{"rendered":"<p>Le portrait du num\u00e9ro de \u00ab50mn Inside l\u2019actu\u00bb diffus\u00e9 samedi sur TF1 \u00e9tait consacr\u00e9 au com\u00e9dien de 59 ans. Isabelle Ithurburu l\u2019a rencontr\u00e9 dans l\u2019\u00e9cole de son enfance \u00e0 Armenti\u00e8res.<\/p>\n<p class=\"fig-paragraph\">Le 24 juin dernier, <strong>Isabelle Ithurburu<\/strong> a re\u00e7u <strong>Dany Boon<\/strong> au sein de l\u2019\u00e9cole \u00e9l\u00e9mentaire L\u00e9o Lagrange, \u00e0 Armenti\u00e8res dans le nord de la France. Un entretien diffus\u00e9 dans le cadre du traditionnel portrait du magazine de\u00a0<a href=\"https:\/\/tvmag.lefigaro.fr\/programme-tv\/programme\/50mn-inside-l-actu-f1921252348\" target=\"_blank\" rel=\"noopener\" data-gtm-custom-categorie=\"navigation\" data-gtm-custom-action=\"crossclick\" data-gtm-custom-label=\"Contextuel\" data-gtm-event=\"customEventSPE\"><strong>\u00ab 50mn Inside l\u2019actu\u00a0\u00bb<\/strong><\/a> \u00a0diffus\u00e9 chaque samedi sur TF1. Depuis le d\u00e9but de l\u2019ann\u00e9e, l\u2019humoriste est en tourn\u00e9e avec son nouveau spectacle autobiographique intitul\u00e9 Clown n\u2019est pas un m\u00e9tier.<\/p>\n<p class=\"fig-paragraph\">C\u2019est dans la salle de classe dans laquelle il avait \u00e9t\u00e9, enfant, en CM2 que le natif d\u2019Armenti\u00e8res a \u00e9chang\u00e9 avec l\u2019animatrice de TF1. Celui qui a souffl\u00e9 ses 59 bougies il y a quelques jours se souvient du nom de tous ses instituteurs. \u00ab J\u2019\u00e9tais plut\u00f4t litt\u00e9raire, je n\u2019\u00e9tais pas tr\u00e8s bon en maths\u00a0\u00bb, a confi\u00e9\u00a0<a href=\"http:\/\/www.lefigaro.fr\/faits-divers\/dany-boon-victime-d-un-accident-de-voiture-sur-l-autoroute-a4-20250509\" target=\"_blank\" data-fig-type=\"NewsFlash\" rel=\"noopener\" data-gtm-custom-categorie=\"navigation\" data-gtm-custom-action=\"crossclick\" data-gtm-custom-label=\"Contextuel\" data-gtm-event=\"customEventSPE\" data-fig-domain=\"LEFIGARO\">Dany Boon<\/a>. Les appr\u00e9ciations de ses bulletins scolaires ont \u00e9t\u00e9 une source d\u2019inspiration pour son seul en sc\u00e8ne.<\/p>\n<p class=\"fig-body-link\">\n            \u00c0 lire aussi<br \/>\n        <a class=\"fig-body-link__link\" href=\"http:\/\/www.lefigaro.fr\/cinema\/je-viens-d-apprendre-ma-mort-dany-boon-reagit-avec-humour-apres-son-accident-de-voiture-20250512\" target=\"_blank\" data-fig-type=\"Article\" rel=\"noopener\" data-gtm-custom-categorie=\"navigation\" data-gtm-custom-action=\"crossclick\" data-gtm-custom-label=\"Contextuel\" data-gtm-event=\"customEventSPE\" data-fig-domain=\"LEFIGARO\">\u00ab\u00a0Je viens d\u2019apprendre ma mort\u00a0\u00bb\u00a0:\u00a0Dany Boon r\u00e9agit avec humour apr\u00e8s son accident de voiture<br \/>\n    <\/a>\n<\/p>\n<blockquote class=\"fig-quote&#10;    \">\n<p class=\"fig-quote__text\">\u00ab Si mes enfants avaient des mauvaises notes \u00e0 l\u2019\u00e9cole, ce n\u2019\u00e9tait pas grave\u00a0\u00bb<\/p>\n<p>            Dany Boon\n    <\/p><\/blockquote>\n<p class=\"fig-paragraph\">P\u00e8re de cinq enfants, de 15 \u00e0 27 ans, Dany Boon a r\u00e9v\u00e9l\u00e9 qu\u2019il n\u2019\u00e9tait pas sp\u00e9cialement s\u00e9v\u00e8re avec eux dans le cadre de leur scolarit\u00e9. \u00ab Je voulais qu\u2019ils fassent des efforts mais s\u2019ils avaient des mauvaises notes, ce n\u2019\u00e9tait pas grave\u00a0\u00bb, assure-t-il avant de raconter le jour o\u00f9 il a \u00e9t\u00e9 convoqu\u00e9 par le lyc\u00e9e fran\u00e7ais \u00e0 Los Angeles \u00e0 l\u2019\u00e9poque o\u00f9 son fils aujourd\u2019hui \u00e2g\u00e9 de 20 ans \u00e9tait en maternelle.<\/p>\n<p class=\"fig-paragraph\">\u00ab Il avait mis une fourchette en plastique dans la joue de la fille de\u00a0<a href=\"http:\/\/www.lefigaro.fr\/culture\/comme-bruce-wayne-christian-bale-prend-soin-des-orphelins-20240214\" target=\"_blank\" data-fig-type=\"Article\" rel=\"noopener\" data-gtm-custom-categorie=\"navigation\" data-gtm-custom-action=\"crossclick\" data-gtm-custom-label=\"Contextuel\" data-gtm-event=\"customEventSPE\" data-fig-domain=\"LEFIGARO\">Christian Bale\u00a0\u00bb<\/a>, s\u2019est-il amus\u00e9 \u00e0 expliquer au sujet du com\u00e9dien d\u2019origine galloise qui incarnait Bruce Wayne \u00e0 l\u2019\u00e9poque dans The Dark Knight de Christopher Nolan. \u00ab Je me suis dit que j\u2019allais avoir des probl\u00e8mes avec Batman, j\u2019allais devoir me battre avec lui\u00a0! Mais nous sommes devenus potes apr\u00e8s \u00e7a.\u00a0\u00bb<\/p>\n","protected":false},"excerpt":{"rendered":"Le portrait du num\u00e9ro de \u00ab50mn Inside l\u2019actu\u00bb diffus\u00e9 samedi sur TF1 \u00e9tait consacr\u00e9 au com\u00e9dien de 59&hellip;\n","protected":false},"author":2,"featured_media":213986,"comment_status":"","ping_status":"","sticky":false,"template":"","format":"standard","meta":{"footnotes":""},"categories":[1354],"tags":[976,1000,17146,58,59,1346,1011,27,1714,1718,6975,1360,1713,973,1717,1715,1716],"class_list":{"0":"post-213985","1":"post","2":"type-post","3":"status-publish","4":"format-standard","5":"has-post-thumbnail","7":"category-films","8":"tag-actu-people","9":"tag-celebrites","10":"tag-dany-boon","11":"tag-divertissement","12":"tag-entertainment","13":"tag-films","14":"tag-fr","15":"tag-france","16":"tag-info-people","17":"tag-infos-people-du-jour","18":"tag-isabelle-ithurburu","19":"tag-movies","20":"tag-news-people","21":"tag-people","22":"tag-photo-people","23":"tag-potins-de-stars","24":"tag-potins-people"},"share_on_mastodon":{"url":"https:\/\/pubeurope.com\/@fr\/114768296342260965","error":""},"_links":{"self":[{"href":"https:\/\/www.europesays.com\/fr\/wp-json\/wp\/v2\/posts\/213985","targetHints":{"allow":["GET"]}}],"collection":[{"href":"https:\/\/www.europesays.com\/fr\/wp-json\/wp\/v2\/posts"}],"about":[{"href":"https:\/\/www.europesays.com\/fr\/wp-json\/wp\/v2\/types\/post"}],"author":[{"embeddable":true,"href":"https:\/\/www.europesays.com\/fr\/wp-json\/wp\/v2\/users\/2"}],"replies":[{"embeddable":true,"href":"https:\/\/www.europesays.com\/fr\/wp-json\/wp\/v2\/comments?post=213985"}],"version-history":[{"count":0,"href":"https:\/\/www.europesays.com\/fr\/wp-json\/wp\/v2\/posts\/213985\/revisions"}],"wp:featuredmedia":[{"embeddable":true,"href":"https:\/\/www.europesays.com\/fr\/wp-json\/wp\/v2\/media\/213986"}],"wp:attachment":[{"href":"https:\/\/www.europesays.com\/fr\/wp-json\/wp\/v2\/media?parent=213985"}],"wp:term":[{"taxonomy":"category","embeddable":true,"href":"https:\/\/www.europesays.com\/fr\/wp-json\/wp\/v2\/categories?post=213985"},{"taxonomy":"post_tag","embeddable":true,"href":"https:\/\/www.europesays.com\/fr\/wp-json\/wp\/v2\/tags?post=213985"}],"curies":[{"name":"wp","href":"https:\/\/api.w.org\/{rel}","templated":true}]}}