{"id":213991,"date":"2025-06-29T19:28:11","date_gmt":"2025-06-29T19:28:11","guid":{"rendered":"https:\/\/www.europesays.com\/fr\/213991\/"},"modified":"2025-06-29T19:28:11","modified_gmt":"2025-06-29T19:28:11","slug":"jean-jacques-goldman-la-regrettee-sirima-avec-qui-il-a-chante-la-bas-detenait-une-information-majeure","status":"publish","type":"post","link":"https:\/\/www.europesays.com\/fr\/213991\/","title":{"rendered":"Jean-Jacques Goldman : La regrett\u00e9e Sirima avec qui il a chant\u00e9 L\u00e0-bas d\u00e9tenait une information majeure"},"content":{"rendered":"<p>            <img loading=\"lazy\" decoding=\"async\" src=\"https:\/\/www.europesays.com\/fr\/wp-content\/uploads\/2025\/04\/49-60dc2c1e154d9-35x35-1.jpg\" class=\"author-article-picture\" width=\"35\" height=\"35\"\/><\/p>\n<p>                Par<br \/>\n                                    <a class=\"author-article-bio-link\" href=\"https:\/\/www.purepeople.com\/auteur\/anouchka-volkov_a49\" target=\"_blank\" rel=\"noopener\">Anouchka Volkov<\/a><br \/>\n                                                    | R\u00e9dactrice<\/p>\n<p>\n                Anouchka m\u00e8ne l\u2019enqu\u00eate pour d\u00e9nicher et trouver tous les scoops li\u00e9s aux stars.\n            <\/p>\n<p>\n    Il y a 38 ans, Sirima Wiratunga \u00e9tait r\u00e9v\u00e9l\u00e9e aux yeux du grand public dans le titre \u00ab\u00a0L\u00e0-bas\u00a0\u00bb aux c\u00f4t\u00e9s de Jean-Jacques Goldman. Seulement quelque temps plus tard, elle \u00e9tait assassin\u00e9e par son compagnon. Apr\u00e8s ce drame, on apprenait que la jeune femme cachait un secret majeur depuis un an.\n<\/p>\n<p>                            <img loading=\"lazy\" decoding=\"async\" class=\"player-thumbnail\" src=\"https:\/\/www.europesays.com\/fr\/wp-content\/uploads\/2025\/06\/76e77e7ca52bd091-580x326-2.jpg\" width=\"580\" height=\"326\"\/><\/p>\n<p>                    Jean-Jacques Goldman : La regrett\u00e9e Sirima avec qui il a chant\u00e9 L\u00e0-bas d\u00e9tenait une information majeure<\/p>\n<p>La suite apr\u00e8s la publicit\u00e9<\/p>\n<p>\u00c9norme succ\u00e8s sorti en 1987, le titre L\u00e0-bas \u00e9tait interpr\u00e9t\u00e9 par <a href=\"https:\/\/www.purepeople.com\/people\/jean-jacques-goldman_p288\" target=\"_blank\" rel=\"noopener\">Jean-Jacques Goldman <\/a>&#8211; invit\u00e9 ce 29 juin 2025 dans l&rsquo;\u00e9mission 20h30 le dimanche &#8211; et <a href=\"https:\/\/www.purepeople.com\/article\/jean-jacques-goldman-son-amie-sirima-poignardee-avec-un-couteau-de-cuisine_a450124\/1\" target=\"_blank\" rel=\"noopener\">Sirima Wiratunga<\/a>. Rep\u00e9r\u00e9e par un collaborateur du chanteur dans les couloirs du m\u00e9tro parisien, la jeune femme, qui n&rsquo;avait que 18 ans \u00e0 l&rsquo;\u00e9poque, vivait un enfer lorsqu&rsquo;elle rentrait chez elle. En couple avec un musicien laotien pr\u00e9nomm\u00e9 Kahatra Sasorith, elle \u00e9tait victime de violences conjugales dans l&rsquo;intimit\u00e9.\u00a0<\/p>\n<p>Jaloux du succ\u00e8s de sa compagne, il l&rsquo;a d&rsquo;ailleurs tu\u00e9e avec un couteau de cuisine dans la nuit du 6 au 7 d\u00e9cembre 1989 dans leur studio situ\u00e9 pr\u00e8s du canal Saint-Martin \u00e0 Paris. Condamn\u00e9 \u00e0 9 ans de prison et expuls\u00e9 du territoire en 1996 comme le rappellent nos confr\u00e8res d&rsquo;Ici Paris, il avait \u00ab\u00a0justifi\u00e9\u00a0\u00bb son acte en pr\u00e9textant qu&rsquo;il avait agi ainsi car il \u00e9tait persuad\u00e9 que sa compagne allait le quitter pour un autre.<\/p>\n<blockquote>\n<p>Je te serrerai tendrement\u00a0<\/p>\n<\/blockquote>\n<p><strong>Mais ce que l&rsquo;on sait moins, c&rsquo;est que Sirima Wiratunga avait un fils avec cet homme. <\/strong>C&rsquo;est dans le documentaire de Pascale Thirode baptis\u00e9 Elle s&rsquo;appelait Sirima diffus\u00e9 sur France 3 en 2021 que l&rsquo;on apprenait que <a href=\"https:\/\/www.purepeople.com\/article\/jean-jacques-goldman-la-chanteuse-sirima-assassinee-il-y-a-32-ans-son-fils-lui-lance-un-appel_a473344\/1\" target=\"_blank\" rel=\"noopener\"><strong>ce gar\u00e7on s&rsquo;appelait Kym<\/strong><\/a><strong> et qu&rsquo;il avait seulement un an au moment de la mort de sa maman. <\/strong>Le petit gar\u00e7on a d&rsquo;ailleurs une chanson qui lui \u00e9tait d\u00e9di\u00e9e sur l&rsquo;album de sa maman A Part of me. \u00ab\u00a0Je tiendrai ta petite main, si et quand tu m&rsquo;appelles, je t&rsquo;apprendrai \u00e0 compter jusqu&rsquo;\u00e0 10 et l&rsquo;alphabet de A \u00e0 Z (&#8230;) Je te serrerai tendrement pour apaiser tes peurs, tu seras ma lumi\u00e8re ce soir. Je serai ton soleil et toi ma lune\u00a0\u00bb, peut-on entendre dans cette chanson \u00e9mouvante.<\/p>\n<p>Kym a \u00ab\u00a0exclu\u00a0\u00bb son p\u00e8re de sa vie<\/p>\n<p>Tr\u00e8s touch\u00e9 par le d\u00e9c\u00e8s de la jeune femme, <a href=\"https:\/\/www.purepeople.com\/article\/on-sera-la-jean-jacques-goldman-retire-de-la-scene-musicale-depuis-2022-surprend-ses-fans-avec-un-cadeau-inattendu_a536905\/1\" target=\"_blank\" rel=\"noopener\">Jean-Jacques Goldman<\/a> lui avait rendu hommage en interpr\u00e9tant leur titre \u00e0 l&rsquo;occasion du concert des <a href=\"https:\/\/www.purepeople.com\/article\/nouvelle-recrue-pour-les-enfoires-et-vous-lavez-forcement-deja-vue-une-chanteuse-aux-millions-dalbums-vendus_a535432\/1\" target=\"_blank\" rel=\"noopener\">Enfoir\u00e9s<\/a>, en 1994. Un moment d&rsquo;intense \u00e9motion pour le public et pour le chanteur qui a s\u00fbrement pris Kym sous son aile apr\u00e8s la mort de l&rsquo;artiste.\u00a0<\/p>\n<p>Retrouv\u00e9 par nos confr\u00e8res de Gala, Kym avait r\u00e9v\u00e9l\u00e9 en janvier 2022 o\u00f9 il s&rsquo;\u00e9tait install\u00e9 apr\u00e8s la mort de sa maman : \u00ab\u00a0<strong>Apr\u00e8s le drame, ma grand-m\u00e8re maternelle, Edith Navaratne, a obtenu ma garde et m\u2019a ramen\u00e9 en Angleterre. J\u2019ai d\u2019abord \u00e9t\u00e9 \u00e9lev\u00e9 dans la r\u00e9gion du Fenland, puis j\u2019ai pas mal d\u00e9m\u00e9nag\u00e9 afin que mon p\u00e8re ne nous localise pas. Nous avons fini par nous installer dans la petite ville de March<\/strong>\u00ab\u00a0. \u00ab\u00a0<strong>La nuit o\u00f9 il a d\u00e9cid\u00e9 de mettre fin \u00e0 la vie de ma m\u00e8re, il s\u2019est aussi exclu de ma vie. C\u2019\u00e9tait son choix<\/strong>\u00ab\u00a0, ajoutait le jeune homme qui n&rsquo;a plus aucun contact avec son p\u00e8re.<\/p>\n","protected":false},"excerpt":{"rendered":"Par Anouchka Volkov | R\u00e9dactrice Anouchka m\u00e8ne l\u2019enqu\u00eate pour d\u00e9nicher et trouver tous les scoops li\u00e9s aux stars.&hellip;\n","protected":false},"author":2,"featured_media":213992,"comment_status":"","ping_status":"","sticky":false,"template":"","format":"standard","meta":{"footnotes":""},"categories":[8],"tags":[58,59,1011,27],"class_list":{"0":"post-213991","1":"post","2":"type-post","3":"status-publish","4":"format-standard","5":"has-post-thumbnail","7":"category-divertissement","8":"tag-divertissement","9":"tag-entertainment","10":"tag-fr","11":"tag-france"},"share_on_mastodon":{"url":"https:\/\/pubeurope.com\/@fr\/114768308513716166","error":""},"_links":{"self":[{"href":"https:\/\/www.europesays.com\/fr\/wp-json\/wp\/v2\/posts\/213991","targetHints":{"allow":["GET"]}}],"collection":[{"href":"https:\/\/www.europesays.com\/fr\/wp-json\/wp\/v2\/posts"}],"about":[{"href":"https:\/\/www.europesays.com\/fr\/wp-json\/wp\/v2\/types\/post"}],"author":[{"embeddable":true,"href":"https:\/\/www.europesays.com\/fr\/wp-json\/wp\/v2\/users\/2"}],"replies":[{"embeddable":true,"href":"https:\/\/www.europesays.com\/fr\/wp-json\/wp\/v2\/comments?post=213991"}],"version-history":[{"count":0,"href":"https:\/\/www.europesays.com\/fr\/wp-json\/wp\/v2\/posts\/213991\/revisions"}],"wp:featuredmedia":[{"embeddable":true,"href":"https:\/\/www.europesays.com\/fr\/wp-json\/wp\/v2\/media\/213992"}],"wp:attachment":[{"href":"https:\/\/www.europesays.com\/fr\/wp-json\/wp\/v2\/media?parent=213991"}],"wp:term":[{"taxonomy":"category","embeddable":true,"href":"https:\/\/www.europesays.com\/fr\/wp-json\/wp\/v2\/categories?post=213991"},{"taxonomy":"post_tag","embeddable":true,"href":"https:\/\/www.europesays.com\/fr\/wp-json\/wp\/v2\/tags?post=213991"}],"curies":[{"name":"wp","href":"https:\/\/api.w.org\/{rel}","templated":true}]}}