{"id":213997,"date":"2025-06-29T19:31:10","date_gmt":"2025-06-29T19:31:10","guid":{"rendered":"https:\/\/www.europesays.com\/fr\/213997\/"},"modified":"2025-06-29T19:31:10","modified_gmt":"2025-06-29T19:31:10","slug":"les-menaces-de-liran-contre-laiea-doivent-cesser-estime-berlin","status":"publish","type":"post","link":"https:\/\/www.europesays.com\/fr\/213997\/","title":{"rendered":"les \u00abmenaces\u00bb de l&rsquo;Iran contre l&rsquo;AIEA \u00abdoivent cesser\u00bb, estime Berlin"},"content":{"rendered":"<p>Cette d\u00e9claration du ministre allemand des Affaires \u00e9trang\u00e8res intervient apr\u00e8s que le chef de la diplomatie iranienne a d\u00e9nonc\u00e9 les \u00abintentions malveillantes\u00bb, selon lui, du pr\u00e9sident de l\u2019Agence internationale de l\u2019\u00e9nergie atomique.<\/p>\n<p class=\"fig-paragraph\">Berlin a apport\u00e9 son soutien dimanche au chef de l&rsquo;Agence internationale de l&rsquo;\u00e9nergie atomique (AIEA),\u00a0<a href=\"https:\/\/www.lefigaro.fr\/secteur\/high-tech\/rafael-mariano-grossi-le-nucleaire-apporte-une-reponse-claire-efficace-et-immediate-aux-enjeux-climatiques-20231201\" target=\"_blank\" data-fig-type=\"Article\" rel=\"noopener\" data-gtm-custom-categorie=\"navigation\" data-gtm-custom-action=\"crossclick\" data-gtm-custom-label=\"Contextuel\" data-gtm-event=\"customEventSPE\" data-fig-domain=\"LEFIGARO\">Rafael Grossi<\/a>, estimant que les \u00abmenaces\u00bb de l&rsquo;Iran le visant sont \u00abprofond\u00e9ment troublantes\u00bb et \u00abdoivent cesser\u00bb.<\/p>\n<p class=\"fig-paragraph\">\u00abJe salue les efforts et le professionnalisme sans faille du directeur Rafael Grossi et de son \u00e9quipe\u00bb, a d\u00e9clar\u00e9 sur X Johann Wadephul, le ministre allemand des Affaires \u00e9trang\u00e8res, apr\u00e8s le rejet par T\u00e9h\u00e9ran de la demande de l&rsquo;AIEA de visiter des installations nucl\u00e9aires bombard\u00e9es par Isra\u00ebl et les \u00c9tats-Unis. \u00abLes menaces de l&rsquo;Iran contre eux sont profond\u00e9ment troublantes et doivent cesser\u00bb, a-t-il ajout\u00e9, sans pr\u00e9ciser la nature de ces menaces. Il a \u00e9galement appel\u00e9 les autorit\u00e9s iraniennes \u00ab\u00e0 coop\u00e9rer pleinement avec l\u2019AIEA et \u00e0 garantir la s\u00e9curit\u00e9 de son personnel\u00bb.<\/p>\n<p>\u00abTr\u00e8s mauvais signal\u00bb<\/p>\n<p class=\"fig-paragraph\">Jeudi, Johann Wadephul avait d\u00e9j\u00e0 exhort\u00e9 l&rsquo;Iran \u00e0 poursuivre sa coop\u00e9ration avec l&rsquo;AIEA, qualifiant le vote des d\u00e9put\u00e9s iraniens visant \u00e0 mettre fin \u00e0 cette coop\u00e9ration de \u00abtr\u00e8s mauvais signal\u00bb.<\/p>\n<p class=\"fig-paragraph\">Le chef de l&rsquo;AIEA avait r\u00e9clam\u00e9 lundi un acc\u00e8s aux sites nucl\u00e9aires iraniens afin de pouvoir \u00e9tablir ce qu&rsquo;il est advenu du stock d&rsquo;uranium enrichi apr\u00e8s les\u00a0<a href=\"http:\/\/www.lefigaro.fr\/international\/le-programme-nucleaire-iranien-a-t-il-ete-detruit-par-les-frappes-americaines-20250622\" target=\"_blank\" data-fig-type=\"Article\" rel=\"noopener\" data-gtm-custom-categorie=\"navigation\" data-gtm-custom-action=\"crossclick\" data-gtm-custom-label=\"Contextuel\" data-gtm-event=\"customEventSPE\" data-fig-domain=\"LEFIGARO\">bombardements isra\u00e9liens et am\u00e9ricains contre des sites nucl\u00e9aires<\/a>.<\/p>\n<p class=\"fig-paragraph\">Cette d\u00e9claration du ministre allemand intervient apr\u00e8s que le chef de la diplomatie iranienne Abbas Araghchi a d\u00e9nonc\u00e9 vendredi les \u00abintentions malveillantes\u00bb, selon lui, de Rafael Grossi.<\/p>\n<p class=\"fig-paragraph\">Apr\u00e8s 12 jours de bombardements r\u00e9ciproques, un cessez-le-feu entre l&rsquo;Iran et Isra\u00ebl est entr\u00e9 en vigueur mardi.<\/p>\n<p class=\"fig-paragraph\">Isra\u00ebl avait d\u00e9clench\u00e9 les hostilit\u00e9s le 13 juin avec des bombardements en Iran dans le but affich\u00e9 d&#8217;emp\u00eacher l&rsquo;Iran de se doter de la bombe atomique, tuant les principaux responsables militaires du pays ainsi que des scientifiques li\u00e9s au programme nucl\u00e9aire iranien. L&rsquo;Iran a exprim\u00e9 dimanche de \u00abs\u00e9rieux doutes\u00bb sur les intentions d&rsquo;Isra\u00ebl de continuer \u00e0 respecter le cessez-le-feu.<\/p>\n","protected":false},"excerpt":{"rendered":"Cette d\u00e9claration du ministre allemand des Affaires \u00e9trang\u00e8res intervient apr\u00e8s que le chef de la diplomatie iranienne a&hellip;\n","protected":false},"author":2,"featured_media":213998,"comment_status":"","ping_status":"","sticky":false,"template":"","format":"standard","meta":{"footnotes":""},"categories":[5],"tags":[259,11,260,1011,27,14,3019,261,12,5654,262,28],"class_list":{"0":"post-213997","1":"post","2":"type-post","3":"status-publish","4":"format-standard","5":"has-post-thumbnail","7":"category-international","8":"tag-actualite-internationale","9":"tag-actualites","10":"tag-affaires-etrangeres","11":"tag-fr","12":"tag-france","13":"tag-international","14":"tag-iran","15":"tag-ministere-des-affaires-etrangeres","16":"tag-news","17":"tag-nucleaire","18":"tag-politique-etrangere","19":"tag-world"},"share_on_mastodon":{"url":"https:\/\/pubeurope.com\/@fr\/114768319856717945","error":""},"_links":{"self":[{"href":"https:\/\/www.europesays.com\/fr\/wp-json\/wp\/v2\/posts\/213997","targetHints":{"allow":["GET"]}}],"collection":[{"href":"https:\/\/www.europesays.com\/fr\/wp-json\/wp\/v2\/posts"}],"about":[{"href":"https:\/\/www.europesays.com\/fr\/wp-json\/wp\/v2\/types\/post"}],"author":[{"embeddable":true,"href":"https:\/\/www.europesays.com\/fr\/wp-json\/wp\/v2\/users\/2"}],"replies":[{"embeddable":true,"href":"https:\/\/www.europesays.com\/fr\/wp-json\/wp\/v2\/comments?post=213997"}],"version-history":[{"count":0,"href":"https:\/\/www.europesays.com\/fr\/wp-json\/wp\/v2\/posts\/213997\/revisions"}],"wp:featuredmedia":[{"embeddable":true,"href":"https:\/\/www.europesays.com\/fr\/wp-json\/wp\/v2\/media\/213998"}],"wp:attachment":[{"href":"https:\/\/www.europesays.com\/fr\/wp-json\/wp\/v2\/media?parent=213997"}],"wp:term":[{"taxonomy":"category","embeddable":true,"href":"https:\/\/www.europesays.com\/fr\/wp-json\/wp\/v2\/categories?post=213997"},{"taxonomy":"post_tag","embeddable":true,"href":"https:\/\/www.europesays.com\/fr\/wp-json\/wp\/v2\/tags?post=213997"}],"curies":[{"name":"wp","href":"https:\/\/api.w.org\/{rel}","templated":true}]}}