{"id":21400,"date":"2025-04-13T04:57:27","date_gmt":"2025-04-13T04:57:27","guid":{"rendered":"https:\/\/www.europesays.com\/fr\/21400\/"},"modified":"2025-04-13T04:57:27","modified_gmt":"2025-04-13T04:57:27","slug":"lyon-cet-acces-a-la-gare-sncf-part-dieu-enfin-ouvert-tout-ce-qui-change","status":"publish","type":"post","link":"https:\/\/www.europesays.com\/fr\/21400\/","title":{"rendered":"Lyon. Cet acc\u00e8s \u00e0 la gare SNCF Part-Dieu enfin ouvert : tout ce qui change"},"content":{"rendered":"<p>            Par<br \/>\n        <strong><br \/>\n            <a href=\"https:\/\/actu.fr\/auteur\/anthony-soudani\" title=\"Consulter tous les articles de Anthony Soudani\" rel=\"nofollow noopener\" target=\"_blank\">Anthony Soudani<\/a><br \/>\n        <\/strong><\/p>\n<p>        Publi\u00e9 le<\/p>\n<p>            11 avr. 2025 \u00e0 16h09<br \/>\n        ; mis \u00e0 jour le 11 avr. 2025 \u00e0 18h45    <\/p>\n<p>C\u2019est une premi\u00e8re \u00e9volution avant l\u2019ouverture compl\u00e8te de la place B\u00e9raudier, \u00e0 l\u2019automne, devant la <a href=\"https:\/\/actu.fr\/auvergne-rhone-alpes\/lyon_69123\/lyon-part-dieu-on-en-sait-plus-sur-la-fin-de-ce-grand-chantier-devant-la-gare-sncf_62387464.html\" rel=\"nofollow noopener\" target=\"_blank\">gare SNCF de Lyon Part-Dieu<\/a>. <strong>La place basse ouvre<\/strong> ce vendredi 11 avril \u00e0 16 heures. Cela va changer d\u00e9j\u00e0 beaucoup de choses pour les voyageurs avec de nouveaux commerces, un acc\u00e8s direct au <a href=\"https:\/\/actu.fr\/auvergne-rhone-alpes\/lyon_69123\/tcl-lyon-c-est-quoi-ce-super-metro-qui-commence-a-circuler-sur-la-ligne-b_62421890.html\" rel=\"nofollow noopener\" target=\"_blank\">m\u00e9tro B<\/a>, au <a href=\"https:\/\/actu.fr\/auvergne-rhone-alpes\/lyon_69123\/lyon-part-dieu-ce-nouveau-parking-souterrain-geant-de-1-000-places-ouvre-a-la-gare_62064791.html\" rel=\"nofollow noopener\" target=\"_blank\">parking B\u00e9raudier P1<\/a> et \u00e0 la v\u00e9lo-station.<\/p>\n<p>Un acc\u00e8s direct \u00e0 la station du m\u00e9tro B, la v\u00e9lo-station pas ouverte\u2026<\/p>\n<p class=\" wall-content\">La place basse, partiellement couverte, est reconnaissable de loin, avec cette ruche monumentale mont\u00e9e sur neuf pyl\u00f4nes. Elle regroupe en un seul et m\u00eame lieu plusieurs services li\u00e9s \u00e0 la mobilit\u00e9.\u00a0<\/p>\n<p>      <img   decoding=\"async\" loading=\"lazy\" src=\"https:\/\/www.europesays.com\/fr\/wp-content\/uploads\/2025\/04\/place-basse-gare-lyon-part-dieu-960x640.jpg\" alt=\"Les escalators et escaliers de la place basse qui permettent d'acc\u00e9der \u00e0 la gare SNCF de Lyon Part-Dieu.\" width=\"960\" height=\"640\"\/><br \/>\n    Les escalators et escaliers de la place basse qui permettent d\u2019acc\u00e9der \u00e0 la gare SNCF de Lyon Part-Dieu. (\u00a9Anthony Soudani \/ actu Lyon)<\/p>\n<p class=\" wall-content\">Il y a le nouvel acc\u00e8s au m\u00e9tro direct vers la station gare Part-Dieu Vivier-Merle du m\u00e9tro B. Un acc\u00e8s pour quinze taxis va \u00e9galement voir le jour d\u2019ici la fin d\u2019ann\u00e9e avec une d\u00e9pose des voyageurs et un lieu de rendez-vous pour les taxis command\u00e9s, afin de compl\u00e9ter l\u2019offre c\u00f4t\u00e9 Villette.\u00a0<\/p>\n<p>      <img   decoding=\"async\" loading=\"lazy\" src=\"https:\/\/www.europesays.com\/fr\/wp-content\/uploads\/2025\/04\/place-basse-lyon-part-dieu-960x640.jpg\" alt=\"L'acc\u00e8s pi\u00e9ton qui permettra de rejoindre la station du m\u00e9tro B de la gare Part-Dieu.\" width=\"960\" height=\"640\"\/><br \/>\n    L\u2019acc\u00e8s pi\u00e9ton qui permettra de rejoindre la station du m\u00e9tro B de la gare Part-Dieu. (\u00a9Anthony Soudani \/ actu Lyon)<\/p>\n<p class=\" wall-content\">Si la place basse a \u00e9t\u00e9 inaugur\u00e9e ce vendredi 11 avril, <strong>une grosse d\u00e9ception<\/strong> demeure. La grande v\u00e9lo-station de 1 500 places, tr\u00e8s attendue, n\u2019est pas ouverte. Le pr\u00e9sident de la M\u00e9tropole de Lyon, Bruno Bernard, \u00e9voque \u00ab\u00a0quelques semaines\u00a0\u00bb avant son ouverture.<\/p>\n<p>      <img   decoding=\"async\" loading=\"lazy\" src=\"https:\/\/www.europesays.com\/fr\/wp-content\/uploads\/2025\/04\/jardin-place-basse-lyon-part-dieu-960x640.jpg\" alt=\"Le jardin de la place basse a \u00e9t\u00e9 inaugur\u00e9, a contrario de la tr\u00e8s attendue v\u00e9lo-station juste derri\u00e8re.\" width=\"960\" height=\"640\"\/><br \/>\n    Le jardin de la place basse a \u00e9t\u00e9 inaugur\u00e9, a contrario de la tr\u00e8s attendue v\u00e9lo-station juste derri\u00e8re. (\u00a9Anthony Soudani \/ actu Lyon)Sept commerces vont ouvrir dont KFC et Starbucks\u00a0<\/p>\n<p class=\" wall-content\">Sept commerces et services sont attendus \u00e0 ce niveau. Pour l\u2019heure, aucun n\u2019est ouvert mais certaines enseignes sont d\u00e9j\u00e0 affich\u00e9es, telles que <strong>Monop\u2019daily, Starbucks<\/strong> et <a href=\"https:\/\/actu.fr\/auvergne-rhone-alpes\/lyon_69123\/lyon-kfc-ouvre-encore-un-restaurant-juste-apres-la-polemique-rue-de-la-republique_61853249.html\" rel=\"nofollow noopener\" target=\"_blank\">KFC<\/a>. Un jardin bois\u00e9 de 280 m\u00b2 a \u00e9t\u00e9 par ailleurs am\u00e9nag\u00e9 avec une ouverture qui offre une vue directe sur les tours de la Part-Dieu.<\/p>\n<p>      <img   decoding=\"async\" loading=\"lazy\" src=\"https:\/\/www.europesays.com\/fr\/wp-content\/uploads\/2025\/04\/starbucks-lyon-part-dieu-960x640.jpg\" alt=\"Le Starbucks et le Monop'daily qui vont ouvrir sur la place basse de la gare SNCF Lyon Part-Dieu.\" width=\"960\" height=\"640\"\/><br \/>\n    Le Starbucks et le Monop\u2019daily qui vont ouvrir sur la place basse de la gare SNCF Lyon Part-Dieu. (\u00a9Anthony Soudani \/ actu Lyon)<\/p>\n<p class=\" wall-content\">La place basse est accessible tous les jours de 4h30 \u00e0 1h du matin, les vendredis et samedis jusqu\u2019\u00e0 2h du matin, soit sur toute la dur\u00e9e d\u2019ouverture de la gare et du m\u00e9tro.<\/p>\n<p class=\" wall-content\">Suivez toute l\u2019actualit\u00e9 de vos villes et m\u00e9dias favoris en vous inscrivant \u00e0 <a href=\"https:\/\/moncompte.actu.fr\" title=\"D\u00e9couvez Mon Actu\" rel=\"nofollow noopener\" data-trk=\"{&quot;cta&quot;:{&quot;action&quot;:&quot;https:\\\/\\\/moncompte.actu.fr&quot;,&quot;category&quot;:&quot;mon compte&quot;,&quot;from&quot;:&quot;article footer&quot;,&quot;name&quot;:&quot;Mon actu&quot;,&quot;type&quot;:&quot;cta&quot;}}\" target=\"_blank\">Mon Actu<\/a>.<\/p>\n","protected":false},"excerpt":{"rendered":"Par Anthony Soudani Publi\u00e9 le 11 avr. 2025 \u00e0 16h09 ; mis \u00e0 jour le 11 avr. 2025&hellip;\n","protected":false},"author":2,"featured_media":21401,"comment_status":"","ping_status":"","sticky":false,"template":"","format":"standard","meta":{"footnotes":""},"categories":[1889],"tags":[1111,11,2430,215,1777,674,1011,27,2428,6178,12,25,104,5787],"class_list":{"0":"post-21400","1":"post","2":"type-post","3":"status-publish","4":"format-standard","5":"has-post-thumbnail","7":"category-lyon","8":"tag-actu","9":"tag-actualites","10":"tag-auvergne-rhone-alpes","11":"tag-commerce","12":"tag-eu","13":"tag-europe","14":"tag-fr","15":"tag-france","16":"tag-lyon","17":"tag-lyon-part-dieu","18":"tag-news","19":"tag-republique-francaise","20":"tag-societe","21":"tag-transports-en-commun-lyonnais-tcl"},"share_on_mastodon":{"url":"https:\/\/pubeurope.com\/@fr\/114328885238333325","error":""},"_links":{"self":[{"href":"https:\/\/www.europesays.com\/fr\/wp-json\/wp\/v2\/posts\/21400","targetHints":{"allow":["GET"]}}],"collection":[{"href":"https:\/\/www.europesays.com\/fr\/wp-json\/wp\/v2\/posts"}],"about":[{"href":"https:\/\/www.europesays.com\/fr\/wp-json\/wp\/v2\/types\/post"}],"author":[{"embeddable":true,"href":"https:\/\/www.europesays.com\/fr\/wp-json\/wp\/v2\/users\/2"}],"replies":[{"embeddable":true,"href":"https:\/\/www.europesays.com\/fr\/wp-json\/wp\/v2\/comments?post=21400"}],"version-history":[{"count":0,"href":"https:\/\/www.europesays.com\/fr\/wp-json\/wp\/v2\/posts\/21400\/revisions"}],"wp:featuredmedia":[{"embeddable":true,"href":"https:\/\/www.europesays.com\/fr\/wp-json\/wp\/v2\/media\/21401"}],"wp:attachment":[{"href":"https:\/\/www.europesays.com\/fr\/wp-json\/wp\/v2\/media?parent=21400"}],"wp:term":[{"taxonomy":"category","embeddable":true,"href":"https:\/\/www.europesays.com\/fr\/wp-json\/wp\/v2\/categories?post=21400"},{"taxonomy":"post_tag","embeddable":true,"href":"https:\/\/www.europesays.com\/fr\/wp-json\/wp\/v2\/tags?post=21400"}],"curies":[{"name":"wp","href":"https:\/\/api.w.org\/{rel}","templated":true}]}}