{"id":214003,"date":"2025-06-29T19:34:10","date_gmt":"2025-06-29T19:34:10","guid":{"rendered":"https:\/\/www.europesays.com\/fr\/214003\/"},"modified":"2025-06-29T19:34:10","modified_gmt":"2025-06-29T19:34:10","slug":"soprano-debarque-sur-les-ecrans-stephanois-avant-premiere-au-megarama","status":"publish","type":"post","link":"https:\/\/www.europesays.com\/fr\/214003\/","title":{"rendered":"SOPRANO D\u00c9BARQUE SUR LES \u00c9CRANS ST\u00c9PHANOIS : AVANT-PREMI\u00c8RE AU MEGARAMA"},"content":{"rendered":"<p>Marius et les gardiens de la cit\u00e9 phoc\u00e9enne promet de transporter les spectateurs st\u00e9phanois dans l\u2019univers truculent de la cit\u00e9 phoc\u00e9enne, entre humour du Midi et aventure rocambolesque. Cette projection exceptionnelle permettra au public lig\u00e9rien de d\u00e9couvrir en exclusivit\u00e9 cette production fran\u00e7aise avant sa sortie nationale.<\/p>\n<p>L\u2019intrigue suit les p\u00e9rip\u00e9ties de Marius, personnage flamboyant incarn\u00e9 par Soprano, qui s\u2019est autoproclam\u00e9 Roi de Marseille. Ce guide touristique exub\u00e9rant prom\u00e8ne sa client\u00e8le dans son bus panoramique, vendant avec passion sa vision personnelle de la ville. Mais quand la m\u00e9canique le l\u00e2che, c\u2019est tout son mod\u00e8le \u00e9conomique qui vacille, le for\u00e7ant \u00e0 explorer de nouveaux horizons pour sauver son petit commerce.<\/p>\n<p>Le destin de Marius bascule lors de sa rencontre fortuite avec trois jeunes du quartier qui pr\u00e9tendent d\u00e9tenir des informations sur un myst\u00e9rieux tr\u00e9sor. Cette r\u00e9v\u00e9lation transforme radicalement la trajectoire du protagoniste, l\u2019entra\u00eenant malgr\u00e9 lui dans une qu\u00eate p\u00e9rilleuse.<\/p>\n<p>Distribution \u00e9clectique et talentueuse<\/p>\n<p>Tony T. Datis signe la r\u00e9alisation de cette production qui r\u00e9unit un casting vari\u00e9 autour de la figure centrale de Soprano. Anys Ajbouh, Imran Bouzalim, Fatou Niass et Sofia Belabbes incarnent la nouvelle g\u00e9n\u00e9ration marseillaise, tandis que Nordine Salhi, Walid Ben Amar et Nassim Bouguezzi compl\u00e8tent cette galerie de personnages.<\/p>\n<p>La pr\u00e9sence d\u2019Olivier Cabassut, Hannil Ghilas et Jean-J\u00e9r\u00f4me Esposito enrichit cette distribution qui promet des interactions savoureuses.<\/p>\n<\/p>\n<p>Com\u00e9die marseillaise aux accents universels<\/p>\n<p>Ce film s\u2019inscrit dans la tradition des com\u00e9dies m\u00e9diterran\u00e9ennes qui puisent leur force dans l\u2019authenticit\u00e9 des caract\u00e8res et la chaleur des relations humaines. L\u2019univers marseillais sert d\u2019\u00e9crin \u00e0 une histoire d\u2019amiti\u00e9 improbable et de solidarit\u00e9 face \u00e0 l\u2019adversit\u00e9.<\/p>\n<p>Rendez-vous mardi soir pour l\u2019\u00e9vasion<\/p>\n<p>Les spectateurs int\u00e9ress\u00e9s par cette escapade marseillaise sont attendus <strong>mardi 1er juillet \u00e0 19h45 au Megarama Jean-Jaur\u00e8s<\/strong>. Cette projection unique permettra de s\u2019\u00e9vader vers les quartiers ensoleill\u00e9s de Marseille, le temps d\u2019une soir\u00e9e cin\u00e9ma plac\u00e9e sous le signe de l\u2019humour et de l\u2019aventure.<\/p>\n<p><strong>Informations pratiques :<\/strong>\u00a0Avant-premi\u00e8re \u00ab\u00a0Marius et les gardiens de la cit\u00e9 phoc\u00e9enne\u00a0\u00bb, mardi 1er juillet \u00e0 19h45, Megarama Jean-Jaur\u00e8s, Saint-\u00c9tienne. R\u00e9servation <a href=\"https:\/\/www.ticketingcine.fr\/?nc=1204&amp;lang=fr&amp;ids=88294&amp;ps=erakys&amp;cmp=other\" target=\"_blank\" rel=\"noreferrer noopener\">ICI<\/a>.<\/p>\n","protected":false},"excerpt":{"rendered":"Marius et les gardiens de la cit\u00e9 phoc\u00e9enne promet de transporter les spectateurs st\u00e9phanois dans l\u2019univers truculent de&hellip;\n","protected":false},"author":2,"featured_media":214004,"comment_status":"","ping_status":"","sticky":false,"template":"","format":"standard","meta":{"footnotes":""},"categories":[9653],"tags":[1111,11,2430,10903,650,1777,674,1011,27,3367,35358,10905,12,25,4001,10826],"class_list":{"0":"post-214003","1":"post","2":"type-post","3":"status-publish","4":"format-standard","5":"has-post-thumbnail","7":"category-saint-etienne","8":"tag-actu","9":"tag-actualites","10":"tag-auvergne-rhone-alpes","11":"tag-avant-premiere","12":"tag-cinema","13":"tag-eu","14":"tag-europe","15":"tag-fr","16":"tag-france","17":"tag-loire","18":"tag-marius-et-les-gardiens-de-la-cite-phoceenne","19":"tag-megarama","20":"tag-news","21":"tag-republique-francaise","22":"tag-saint-etienne","23":"tag-soprano"},"share_on_mastodon":{"url":"https:\/\/pubeurope.com\/@fr\/114768331679572044","error":""},"_links":{"self":[{"href":"https:\/\/www.europesays.com\/fr\/wp-json\/wp\/v2\/posts\/214003","targetHints":{"allow":["GET"]}}],"collection":[{"href":"https:\/\/www.europesays.com\/fr\/wp-json\/wp\/v2\/posts"}],"about":[{"href":"https:\/\/www.europesays.com\/fr\/wp-json\/wp\/v2\/types\/post"}],"author":[{"embeddable":true,"href":"https:\/\/www.europesays.com\/fr\/wp-json\/wp\/v2\/users\/2"}],"replies":[{"embeddable":true,"href":"https:\/\/www.europesays.com\/fr\/wp-json\/wp\/v2\/comments?post=214003"}],"version-history":[{"count":0,"href":"https:\/\/www.europesays.com\/fr\/wp-json\/wp\/v2\/posts\/214003\/revisions"}],"wp:featuredmedia":[{"embeddable":true,"href":"https:\/\/www.europesays.com\/fr\/wp-json\/wp\/v2\/media\/214004"}],"wp:attachment":[{"href":"https:\/\/www.europesays.com\/fr\/wp-json\/wp\/v2\/media?parent=214003"}],"wp:term":[{"taxonomy":"category","embeddable":true,"href":"https:\/\/www.europesays.com\/fr\/wp-json\/wp\/v2\/categories?post=214003"},{"taxonomy":"post_tag","embeddable":true,"href":"https:\/\/www.europesays.com\/fr\/wp-json\/wp\/v2\/tags?post=214003"}],"curies":[{"name":"wp","href":"https:\/\/api.w.org\/{rel}","templated":true}]}}