{"id":214007,"date":"2025-06-29T19:36:18","date_gmt":"2025-06-29T19:36:18","guid":{"rendered":"https:\/\/www.europesays.com\/fr\/214007\/"},"modified":"2025-06-29T19:36:18","modified_gmt":"2025-06-29T19:36:18","slug":"concert-classique-en-plein-air-en-survolant-les-annees-folles","status":"publish","type":"post","link":"https:\/\/www.europesays.com\/fr\/214007\/","title":{"rendered":"Concert classique en plein air En survolant les ann\u00e9es folles"},"content":{"rendered":"<p>Le conservatoire r\u00e9gional du Grand Nancy place son orchestre \u00e0 vents et percussions sous la baguette du chef invit\u00e9, Alejandro Sandler, et propose un voyage dans l\u2019effervescence des ann\u00e9es folles. Dans une joyeuse insouciance, formes classiques et danses traditionnelles d\u2019Europe y c\u00f4toient le jazz et les rythmes chaloup\u00e9s d\u2019Am\u00e9rique latine\u2026 La soixantaine de musiciens interpr\u00e9tera la Suite n\u00b0\u00a01 en mi b\u00e9mol majeur de Gustav Holst\u00a0; la Suite fran\u00e7aise de Darius Milhaud\u00a0; Cassiopeia de Carlos Marques\u00a0; The Symphonic Duke, de Duke Ellington\u00a0; et Night and Day, de Cole Porter.<\/p>\n<p class=\"note\">Mercredi 2\u00a0juillet, \u00e0 19\u00a0h, sur la plage des 2-Rives, Rives de Meurthe, \u00e0 Nancy. Gratuit.<\/p>\n","protected":false},"excerpt":{"rendered":"Le conservatoire r\u00e9gional du Grand Nancy place son orchestre \u00e0 vents et percussions sous la baguette du chef&hellip;\n","protected":false},"author":2,"featured_media":214008,"comment_status":"","ping_status":"","sticky":false,"template":"","format":"standard","meta":{"footnotes":""},"categories":[9635],"tags":[1111,11,1687,1704,1777,674,1011,27,775,873,1702,1703,12,25],"class_list":{"0":"post-214007","1":"post","2":"type-post","3":"status-publish","4":"format-standard","5":"has-post-thumbnail","7":"category-nancy","8":"tag-actu","9":"tag-actualites","10":"tag-culture-loisirs","11":"tag-edition-nancy-et-agglomeration","12":"tag-eu","13":"tag-europe","14":"tag-fr","15":"tag-france","16":"tag-grand-est","17":"tag-musique","18":"tag-nancy","19":"tag-nancy-ville-54b","20":"tag-news","21":"tag-republique-francaise"},"share_on_mastodon":{"url":"https:\/\/pubeurope.com\/@fr\/114768339631202233","error":""},"_links":{"self":[{"href":"https:\/\/www.europesays.com\/fr\/wp-json\/wp\/v2\/posts\/214007","targetHints":{"allow":["GET"]}}],"collection":[{"href":"https:\/\/www.europesays.com\/fr\/wp-json\/wp\/v2\/posts"}],"about":[{"href":"https:\/\/www.europesays.com\/fr\/wp-json\/wp\/v2\/types\/post"}],"author":[{"embeddable":true,"href":"https:\/\/www.europesays.com\/fr\/wp-json\/wp\/v2\/users\/2"}],"replies":[{"embeddable":true,"href":"https:\/\/www.europesays.com\/fr\/wp-json\/wp\/v2\/comments?post=214007"}],"version-history":[{"count":0,"href":"https:\/\/www.europesays.com\/fr\/wp-json\/wp\/v2\/posts\/214007\/revisions"}],"wp:featuredmedia":[{"embeddable":true,"href":"https:\/\/www.europesays.com\/fr\/wp-json\/wp\/v2\/media\/214008"}],"wp:attachment":[{"href":"https:\/\/www.europesays.com\/fr\/wp-json\/wp\/v2\/media?parent=214007"}],"wp:term":[{"taxonomy":"category","embeddable":true,"href":"https:\/\/www.europesays.com\/fr\/wp-json\/wp\/v2\/categories?post=214007"},{"taxonomy":"post_tag","embeddable":true,"href":"https:\/\/www.europesays.com\/fr\/wp-json\/wp\/v2\/tags?post=214007"}],"curies":[{"name":"wp","href":"https:\/\/api.w.org\/{rel}","templated":true}]}}