{"id":21402,"date":"2025-04-13T05:00:10","date_gmt":"2025-04-13T05:00:10","guid":{"rendered":"https:\/\/www.europesays.com\/fr\/21402\/"},"modified":"2025-04-13T05:00:10","modified_gmt":"2025-04-13T05:00:10","slug":"la-pizzeria-ne-resiste-pas-au-controle-sanitaire-la-prefecture-ordonne-la-fermeture","status":"publish","type":"post","link":"https:\/\/www.europesays.com\/fr\/21402\/","title":{"rendered":"la pizzeria ne r\u00e9siste pas au contr\u00f4le sanitaire, la pr\u00e9fecture ordonne la fermeture"},"content":{"rendered":"<p>            Par<br \/>\n        <strong><br \/>\n            <a href=\"https:\/\/actu.fr\/auteur\/redaction-paris\" title=\"Consulter tous les articles de R\u00e9daction Paris\" target=\"_blank\" rel=\"noopener\">R\u00e9daction Paris<\/a><br \/>\n        <\/strong><\/p>\n<p>        Publi\u00e9 le<\/p>\n<p>            12 avr. 2025 \u00e0 13h16        <\/p>\n<p>Les r\u00e8gles \u00e9l\u00e9mentaires d\u2019hygi\u00e8ne sont loin d\u2019\u00eatre la r\u00e8gle dans de nombreux \u00e9tablissements de Seine-Saint-Denis \u00e0 en croire les r\u00e9sultats des <strong>contr\u00f4les sanitaires<\/strong> men\u00e9s par la <a href=\"https:\/\/actu.fr\/tag\/prefecture-de-seine-saint-denis\" target=\"_blank\" rel=\"noopener\">pr\u00e9fecture<\/a> dans des <a href=\"https:\/\/actu.fr\/tag\/restaurant\" target=\"_blank\" rel=\"noopener\">restaurants<\/a> et \u00e9piceries du d\u00e9partement. Les semaines se suivent et se ressemblent avec toujours les m\u00eames griefs relev\u00e9s susceptibles d\u2019\u00eatre pr\u00e9judiciables pour la sant\u00e9 des clients. Une nouvelle <strong>fermeture en urgence<\/strong> a \u00e9t\u00e9 ordonn\u00e9e jeudi 10 avril 2025 contre une pizzeria.\u00a0<\/p>\n<p>\u00ab\u00a0Des dangers graves pour la sant\u00e9 publique\u00a0\u00bb<\/p>\n<p class=\" wall-content\">Le 8 avril, les agents de l\u2019organisme Bureau Veritas, se sont rendus dans la pizzeria Bona Pizza, situ\u00e9e 4 all\u00e9e Gambetta \u00e0 Villemomble. Et ce qu\u2019ils ont vu ne les a pas incit\u00e9 \u00e0 la cl\u00e9mence.\u00a0<\/p>\n<p class=\" wall-content\">A commencer par les traces de d\u00e9jections de rongeurs qui faisaient d\u00e9sordre et t\u00e9moignaient une insuffisante lutte contre les nuisibles.\u00a0<\/p>\n<p class=\" wall-content\">\u00ab\u00a0Les denr\u00e9es alimentaires sont manipul\u00e9es dans des locaux mal am\u00e9nag\u00e9s, malais\u00e9s \u00e0 nettoyer et \u00e0 d\u00e9sinfecter, comportant une source d\u2019insalubrit\u00e9, et dont les rev\u00eatements sont souill\u00e9s, pouvant \u00eatre sources de contaminations par des germes pathog\u00e8nes\u00a0\u00bb, appuie la pr\u00e9fecture dans l\u2019arr\u00eat\u00e9 pris pour ordonner la fermeture. Elle poursuit : \u00ab\u00a0les manquements relev\u00e9s pr\u00e9sentent des dangers graves pour la <a href=\"https:\/\/actu.fr\/tag\/sante\" target=\"_blank\" rel=\"noopener\">sant\u00e9<\/a> publique\u00a0\u00bb.\u00a0<\/p>\n<p class=\" wall-content\">Dans la foul\u00e9e, elle pointe du doigt les salari\u00e9s qui \u00ab\u00a0utilisent du mat\u00e9riel sale et souill\u00e9, situation favorisant la contamination des produits alimentaires par des germes pathog\u00e8nes\u00a0 et pouvant favoriser leur d\u00e9veloppement\u00a0\u00bb.\u00a0<\/p>\n<p class=\" wall-content\">Plus g\u00e9n\u00e9ralement, les salari\u00e9s ne respectent pas les bonnes pratiques d\u2019hygi\u00e8ne tandis que les \u00ab\u00a0proc\u00e9dures de ma\u00eetrise des risques sanitaires ne sont pas appliqu\u00e9es\u00a0\u00bb. L\u2019absence de ma\u00eetrise des temp\u00e9ratures et des conditions de conservation engendre un risque de Toxi infection alimentaire collective\u00a0\u00bb, d\u00e9veloppe la pr\u00e9fecture.\u00a0<\/p>\n<p class=\" wall-content\">Pour cette derni\u00e8re, il n\u2019y avait donc d\u2019autre solution que la fermeture imm\u00e9diate : \u00ab\u00a0la continuation de l\u2019exploitation de l\u2019\u00e9tablissement ferait courir un risque grave de sant\u00e9 publique\u00a0\u00bb.\u00a0<\/p>\n<p class=\" wall-content\">Suivez toute l\u2019actualit\u00e9 de vos villes et m\u00e9dias favoris en vous inscrivant \u00e0 <a href=\"https:\/\/moncompte.actu.fr\" title=\"D\u00e9couvez Mon Actu\" rel=\"nofollow noopener\" data-trk=\"{&quot;cta&quot;:{&quot;action&quot;:&quot;https:\\\/\\\/moncompte.actu.fr&quot;,&quot;category&quot;:&quot;mon compte&quot;,&quot;from&quot;:&quot;article footer&quot;,&quot;name&quot;:&quot;Mon actu&quot;,&quot;type&quot;:&quot;cta&quot;}}\" target=\"_blank\">Mon Actu<\/a>.<\/p>\n","protected":false},"excerpt":{"rendered":"Par R\u00e9daction Paris Publi\u00e9 le 12 avr. 2025 \u00e0 13h16 Les r\u00e8gles \u00e9l\u00e9mentaires d\u2019hygi\u00e8ne sont loin d\u2019\u00eatre la&hellip;\n","protected":false},"author":2,"featured_media":21403,"comment_status":"","ping_status":"","sticky":false,"template":"","format":"standard","meta":{"footnotes":""},"categories":[1888],"tags":[1111,1928,11,1927,215,1777,674,1011,27,12,1926,626,1925,7134,25,1340,104],"class_list":{"0":"post-21402","1":"post","2":"type-post","3":"status-publish","4":"format-standard","5":"has-post-thumbnail","7":"category-paris","8":"tag-actu","9":"tag-actu-paris","10":"tag-actualites","11":"tag-actualites-paris","12":"tag-commerce","13":"tag-eu","14":"tag-europe","15":"tag-fr","16":"tag-france","17":"tag-news","18":"tag-news-paris","19":"tag-paris","20":"tag-paris-news","21":"tag-prefecture-de-seine-saint-denis","22":"tag-republique-francaise","23":"tag-restaurant","24":"tag-societe"},"share_on_mastodon":{"url":"https:\/\/pubeurope.com\/@fr\/114328897049030086","error":""},"_links":{"self":[{"href":"https:\/\/www.europesays.com\/fr\/wp-json\/wp\/v2\/posts\/21402","targetHints":{"allow":["GET"]}}],"collection":[{"href":"https:\/\/www.europesays.com\/fr\/wp-json\/wp\/v2\/posts"}],"about":[{"href":"https:\/\/www.europesays.com\/fr\/wp-json\/wp\/v2\/types\/post"}],"author":[{"embeddable":true,"href":"https:\/\/www.europesays.com\/fr\/wp-json\/wp\/v2\/users\/2"}],"replies":[{"embeddable":true,"href":"https:\/\/www.europesays.com\/fr\/wp-json\/wp\/v2\/comments?post=21402"}],"version-history":[{"count":0,"href":"https:\/\/www.europesays.com\/fr\/wp-json\/wp\/v2\/posts\/21402\/revisions"}],"wp:featuredmedia":[{"embeddable":true,"href":"https:\/\/www.europesays.com\/fr\/wp-json\/wp\/v2\/media\/21403"}],"wp:attachment":[{"href":"https:\/\/www.europesays.com\/fr\/wp-json\/wp\/v2\/media?parent=21402"}],"wp:term":[{"taxonomy":"category","embeddable":true,"href":"https:\/\/www.europesays.com\/fr\/wp-json\/wp\/v2\/categories?post=21402"},{"taxonomy":"post_tag","embeddable":true,"href":"https:\/\/www.europesays.com\/fr\/wp-json\/wp\/v2\/tags?post=21402"}],"curies":[{"name":"wp","href":"https:\/\/api.w.org\/{rel}","templated":true}]}}