{"id":21404,"date":"2025-04-13T05:01:24","date_gmt":"2025-04-13T05:01:24","guid":{"rendered":"https:\/\/www.europesays.com\/fr\/21404\/"},"modified":"2025-04-13T05:01:24","modified_gmt":"2025-04-13T05:01:24","slug":"national-aubagne-sauve-les-meubles-contre-paris-13-atletico","status":"publish","type":"post","link":"https:\/\/www.europesays.com\/fr\/21404\/","title":{"rendered":"National : Aubagne sauve les meubles contre Paris 13 Atletico"},"content":{"rendered":"<p>On a connu une tribune plus peupl\u00e9e \u00e0 De Lattre y compris avec une m\u00e9t\u00e9o moins plaisante que ce vendredi. Malheureusement, on ne pourra en tenir rigueur aux fid\u00e8les qui ont fait l&rsquo;impasse sur ce \u00ab\u00a0Clasico de Wish\u00a0\u00bb, comme l&rsquo;ont surnomm\u00e9 les Ultras entre deux proses toujours des plus fleuries \u00e0 destination des visiteurs de Paris 13 Atletico (1-1).<\/p>\n<p><a href=\"https:\/\/www.laprovence.com\/article\/sports\/11288693238562\/football-national-je-suis-pret-a-tout-pour-prouver-confie-gabriel-santos-le-nouvel-entraineur-daubagne\" target=\"_blank\" rel=\"nofollow noopener\">Gabriel Santos<\/a> avait bien tent\u00e9 de mettre un peu de folie dans cette rencontre en titularisant par surprise <a href=\"https:\/\/www.laprovence.com\/article\/sports\/2107868989114815\/football-je-voulais-tout-arreter-le-parcours-de-yassine-benhattab-pepite-daubagne-et-futur-joueur-du-fc-nantes\" target=\"_blank\" rel=\"nofollow noopener\">Yassine Benhattab<\/a>, mis \u00e0 l&rsquo;\u00e9cart trois semaines durant et pourtant annonc\u00e9 hors du groupe par la direction \u00e0 la veille de la rencontre puisqu&rsquo;il n&rsquo;avait repris les s\u00e9ances collectives que lundi. Cela n&rsquo;a pas suffi \u00e0 perturber <a href=\"https:\/\/www.laprovence.com\/article\/sports\/2171529045299615\/national-les-aubagnais-retrouvent-leur-ancien-coach-maxence-flachez-depuis-sur-le-banc-de-paris-13-atletico\" target=\"_blank\" rel=\"nofollow noopener\">les plans de Maxence Flachez<\/a>, de retour \u00e0 Aubagne deux mois pile apr\u00e8s son \u00e9viction.<\/p>\n","protected":false},"excerpt":{"rendered":"On a connu une tribune plus peupl\u00e9e \u00e0 De Lattre y compris avec une m\u00e9t\u00e9o moins plaisante que&hellip;\n","protected":false},"author":2,"featured_media":21405,"comment_status":"","ping_status":"","sticky":false,"template":"","format":"standard","meta":{"footnotes":""},"categories":[1888],"tags":[17,1111,1928,11,1927,8008,1444,1777,674,63,1011,27,151,8010,3238,12,1926,626,1925,25,8009,60],"class_list":{"0":"post-21404","1":"post","2":"type-post","3":"status-publish","4":"format-standard","5":"has-post-thumbnail","7":"category-paris","8":"tag-17","9":"tag-actu","10":"tag-actu-paris","11":"tag-actualites","12":"tag-actualites-paris","13":"tag-aubagne","14":"tag-contre","15":"tag-eu","16":"tag-europe","17":"tag-football","18":"tag-fr","19":"tag-france","20":"tag-les","21":"tag-meubles","22":"tag-national","23":"tag-news","24":"tag-news-paris","25":"tag-paris","26":"tag-paris-news","27":"tag-republique-francaise","28":"tag-sauve","29":"tag-sports"},"share_on_mastodon":{"url":"https:\/\/pubeurope.com\/@fr\/114328900956157149","error":""},"_links":{"self":[{"href":"https:\/\/www.europesays.com\/fr\/wp-json\/wp\/v2\/posts\/21404","targetHints":{"allow":["GET"]}}],"collection":[{"href":"https:\/\/www.europesays.com\/fr\/wp-json\/wp\/v2\/posts"}],"about":[{"href":"https:\/\/www.europesays.com\/fr\/wp-json\/wp\/v2\/types\/post"}],"author":[{"embeddable":true,"href":"https:\/\/www.europesays.com\/fr\/wp-json\/wp\/v2\/users\/2"}],"replies":[{"embeddable":true,"href":"https:\/\/www.europesays.com\/fr\/wp-json\/wp\/v2\/comments?post=21404"}],"version-history":[{"count":0,"href":"https:\/\/www.europesays.com\/fr\/wp-json\/wp\/v2\/posts\/21404\/revisions"}],"wp:featuredmedia":[{"embeddable":true,"href":"https:\/\/www.europesays.com\/fr\/wp-json\/wp\/v2\/media\/21405"}],"wp:attachment":[{"href":"https:\/\/www.europesays.com\/fr\/wp-json\/wp\/v2\/media?parent=21404"}],"wp:term":[{"taxonomy":"category","embeddable":true,"href":"https:\/\/www.europesays.com\/fr\/wp-json\/wp\/v2\/categories?post=21404"},{"taxonomy":"post_tag","embeddable":true,"href":"https:\/\/www.europesays.com\/fr\/wp-json\/wp\/v2\/tags?post=21404"}],"curies":[{"name":"wp","href":"https:\/\/api.w.org\/{rel}","templated":true}]}}