{"id":214053,"date":"2025-06-29T20:05:26","date_gmt":"2025-06-29T20:05:26","guid":{"rendered":"https:\/\/www.europesays.com\/fr\/214053\/"},"modified":"2025-06-29T20:05:26","modified_gmt":"2025-06-29T20:05:26","slug":"lacademie-de-lyon-permet-aux-eleves-de-rester-chez-eux","status":"publish","type":"post","link":"https:\/\/www.europesays.com\/fr\/214053\/","title":{"rendered":"l\u2019acad\u00e9mie de Lyon permet aux \u00e9l\u00e8ves de rester chez eux"},"content":{"rendered":"<p itemprop=\"description\"><strong>Face aux temp\u00e9ratures extr\u00eames annonc\u00e9es, la direction acad\u00e9mique de Lyon a d\u00e9cid\u00e9 d\u2019assouplir les r\u00e8gles scolaires.<\/strong><\/p>\n<p>Les parents sont exceptionnellement autoris\u00e9s \u00e0 garder leurs enfants \u00e0 la maison ce lundi 30 juin, en raison de l\u2019\u00e9pisode de canicule qui frappe la r\u00e9gion.\u00a0<\/p>\n<p>Le d\u00e9partement du Rh\u00f4ne, plac\u00e9 en vigilance orange par M\u00e9t\u00e9o-France, pourrait atteindre jusqu\u2019\u00e0 38\u00b0C ce lundi apr\u00e8s-midi. Une situation qui concerne aussi les d\u00e9partements voisins de la Loire et de l\u2019Ain, \u00e9galement rattach\u00e9s \u00e0 l\u2019acad\u00e9mie de Lyon.<\/p>\n<p>La mesure, communiqu\u00e9e ce dimanche par les services acad\u00e9miques, implique que les parents informent l\u2019\u00e9cole en cas d\u2019absence. L\u2019accueil reste assur\u00e9 dans les \u00e9tablissements, mais des adaptations sont demand\u00e9es aux \u00e9quipes p\u00e9dagogiques pour limiter l\u2019exposition \u00e0 la chaleur.<\/p>\n<p>Cette d\u00e9cision intervient alors que le minist\u00e8re de l\u2019\u00c9ducation a rappel\u00e9 les consignes de pr\u00e9vention \u00e0 l\u2019ensemble des rectorats. \u00c0 une semaine des vacances d\u2019\u00e9t\u00e9, les conditions d\u2019accueil varient fortement selon l\u2019\u00e9tat des b\u00e2timents scolaires.<\/p>\n","protected":false},"excerpt":{"rendered":"Face aux temp\u00e9ratures extr\u00eames annonc\u00e9es, la direction acad\u00e9mique de Lyon a d\u00e9cid\u00e9 d\u2019assouplir les r\u00e8gles scolaires. Les parents&hellip;\n","protected":false},"author":2,"featured_media":214054,"comment_status":"","ping_status":"","sticky":false,"template":"","format":"standard","meta":{"footnotes":""},"categories":[1889],"tags":[1111,11,2813,2190,2430,1109,251,1112,2811,1777,674,118,1011,27,1922,1110,1114,2428,2810,12,241,316,25,2812,517,800],"class_list":{"0":"post-214053","1":"post","2":"type-post","3":"status-publish","4":"format-standard","5":"has-post-thumbnail","7":"category-lyon","8":"tag-actu","9":"tag-actualites","10":"tag-article","11":"tag-asvel","12":"tag-auvergne-rhone-alpes","13":"tag-breves","14":"tag-culture","15":"tag-depeches","16":"tag-economique","17":"tag-eu","18":"tag-europe","19":"tag-faits-divers","20":"tag-fr","21":"tag-france","22":"tag-info","23":"tag-informations","24":"tag-infos","25":"tag-lyon","26":"tag-lyonmag","27":"tag-news","28":"tag-ol","29":"tag-politique","30":"tag-republique-francaise","31":"tag-sociale","32":"tag-sport","33":"tag-transports"},"share_on_mastodon":{"url":"https:\/\/pubeurope.com\/@fr\/114768453521624172","error":""},"_links":{"self":[{"href":"https:\/\/www.europesays.com\/fr\/wp-json\/wp\/v2\/posts\/214053","targetHints":{"allow":["GET"]}}],"collection":[{"href":"https:\/\/www.europesays.com\/fr\/wp-json\/wp\/v2\/posts"}],"about":[{"href":"https:\/\/www.europesays.com\/fr\/wp-json\/wp\/v2\/types\/post"}],"author":[{"embeddable":true,"href":"https:\/\/www.europesays.com\/fr\/wp-json\/wp\/v2\/users\/2"}],"replies":[{"embeddable":true,"href":"https:\/\/www.europesays.com\/fr\/wp-json\/wp\/v2\/comments?post=214053"}],"version-history":[{"count":0,"href":"https:\/\/www.europesays.com\/fr\/wp-json\/wp\/v2\/posts\/214053\/revisions"}],"wp:featuredmedia":[{"embeddable":true,"href":"https:\/\/www.europesays.com\/fr\/wp-json\/wp\/v2\/media\/214054"}],"wp:attachment":[{"href":"https:\/\/www.europesays.com\/fr\/wp-json\/wp\/v2\/media?parent=214053"}],"wp:term":[{"taxonomy":"category","embeddable":true,"href":"https:\/\/www.europesays.com\/fr\/wp-json\/wp\/v2\/categories?post=214053"},{"taxonomy":"post_tag","embeddable":true,"href":"https:\/\/www.europesays.com\/fr\/wp-json\/wp\/v2\/tags?post=214053"}],"curies":[{"name":"wp","href":"https:\/\/api.w.org\/{rel}","templated":true}]}}