{"id":214059,"date":"2025-06-29T20:10:10","date_gmt":"2025-06-29T20:10:10","guid":{"rendered":"https:\/\/www.europesays.com\/fr\/214059\/"},"modified":"2025-06-29T20:10:10","modified_gmt":"2025-06-29T20:10:10","slug":"a-aubervilliers-dans-lenfer-dun-logement-bouilloire-liberation","status":"publish","type":"post","link":"https:\/\/www.europesays.com\/fr\/214059\/","title":{"rendered":"\u00e0 Aubervilliers, dans l\u2019enfer d\u2019un \u00ablogement bouilloire\u00bb \u2013 Lib\u00e9ration"},"content":{"rendered":"<p class=\"sc-ksZaOG ehjQrN text-element\">Michelle, 68 ans, s\u2019est lev\u00e9e t\u00f4t ce dimanche matin. Chaque jour, depuis le d\u00e9but du mois de mai, cette retrait\u00e9e de l\u2019\u00e9ducation nationale s\u2019astreint au m\u00eame rituel, cens\u00e9 faire baisser la temp\u00e9rature de son T5 de quelques pr\u00e9cieux degr\u00e9s. Elle ouvre en grand ses portes-fen\u00eatres. Dos \u00e0 l\u2019encadrement, elle place un rafra\u00eechisseur d\u2019air, un imposant ventilateur qu\u2019il faut nourrir r\u00e9guli\u00e8rement de gla\u00e7ons pour qu\u2019il recrache une petite bise. \u00ab\u00c7a me fait gagner 2 degr\u00e9s.\u00bb Elle entrouvre les rideaux occultants, point trop pour \u00e9viter que la r\u00e9verb\u00e9ration ne r\u00e9chauffe l\u2019atmosph\u00e8re, mais suffisamment pour laisser passer de fugaces coups de vent. Un courant d\u2019air traverse le salon et fait bouger ses cheveux gris coup\u00e9s au carr\u00e9. Michelle s\u2019assoit sur le canap\u00e9. Un court r\u00e9pit.<\/p>\n<p class=\"sc-ksZaOG ehjQrN text-element\">Il fait 24 degr\u00e9s dehors, presque 30 dans son appartement. L\u2019air est de plus en plus lourd, des gouttes de sueur perlent sur le front, dans le dos et sous les aisselles. Chez Michelle, il n\u2019y a ni volets, ni ventilation m\u00e9canique contr\u00f4l\u00e9e (VMC). Le b\u00e9ton arm\u00e9 de son immeuble construit dans les ann\u00e9es 1960 fait office de bo\u00eete de conserve. Bient\u00f4t, \u00e0 15 heures, quand le soleil dru commencera \u00e0 l\u00e9cher son balcon et \u00e0 taper contre les carreaux, ce sera pire. La temp\u00e9rature dans son appartement, au deuxi\u00e8me \u00e9tage d\u2019un immeuble de la cit\u00e9 Cochennec, \u00e0 Aubervilliers (Seine-Saint-Denis), peut atteindre jusqu\u2019\u00e0 40 degr\u00e9s lorsqu\u2019il en fait 30 dehors. Ce lundi et ce mardi, les pr\u00e9visions m\u00e9t\u00e9o en annoncent pr\u00e8s d<\/p>\n","protected":false},"excerpt":{"rendered":"Michelle, 68 ans, s\u2019est lev\u00e9e t\u00f4t ce dimanche matin. Chaque jour, depuis le d\u00e9but du mois de mai,&hellip;\n","protected":false},"author":2,"featured_media":214060,"comment_status":"","ping_status":"","sticky":false,"template":"","format":"standard","meta":{"footnotes":""},"categories":[1888],"tags":[11,6698,1777,674,1011,27,662,12,626,5140,25],"class_list":{"0":"post-214059","1":"post","2":"type-post","3":"status-publish","4":"format-standard","5":"has-post-thumbnail","7":"category-paris","8":"tag-actualites","9":"tag-canicule","10":"tag-eu","11":"tag-europe","12":"tag-fr","13":"tag-france","14":"tag-ile-de-france","15":"tag-news","16":"tag-paris","17":"tag-rechauffement-climatique","18":"tag-republique-francaise"},"share_on_mastodon":{"url":"https:\/\/pubeurope.com\/@fr\/114768473244971904","error":""},"_links":{"self":[{"href":"https:\/\/www.europesays.com\/fr\/wp-json\/wp\/v2\/posts\/214059","targetHints":{"allow":["GET"]}}],"collection":[{"href":"https:\/\/www.europesays.com\/fr\/wp-json\/wp\/v2\/posts"}],"about":[{"href":"https:\/\/www.europesays.com\/fr\/wp-json\/wp\/v2\/types\/post"}],"author":[{"embeddable":true,"href":"https:\/\/www.europesays.com\/fr\/wp-json\/wp\/v2\/users\/2"}],"replies":[{"embeddable":true,"href":"https:\/\/www.europesays.com\/fr\/wp-json\/wp\/v2\/comments?post=214059"}],"version-history":[{"count":0,"href":"https:\/\/www.europesays.com\/fr\/wp-json\/wp\/v2\/posts\/214059\/revisions"}],"wp:featuredmedia":[{"embeddable":true,"href":"https:\/\/www.europesays.com\/fr\/wp-json\/wp\/v2\/media\/214060"}],"wp:attachment":[{"href":"https:\/\/www.europesays.com\/fr\/wp-json\/wp\/v2\/media?parent=214059"}],"wp:term":[{"taxonomy":"category","embeddable":true,"href":"https:\/\/www.europesays.com\/fr\/wp-json\/wp\/v2\/categories?post=214059"},{"taxonomy":"post_tag","embeddable":true,"href":"https:\/\/www.europesays.com\/fr\/wp-json\/wp\/v2\/tags?post=214059"}],"curies":[{"name":"wp","href":"https:\/\/api.w.org\/{rel}","templated":true}]}}