{"id":214071,"date":"2025-06-29T20:16:19","date_gmt":"2025-06-29T20:16:19","guid":{"rendered":"https:\/\/www.europesays.com\/fr\/214071\/"},"modified":"2025-06-29T20:16:19","modified_gmt":"2025-06-29T20:16:19","slug":"nucleaire-les-allemands-prets-a-sortir-de-la-guerre-de-religion-selon-le-ministre-francais-de-lenergie","status":"publish","type":"post","link":"https:\/\/www.europesays.com\/fr\/214071\/","title":{"rendered":"Nucl\u00e9aire : les Allemands \u00ab pr\u00eats \u00bb \u00e0 sortir de \u00ab la guerre de religion \u00bb, selon le ministre fran\u00e7ais de l&rsquo;\u00c9nergie"},"content":{"rendered":"<p>\u00ab\u00a0Les Allemands sont pr\u00eats\u00a0\u00bb \u00e0 sortir de \u00ab\u00a0la guerre de religion sur le nucl\u00e9aire\u00a0\u00bb, a estim\u00e9 mercredi le ministre fran\u00e7ais de l&rsquo;\u00c9nergie Marc Ferracci en voyant dans l&rsquo;arriv\u00e9e de la nouvelle coalition du chancelier Merz une \u00ab\u00a0fen\u00eatre d&rsquo;opportunit\u00e9\u00a0\u00bb pour remettre \u00e0 plat les discussions sur l&rsquo;atome civil.<\/p>\n<p>\u00ab Une approche pragmatique \u00bb<\/p>\n<p>Apr\u00e8s des ann\u00e9es de d\u00e9bats houleux entre les deux voisins, Paris veut croire que l&rsquo;arriv\u00e9e d&rsquo;un nouveau gouvernement allemand va s&rsquo;accompagner d&rsquo;un assouplissement de la position de Berlin.<\/p>\n<p>\u00ab\u00a0Je pense que les Allemands sont pr\u00eats\u00a0\u00bb, a soulign\u00e9 lors d&rsquo;un \u00e9change avec l&rsquo;association des journalistes de l&rsquo;\u00e9nergie (AJDE) fran\u00e7ais Marc Ferracci en \u00e9voquant une volont\u00e9 de Paris et de Berlin de sortir de \u00ab\u00a0la guerre de religion sur le nucl\u00e9aire\u00a0\u00bb et d&rsquo;adopter une \u00ab\u00a0approche pragmatique\u00a0\u00bb.<\/p>\n<p>\u00ab\u00a0Nous souhaitons que le nucl\u00e9aire puisse faire l&rsquo;objet d&rsquo;un traitement similaire \u00e0 celui des \u00e9nergies renouvelables, au titre du financement par les fonds europ\u00e9ens\u00a0\u00bb et \u00ab\u00a0au titre du r\u00e9gime des aides d&rsquo;\u00c9tat\u00a0\u00bb, a-t-il ajout\u00e9, quelques jours apr\u00e8s avoir rencontr\u00e9 Katherina Reiche, la ministre allemande de l&rsquo;\u00c9conomie.<\/p>\n<p>La France, qui n&rsquo;a pas respect\u00e9 ses objectifs de d\u00e9veloppement des renouvelables, m\u00e8ne depuis plusieurs ann\u00e9es un bras de fer avec la Commission europ\u00e9enne pour faire reconna\u00eetre son mix \u00e9lectrique, parmi les plus d\u00e9carbon\u00e9s du continent gr\u00e2ce \u00e0 ses <a href=\"https:\/\/www.connaissancedesenergies.org\/fiche-pedagogique\/parc-nucleaire-francais\" target=\"_blank\" data-entity-type=\"node\" data-entity-uuid=\"fe5ddc0e-c13e-4719-97f5-7ed7e3697697\" data-entity-substitution=\"canonical\" title=\"Parc nucl\u00e9aire fran\u00e7ais\" rel=\"nofollow noopener\">57 r\u00e9acteurs nucl\u00e9aires<\/a>.<\/p>\n<p>Appliquer le principe de \u00ab neutralit\u00e9 technologique \u00bb<\/p>\n<p>Paris a demand\u00e9 fin avril \u00e0 Bruxelles de remplacer une directive de 2023 sur les \u00e9nergies renouvelables par une directive sur les \u00e9nergies bas carbone, qui reviendrait \u00e0 mettre l&rsquo;atome sur un pied d&rsquo;\u00e9galit\u00e9 avec l&rsquo;\u00e9olien et le solaire, au nom de la \u00ab\u00a0neutralit\u00e9 technologique\u00a0\u00bb.<\/p>\n<p>\u00ab\u00a0Pour le financement (public du nucl\u00e9aire, NDLR), des d\u00e9bats ont lieu avec les Allemands, mais les lignes bougent du fait de la relation qui se construit entre Emmanuel Macron et Friedrich Merz. En tout cas, il faut saisir cette fen\u00eatre d&rsquo;opportunit\u00e9 d&rsquo;une v\u00e9ritable remise \u00e0 plat\u00a0\u00bb de ces sujets, a soulign\u00e9 Marc Ferracci.<\/p>\n<p>Pour le ministre, \u00ab\u00a0la feuille de route de la Commission europ\u00e9enne est tr\u00e8s claire, c&rsquo;est d&rsquo;appliquer le principe de neutralit\u00e9 technologique\u00a0\u00bb pour laisser aux \u00c9tats membres le choix des moyens d&rsquo;atteindre leur objectifs de d\u00e9carbonation.<\/p>\n<p>Paris se f\u00e9licite que la derni\u00e8re d\u00e9claration du Conseil europ\u00e9en, adopt\u00e9e \u00e0 l&rsquo;unanimit\u00e9, mentionne les \u00e9nergies bas carbone et la neutralit\u00e9 technologique. \u00ab\u00a0D&rsquo;un point de vue diplomatique, c&rsquo;est une r\u00e9volution\u00a0\u00bb, commente une source gouvernementale, assurant qu&rsquo;en coulisses \u00ab\u00a0les choses ont chang\u00e9 de mani\u00e8re radicale\u00a0\u00bb depuis l&rsquo;arriv\u00e9e de Friedrich Merz d\u00e9but mai.<\/p>\n<p>Si l&rsquo;on ajoute le d\u00e9part de ministres Verts au Luxembourg ou en Autriche, \u00ab\u00a0les voix anti-nucl\u00e9aires ne sont plus tellement audibles\u00a0\u00bb, estime la m\u00eame source.<\/p>\n","protected":false},"excerpt":{"rendered":"\u00ab\u00a0Les Allemands sont pr\u00eats\u00a0\u00bb \u00e0 sortir de \u00ab\u00a0la guerre de religion sur le nucl\u00e9aire\u00a0\u00bb, a estim\u00e9 mercredi le&hellip;\n","protected":false},"author":2,"featured_media":214072,"comment_status":"","ping_status":"","sticky":false,"template":"","format":"standard","meta":{"footnotes":""},"categories":[1587],"tags":[11,672,1804,1805,1803,1777,674,1801,12,1802],"class_list":{"0":"post-214071","1":"post","2":"type-post","3":"status-publish","4":"format-standard","5":"has-post-thumbnail","7":"category-allemagne","8":"tag-actualites","9":"tag-allemagne","10":"tag-bundesrepublik-deutschland","11":"tag-de","12":"tag-deutschland","13":"tag-eu","14":"tag-europe","15":"tag-germany","16":"tag-news","17":"tag-republique-federale-dallemagne"},"share_on_mastodon":{"url":"https:\/\/pubeurope.com\/@fr\/114768496758700746","error":""},"_links":{"self":[{"href":"https:\/\/www.europesays.com\/fr\/wp-json\/wp\/v2\/posts\/214071","targetHints":{"allow":["GET"]}}],"collection":[{"href":"https:\/\/www.europesays.com\/fr\/wp-json\/wp\/v2\/posts"}],"about":[{"href":"https:\/\/www.europesays.com\/fr\/wp-json\/wp\/v2\/types\/post"}],"author":[{"embeddable":true,"href":"https:\/\/www.europesays.com\/fr\/wp-json\/wp\/v2\/users\/2"}],"replies":[{"embeddable":true,"href":"https:\/\/www.europesays.com\/fr\/wp-json\/wp\/v2\/comments?post=214071"}],"version-history":[{"count":0,"href":"https:\/\/www.europesays.com\/fr\/wp-json\/wp\/v2\/posts\/214071\/revisions"}],"wp:featuredmedia":[{"embeddable":true,"href":"https:\/\/www.europesays.com\/fr\/wp-json\/wp\/v2\/media\/214072"}],"wp:attachment":[{"href":"https:\/\/www.europesays.com\/fr\/wp-json\/wp\/v2\/media?parent=214071"}],"wp:term":[{"taxonomy":"category","embeddable":true,"href":"https:\/\/www.europesays.com\/fr\/wp-json\/wp\/v2\/categories?post=214071"},{"taxonomy":"post_tag","embeddable":true,"href":"https:\/\/www.europesays.com\/fr\/wp-json\/wp\/v2\/tags?post=214071"}],"curies":[{"name":"wp","href":"https:\/\/api.w.org\/{rel}","templated":true}]}}