{"id":214077,"date":"2025-06-29T20:20:11","date_gmt":"2025-06-29T20:20:11","guid":{"rendered":"https:\/\/www.europesays.com\/fr\/214077\/"},"modified":"2025-06-29T20:20:11","modified_gmt":"2025-06-29T20:20:11","slug":"un-blesse-grave-trois-pompiers-legerement-blesses","status":"publish","type":"post","link":"https:\/\/www.europesays.com\/fr\/214077\/","title":{"rendered":"un bless\u00e9 grave, trois pompiers l\u00e9g\u00e8rement bless\u00e9s"},"content":{"rendered":"<p>            Par<br \/>\n        <strong><br \/>\n            <a href=\"https:\/\/actu.fr\/auteur\/ludivine-laniepce\" title=\"Consulter tous les articles de Ludivine Laniepce\" rel=\"nofollow noopener\" target=\"_blank\">Ludivine Laniepce<\/a><br \/>\n        <\/strong><\/p>\n<p>        Publi\u00e9 le<\/p>\n<p>            29 juin 2025 \u00e0 20h29        <\/p>\n<p>Il \u00e9tait environ 18\u00a0heures, ce<b> dimanche 29\u00a0juin 2025<\/b>, lorsqu\u2019une <b>violente collision<\/b> s\u2019est produite rue Henri-Barbusse, \u00e0 Cherbourg-Octeville (commune d\u00e9l\u00e9gu\u00e9e de <a href=\"https:\/\/actu.fr\/normandie\/cherbourg-en-cotentin_50129\" rel=\"nofollow noopener\" target=\"_blank\">Cherbourg-en-Cotentin<\/a>, Manche).<\/p>\n<p>Collision \u00e0 un carrefour<\/p>\n<p class=\" wall-content\">Au croisement de cette rue avec le chemin des Ch\u00eanes et La Postellerie-de-Haut, dans le sens descendant Cherbourg-<a href=\"https:\/\/actu.fr\/normandie\/martinvast_50294\" rel=\"nofollow noopener\" target=\"_blank\">Martinvast<\/a>, plusieurs voitures se trouvent alors au niveau du<b> feu rouge<\/b> lorsque survient un<b> v\u00e9hicule de secours et d\u2019assistance aux victimes<\/b> (VSAV) de Cherbourg, <b>en route vers une intervention<\/b>.<\/p>\n<p>    <a href=\"https:\/\/maps.google.com\/maps?q=49.61357852470729,-1.6560748354736354&amp;z=15&amp;output=embed\" title=\"Ouvrie le lien\" rel=\"nofollow noopener\" target=\"_blank\">Cliquez ici pour visualiser le contenu<\/a><\/p>\n<p class=\" wall-content\">Les <b>sapeurs-pompiers<\/b> d\u00e9clenchent alors leur <b>gyrophare <\/b>et leur <b>avertisseur sonore <\/b>pour signifier leur passage aux automobilistes.<\/p>\n<p class=\" wall-content\">Selon les t\u00e9moignages recueillis, l\u2019une des voitures a ensuite d\u00e9marr\u00e9 et tourn\u00e9 \u00e0 gauche, vers La Postellerie-de-Haut, <b>coupant de fait la voie<\/b> au VSAV engag\u00e9 rue Henri-Barbusse.<\/p>\n<p>\u00ab\u2009Il ne reste plus rien du feu rouge\u2009\u00bb<\/p>\n<p class=\" wall-content\">Le <b>choc <\/b>a manifestement \u00e9t\u00e9 <b>violent<\/b>. Un <b>voisin<\/b>, l\u2019ayant entendu apr\u00e8s avoir d\u2019abord per\u00e7u la sir\u00e8ne du VSAV, est imm\u00e9diatement sorti de chez lui pour s\u2019enqu\u00e9rir de la situation. Apr\u00e8s avoir enfil\u00e9 un gilet de s\u00e9curit\u00e9 et des gants, il a \u00e9t\u00e9 l\u2019un des premiers sur place pour <b>r\u00e9guler la circulation <\/b>dans l\u2019attente des <b>secours <\/b>et de la <b>police nationale<\/b>.<\/p>\n<p>Vid\u00e9os : en ce moment sur Actu<\/p>\n<p class=\" wall-content\">\u00ab\u2009Regardez, indique-t-il en pointant du doigt les deux v\u00e9hicules accident\u00e9s. L\u00e0 o\u00f9 ils sont, normalement, il y a le feu rouge du sens montant. Ils sont dessus, il n\u2019en reste plus rien.\u2009\u00bb<\/p>\n<p>    <img   decoding=\"async\" loading=\"lazy\" class=\"size-large\" src=\"https:\/\/www.europesays.com\/fr\/wp-content\/uploads\/2025\/06\/fb4e107581686105e10758168145e1v-960x640.jpg\" alt=\"Une violente collision s\u2019est produite ce dimanche 29 juin 2025 rue Henri-Barbusse, \u00e0 Cherbourg-en-Cotentin (Manche). Une voiture et un v\u00e9hicule des sapeurs-pompiers sont impliqu\u00e9s.\" width=\"960\" height=\"640\"\/><br \/>\n    Une violente collision s\u2019est produite ce dimanche 29 juin 2025 rue Henri-Barbusse, \u00e0 Cherbourg-en-Cotentin (Manche). Une voiture et un v\u00e9hicule des sapeurs-pompiers sont impliqu\u00e9s. \u00a9Ludivine LANIEPCE<br \/>\n    <img   decoding=\"async\" loading=\"lazy\" class=\"size-large\" src=\"https:\/\/www.europesays.com\/fr\/wp-content\/uploads\/2025\/06\/7bc12075816865fc12075816823d12v-960x640.jpg\" alt=\"Une violente collision s\u2019est produite ce dimanche 29 juin 2025 rue Henri-Barbusse, \u00e0 Cherbourg-en-Cotentin (Manche). Une voiture et un v\u00e9hicule des sapeurs-pompiers sont impliqu\u00e9s.\" width=\"960\" height=\"640\"\/><br \/>\n    Une violente collision s\u2019est produite ce dimanche 29 juin 2025 rue Henri-Barbusse, \u00e0 Cherbourg-en-Cotentin (Manche). Une voiture et un v\u00e9hicule des sapeurs-pompiers sont impliqu\u00e9s. \u00a9Ludivine LANIEPCEUn homme incarc\u00e9r\u00e9<\/p>\n<p class=\" wall-content\">C\u00f4t\u00e9 sapeurs-pompiers, l\u2019<b>airbag<\/b> du conducteur s\u2019est d\u00e9clench\u00e9. Idem c\u00f4t\u00e9 voiture, dans laquelle se trouvaient quatre personnes. Lors de l\u2019arriv\u00e9e des marins-pompiers et des sapeurs-pompiers des centres d\u2019incendie et de secours de Cherbourg, de <a href=\"https:\/\/actu.fr\/tag\/tourlaville\" rel=\"nofollow noopener\" target=\"_blank\">Tourlaville<\/a> et des <a href=\"https:\/\/actu.fr\/normandie\/les-pieux_50402\" rel=\"nofollow noopener\" target=\"_blank\">Pieux<\/a>, ainsi que du SMUR de l\u2019<a href=\"https:\/\/actu.fr\/tag\/hopital-de-cherbourg\" rel=\"nofollow noopener\" target=\"_blank\">h\u00f4pital Pasteur<\/a>, le <b>conducteur <\/b>de la voiture \u00e9tait <b>incarc\u00e9r\u00e9<\/b>. Selon les secours, il est \u00e2g\u00e9 de 66 ans.\u00a0<\/p>\n<p class=\" wall-content\">Une fois d\u00e9sincarc\u00e9r\u00e9, il a \u00e9t\u00e9 pris en charge par les \u00e9quipes du SMUR et des sapeurs-pompiers et transport\u00e9, dans un <b>\u00e9tat grave<\/b>, \u00e0 l\u2019h\u00f4pital. Selon nos informations, son pronostic vital n\u2019est pas engag\u00e9.<\/p>\n<p class=\" wall-content\">Une <b>passag\u00e8re de 57 ans<\/b>, en<b> \u00e9tat de choc<\/b>, a \u00e9galement \u00e9t\u00e9 prise en charge. Elle \u00e9tait l\u00e9g\u00e8rement bless\u00e9e.<\/p>\n<p class=\" wall-content\">Les deux autres occupants de la voiture, \u00e2g\u00e9s de 59 et 62 ans, \u00e9taient indemnes.<\/p>\n<p class=\" wall-content\">Enfin, les<b> trois sapeurs-pompiers<\/b> \u00e2g\u00e9s de 49, 36 et 24 ans qui se trouvaient dans le VSAV sont<b> l\u00e9g\u00e8rement bless\u00e9s<\/b>. Le conducteur, ayant subi le choc du d\u00e9clenchement de l\u2019airbag, doit subir des contr\u00f4les plus approfondis.<\/p>\n<p class=\" wall-content\">Suivez toute l\u2019actualit\u00e9 de vos villes et m\u00e9dias favoris en vous inscrivant \u00e0 <a href=\"https:\/\/moncompte.actu.fr\" title=\"D\u00e9couvez Mon Actu\" rel=\"nofollow noopener\" data-trk=\"{&quot;cta&quot;:{&quot;action&quot;:&quot;https:\\\/\\\/moncompte.actu.fr&quot;,&quot;category&quot;:&quot;mon compte&quot;,&quot;from&quot;:&quot;article footer&quot;,&quot;name&quot;:&quot;Mon actu&quot;,&quot;type&quot;:&quot;cta&quot;}}\" target=\"_blank\">Mon Actu<\/a>.<\/p>\n","protected":false},"excerpt":{"rendered":"Par Ludivine Laniepce Publi\u00e9 le 29 juin 2025 \u00e0 20h29 Il \u00e9tait environ 18\u00a0heures, ce dimanche 29\u00a0juin 2025,&hellip;\n","protected":false},"author":2,"featured_media":214078,"comment_status":"","ping_status":"","sticky":false,"template":"","format":"standard","meta":{"footnotes":""},"categories":[2],"tags":[119,11,3168,118,1011,27,12,1311,25],"class_list":{"0":"post-214077","1":"post","2":"type-post","3":"status-publish","4":"format-standard","5":"has-post-thumbnail","7":"category-actualites","8":"tag-accident","9":"tag-actualites","10":"tag-cotentin","11":"tag-faits-divers","12":"tag-fr","13":"tag-france","14":"tag-news","15":"tag-pompiers","16":"tag-republique-francaise"},"share_on_mastodon":{"url":"https:\/\/pubeurope.com\/@fr\/114768512710716884","error":""},"_links":{"self":[{"href":"https:\/\/www.europesays.com\/fr\/wp-json\/wp\/v2\/posts\/214077","targetHints":{"allow":["GET"]}}],"collection":[{"href":"https:\/\/www.europesays.com\/fr\/wp-json\/wp\/v2\/posts"}],"about":[{"href":"https:\/\/www.europesays.com\/fr\/wp-json\/wp\/v2\/types\/post"}],"author":[{"embeddable":true,"href":"https:\/\/www.europesays.com\/fr\/wp-json\/wp\/v2\/users\/2"}],"replies":[{"embeddable":true,"href":"https:\/\/www.europesays.com\/fr\/wp-json\/wp\/v2\/comments?post=214077"}],"version-history":[{"count":0,"href":"https:\/\/www.europesays.com\/fr\/wp-json\/wp\/v2\/posts\/214077\/revisions"}],"wp:featuredmedia":[{"embeddable":true,"href":"https:\/\/www.europesays.com\/fr\/wp-json\/wp\/v2\/media\/214078"}],"wp:attachment":[{"href":"https:\/\/www.europesays.com\/fr\/wp-json\/wp\/v2\/media?parent=214077"}],"wp:term":[{"taxonomy":"category","embeddable":true,"href":"https:\/\/www.europesays.com\/fr\/wp-json\/wp\/v2\/categories?post=214077"},{"taxonomy":"post_tag","embeddable":true,"href":"https:\/\/www.europesays.com\/fr\/wp-json\/wp\/v2\/tags?post=214077"}],"curies":[{"name":"wp","href":"https:\/\/api.w.org\/{rel}","templated":true}]}}