{"id":21408,"date":"2025-04-13T05:03:30","date_gmt":"2025-04-13T05:03:30","guid":{"rendered":"https:\/\/www.europesays.com\/fr\/21408\/"},"modified":"2025-04-13T05:03:30","modified_gmt":"2025-04-13T05:03:30","slug":"pauline-ferrand-prevot-remporte-ledition-feminine-premiere-francaise-sacree-sur-lepreuve","status":"publish","type":"post","link":"https:\/\/www.europesays.com\/fr\/21408\/","title":{"rendered":"Pauline Ferrand-Pr\u00e9vot remporte l\u2019\u00e9dition f\u00e9minine, premi\u00e8re Fran\u00e7aise sacr\u00e9e sur l\u2019\u00e9preuve"},"content":{"rendered":"<p>Elle n\u2019\u00e9tait pas favorite, malade et venue assister Marianne Vos. <a href=\"https:\/\/www.20minutes.fr\/sport\/pauline-ferrand-prevot\/\" class=\"color-ultramarine c-link\" target=\"_blank\" rel=\"noopener\">Pauline Ferrand-Pr\u00e9vot<\/a>, de retour sur la route depuis quelques mois, s\u2019est finalement envol\u00e9e \u00e0 25 kilom\u00e8tres de l\u2019arriv\u00e9e de <a href=\"https:\/\/www.20minutes.fr\/dossier\/paris-roubaix\" class=\"color-ultramarine c-link\" target=\"_blank\" rel=\"noopener\">Paris-Roubaix<\/a>, avant de s\u2019imposer en solitaire. La championne olympique de <a href=\"https:\/\/www.20minutes.fr\/dossier\/vtt\" class=\"color-ultramarine c-link\" target=\"_blank\" rel=\"noopener\">VTT<\/a> devient ainsi la premi\u00e8re Fran\u00e7aise \u00e0 remporter l\u2019\u00e9dition f\u00e9minine. Chez les hommes, la derni\u00e8re victoire tricolore remonte \u00e0\u00a01997, avec Fr\u00e9d\u00e9ric Guesdon.<\/p>\n<p>La coureuse de l\u2019\u00e9quipe Visma-Lease a Bike qui disputait la Reine des classiques pour la premi\u00e8re fois s\u2019est impos\u00e9e avec une minute d\u2019avance devant l\u2019Italienne Laetizia Borghesi et la N\u00e9erlandaise Lorena Wiebes. Ferrand-Pr\u00e9vot, qui faisait partie d\u2019un groupe comprenant notamment la championne du monde et gagnante sortante Lotte Kopecky, a attaqu\u00e9 \u00e0 25 kilom\u00e8tres du v\u00e9lodrome de Roubaix pour rejoindre et l\u00e2cher cinq kilom\u00e8tres plus loin la Norv\u00e9gienne Emma Norsgaard sa derni\u00e8re rivale.<\/p>\n<\/p>\n<p>La Fran\u00e7aise a triomph\u00e9 malgr\u00e9 une chute \u00e0 53 kilom\u00e8tres de la ligne et une condition incertaine apr\u00e8s avoir \u00e9t\u00e9 malade les deux jours pr\u00e9c\u00e9dant la course. Athl\u00e8te polyvalente, la R\u00e9moise de 33 ans ajoute un nouveau succ\u00e8s de prestige \u00e0 un palmar\u00e8s long comme le bras.<\/p>\n<p>D\u00e9but de saison en fanfare<\/p>\n<p>Championne olympique de VTT<a href=\"https:\/\/www.20minutes.fr\/sport\/jo_2024\/\" class=\"color-ultramarine c-link\" target=\"_blank\" rel=\"noopener\"> en\u00a02024 \u00e0 Paris<\/a>, championne du monde de cyclo-cross en\u00a02015 et sur route en\u00a02014, elle a effectu\u00e9 cette saison son retour sur le bitume apr\u00e8s une longue parenth\u00e8se de sept ans consacr\u00e9e au VTT. Cet \u00e9t\u00e9, elle aura pour objectif de bien figurer sur le <a href=\"https:\/\/www.20minutes.fr\/sport\/tour-de-france\/\" class=\"color-ultramarine c-link\" target=\"_blank\" rel=\"noopener\">Tour de France<\/a>, une Grande Boucle qu\u2019elle \u00ab\u00a0r\u00eave de remporter dans les deux-trois saisons \u00e0 venir\u00a0\u00bb.<\/p>\n<p>Au d\u00e9part de <a href=\"https:\/\/www.20minutes.fr\/dossier\/denain\" class=\"color-ultramarine c-link\" target=\"_blank\" rel=\"noopener\">Denain<\/a>, malgr\u00e9 sa m\u00e9connaissance du terrain, elle a domin\u00e9 les pav\u00e9s avec aisance, ne paniquant pas malgr\u00e9 une chute sans gravit\u00e9 \u00e0 l\u2019entr\u00e9e du secteur 12 d\u2019Auchy-les-Orchies qui l\u2019a oblig\u00e9e \u00e0 une longue course-poursuite. Deuxi\u00e8me une semaine plus t\u00f4t du <a href=\"https:\/\/www.20minutes.fr\/dossier\/tour_des_flandres\" class=\"color-ultramarine c-link\" target=\"_blank\" rel=\"noopener\">Tour des Flandres<\/a>, seulement devanc\u00e9e par Kopecky, la Fran\u00e7aise a valid\u00e9 sa forme du moment apr\u00e8s avoir aussi pris la 3e place des Strade Bianchi d\u00e9but mars.<\/p>\n<p>\u00ab\u00a0J\u2019\u00e9tais malade ces deux derniers jours. Je ne savais m\u00eame pas si j\u2019allais prendre pour le d\u00e9part. Finalement, j\u2019ai bien fait de venir\u00a0\u00bb, s\u2019est-elle f\u00e9licit\u00e9 \u00e0 l\u2019arriv\u00e9e. \u00ab\u00a0J\u2019ai pris le d\u00e9part en me disant que j\u2019allais faire de mon mieux pour aider (ma co\u00e9quipi\u00e8re n\u00e9erlandaise) Marianne Vos \u00e0 s\u2019imposer. Je ne r\u00e9alise pas\u00a0\u00bb, a-t-elle encore dit.<\/p>\n","protected":false},"excerpt":{"rendered":"Elle n\u2019\u00e9tait pas favorite, malade et venue assister Marianne Vos. Pauline Ferrand-Pr\u00e9vot, de retour sur la route depuis&hellip;\n","protected":false},"author":2,"featured_media":21409,"comment_status":"","ping_status":"","sticky":false,"template":"","format":"standard","meta":{"footnotes":""},"categories":[1888],"tags":[11,207,1777,674,1011,27,12,626,1656,8011,25,517,210,8012],"class_list":{"0":"post-21408","1":"post","2":"type-post","3":"status-publish","4":"format-standard","5":"has-post-thumbnail","7":"category-paris","8":"tag-actualites","9":"tag-cyclisme","10":"tag-eu","11":"tag-europe","12":"tag-fr","13":"tag-france","14":"tag-news","15":"tag-paris","16":"tag-paris-roubaix","17":"tag-pauline-ferrand-prevot","18":"tag-republique-francaise","19":"tag-sport","20":"tag-tour-de-france","21":"tag-vtt"},"share_on_mastodon":{"url":"https:\/\/pubeurope.com\/@fr\/114328908971474842","error":""},"_links":{"self":[{"href":"https:\/\/www.europesays.com\/fr\/wp-json\/wp\/v2\/posts\/21408","targetHints":{"allow":["GET"]}}],"collection":[{"href":"https:\/\/www.europesays.com\/fr\/wp-json\/wp\/v2\/posts"}],"about":[{"href":"https:\/\/www.europesays.com\/fr\/wp-json\/wp\/v2\/types\/post"}],"author":[{"embeddable":true,"href":"https:\/\/www.europesays.com\/fr\/wp-json\/wp\/v2\/users\/2"}],"replies":[{"embeddable":true,"href":"https:\/\/www.europesays.com\/fr\/wp-json\/wp\/v2\/comments?post=21408"}],"version-history":[{"count":0,"href":"https:\/\/www.europesays.com\/fr\/wp-json\/wp\/v2\/posts\/21408\/revisions"}],"wp:featuredmedia":[{"embeddable":true,"href":"https:\/\/www.europesays.com\/fr\/wp-json\/wp\/v2\/media\/21409"}],"wp:attachment":[{"href":"https:\/\/www.europesays.com\/fr\/wp-json\/wp\/v2\/media?parent=21408"}],"wp:term":[{"taxonomy":"category","embeddable":true,"href":"https:\/\/www.europesays.com\/fr\/wp-json\/wp\/v2\/categories?post=21408"},{"taxonomy":"post_tag","embeddable":true,"href":"https:\/\/www.europesays.com\/fr\/wp-json\/wp\/v2\/tags?post=21408"}],"curies":[{"name":"wp","href":"https:\/\/api.w.org\/{rel}","templated":true}]}}