{"id":214081,"date":"2025-06-29T20:22:19","date_gmt":"2025-06-29T20:22:19","guid":{"rendered":"https:\/\/www.europesays.com\/fr\/214081\/"},"modified":"2025-06-29T20:22:19","modified_gmt":"2025-06-29T20:22:19","slug":"carl-suneson-et-luis-claverie-titres-a-arcangues","status":"publish","type":"post","link":"https:\/\/www.europesays.com\/fr\/214081\/","title":{"rendered":"Carl Suneson et Luis Claverie titr\u00e9s \u00e0 Arcangues"},"content":{"rendered":"<p>\t\t\t\t\t\t<img width=\"770\" height=\"556\" src=\"https:\/\/www.europesays.com\/fr\/wp-content\/uploads\/2025\/06\/arkea-omnium-770x556.png\" class=\"img-responsive wp-post-image\" alt=\"\" decoding=\"async\" fetchpriority=\"high\"  \/>\t\t\t\t\t<\/p>\n<p>\t\t\t\t\t\t Partager cet article <\/p>\n<p class=\"screen-reader-text juiz_sps_maybe_hidden_text\">Partager la publication \u00ab\u00a0Carl Suneson et Luis Claverie titr\u00e9s \u00e0 Arcangues\u00a0\u00bb<\/p>\n<p><strong>Gr\u00e2ce \u00e0 deux cartes de 64 (-8), les Espagnols Carl Suneson et Luis Claverie ont remport\u00e9 la quatri\u00e8me \u00e9dition de l\u2019Ark\u00e9a Omnium International.<\/strong><\/p>\n<p>\u00a0<\/p>\n<p>Les deux formules de jeu diff\u00e9rentes sur le <strong>Golf d\u2019Arcangues<\/strong> n\u2019ont pas vraiment influ\u00e9 sur le score de <strong>Carl Suneson <\/strong>et<strong> Luis Claverie<\/strong>. Le 64 (-8) en quatre balles du samedi a fait suite au 64 en greensome* de la veille. Ils succ\u00e8dent ainsi \u00e0 <strong>Nicolas Joakimides <\/strong>et<strong> Bertrand Cornut<\/strong>, <a href=\"https:\/\/www.golfplanete.com\/actualites\/nicolas-joakimides-et-bertrand-cornut-vainqueurs-de-larkea-omnium-senior-darcangues\/\" rel=\"nofollow noopener\" target=\"_blank\">vainqueurs l\u2019an dernier<\/a>.<\/p>\n<p>La deuxi\u00e8me place est revenue \u00e0 une autre paire espagnole\u00a0: <strong>Jos\u00e9 Manuel Carriles<\/strong>, ancien membre du circuit europ\u00e9en, et <strong>Luis Portela<\/strong>. \u00c0 \u00e9galit\u00e9 avec les vainqueurs apr\u00e8s le premier tour, ils ont \u00e9chou\u00e9 \u00e0 trois longueurs apr\u00e8s leur 67 (-5) en quatre balles.<\/p>\n<p><a href=\"https:\/\/www.omniuminternational.com\/resultats-2025\" target=\"_blank\" rel=\"noopener nofollow\">Le classement complet\u00a0<\/a><\/p>\n<p>\t\t\t\t\t<a id=\"177269\" href=\"https:\/\/www.golfcapdagde.com\/\" target=\"_blank\" rel=\"sponsorised nofollow noopener\"><img decoding=\"async\" src=\"data:image\/svg+xml,%3Csvg%20xmlns=\" http:=\"\" class=\"img-responsive\" alt=\"\" data-lazy-src=\"https:\/\/www.europesays.com\/fr\/wp-content\/uploads\/2025\/06\/capdagdegolf-e01-experience-golf-1170x275-1.gif\"\/><\/a><\/p>\n<p>\u00a0<\/p>\n<blockquote class=\"instagram-media\" style=\"background: #FFF; border: 0; border-radius: 3px; box-shadow: 0 0 1px 0 rgba(0,0,0,0.5),0 1px 10px 0 rgba(0,0,0,0.15); margin: 1px; max-width: 540px; min-width: 326px; padding: 0; width: calc(100% - 2px);\" data-instgrm-captioned=\"\" data-instgrm-permalink=\"https:\/\/www.instagram.com\/p\/DLdTyWso1D8\/?utm_source=ig_embed&amp;utm_campaign=loading\" data-instgrm-version=\"14\">\n<\/blockquote>\n<p>\u00a0<\/p>\n<p>Jos\u00e9 Mar\u00eda Olaz\u00e1bal dans le top 10<\/p>\n<p>Les Am\u00e9ricains <strong>Jason Schultz <\/strong>et<strong> Kris Blanks<\/strong>, pass\u00e9s par le <strong>PGA Tour<\/strong>, ont fait belle impression pour leur premi\u00e8re au Pays basque. Ils ont pris la troisi\u00e8me place en compagnie des premiers Tricolores, <strong>St\u00e9phane Lahary <\/strong>et<strong> Benjamin Nicolay<\/strong>, \u00e0 cinq unit\u00e9s de Suneson et Claverie.<\/p>\n<p>Pour cette \u00e9dition dot\u00e9e de 50 000 euros, de nombreux grands joueurs ont fait le d\u00e9placement dans cet \u00e9v\u00e9nement r\u00e9serv\u00e9 aux plus de 50\u202fans qui prend de plus en plus d\u2019ampleur. Derri\u00e8re notamment les paires <strong>Roger Sabarros <\/strong>\u2013<strong> John Gould<\/strong> et <strong>Benoit Teilleria <\/strong>\u2013<strong> Diego Dupin<\/strong> (6es), <strong>Jos\u00e9 Mar\u00eda Olaz\u00e1bal<\/strong>, avec son ami et compatriote basque <strong>Ander Martinez<\/strong>, a termin\u00e9 au huiti\u00e8me rang, \u00e0 la m\u00eame marque que <strong>Lionel Alexandre <\/strong>et<strong> Didier Baffico<\/strong>.<\/p>\n<p>Les \u00e9quipes<strong> Jean Van de Velde <\/strong>\u2013<strong> Laurent Lassalle<\/strong> (12es), <strong>Rapha\u00ebl Jacquelin<\/strong> \u2013 <strong>Jeffrey Jackson<\/strong> (17es), <strong>Jean-Fran\u00e7ois Remesy <\/strong>\u2013<strong> Marc Farry<\/strong> (18es), ou encore <strong>Christian C\u00e9va\u00ebr <\/strong>\u2013<strong> Rodolphe Brunon<\/strong> (24es) ont termin\u00e9 plus loin au classement.<\/p>\n<p>\u00a0<\/p>\n<p>*Les deux joueurs jouent chacun une balle au d\u00e9part, choisissent celle qui leur convient le mieux et terminent le trou en alternant cette balle.<\/p>\n<p>\t\t\t\t<img loading=\"lazy\" decoding=\"async\" src=\"data:image\/svg+xml,%3Csvg%20xmlns=\" http:=\"\" attributionsrc=\"\" border=\"0\" height=\"1\" width=\"1\" alt=\"Advertisement\" data-lazy-src=\"https:\/\/www.europesays.com\/fr\/wp-content\/uploads\/2025\/06\/B33661776.421948095;dc_trk_aid=614321628;dc_trk_cid=235413172;ord=[timestamp];dc_lat=;dc_rdid=;tag_f.gif\"\/><\/p>\n<p>\t\t\t\t\t<a id=\"174697\" href=\"https:\/\/ad.doubleclick.net\/ddm\/trackclk\/N6600.3770024GOLFPLANATE\/B33661776.421948095;dc_trk_aid=614321628;dc_trk_cid=235413172;dc_lat=;dc_rdid=;tag_for_child_directed_treatment=;tfua=;gdpr=${GDPR};gdpr_consent=${GDPR_CONSENT_755};ltd=;dc_tdv=1\" target=\"_blank\" rel=\"sponsorised nofollow noopener\"><img fetchpriority=\"high\" decoding=\"async\" src=\"https:\/\/www.europesays.com\/fr\/wp-content\/uploads\/2025\/06\/amundi-e01-retraite-2506-1170x275-1.jpg\" class=\"img-responsive\" alt=\"\"\/><\/a><\/p>\n<p>\u00a0<\/p>\n<p>Le leaderboard\u00a0<\/p>\n<p><img loading=\"lazy\" decoding=\"async\" class=\"alignnone size-image-largeur-770 wp-image-177962\" src=\"data:image\/svg+xml,%3Csvg%20xmlns=\" http:=\"\" alt=\"\" width=\"770\" height=\"556\" data-lazy- data-lazy- data-lazy-src=\"https:\/\/www.europesays.com\/fr\/wp-content\/uploads\/2025\/06\/capture-decran-2025-06-29-a-11.11.22-770x556.png\"\/><\/p>\n<p>\u00a0<\/p>\n<p>\u00a9Ark\u00e9a Omnium International<\/p>\n<p>\u00a0<\/p>\n<p>\t\t\t<script async src=\"\/\/www.instagram.com\/embed.js\"><\/script><\/p>\n","protected":false},"excerpt":{"rendered":"Partager cet article Partager la publication \u00ab\u00a0Carl Suneson et Luis Claverie titr\u00e9s \u00e0 Arcangues\u00a0\u00bb Gr\u00e2ce \u00e0 deux cartes&hellip;\n","protected":false},"author":2,"featured_media":214082,"comment_status":"","ping_status":"","sticky":false,"template":"","format":"standard","meta":{"footnotes":""},"categories":[1418],"tags":[1011,27,1472,60],"class_list":{"0":"post-214081","1":"post","2":"type-post","3":"status-publish","4":"format-standard","5":"has-post-thumbnail","7":"category-golf","8":"tag-fr","9":"tag-france","10":"tag-golf","11":"tag-sports"},"share_on_mastodon":{"url":"https:\/\/pubeurope.com\/@fr\/114768520775828488","error":""},"_links":{"self":[{"href":"https:\/\/www.europesays.com\/fr\/wp-json\/wp\/v2\/posts\/214081","targetHints":{"allow":["GET"]}}],"collection":[{"href":"https:\/\/www.europesays.com\/fr\/wp-json\/wp\/v2\/posts"}],"about":[{"href":"https:\/\/www.europesays.com\/fr\/wp-json\/wp\/v2\/types\/post"}],"author":[{"embeddable":true,"href":"https:\/\/www.europesays.com\/fr\/wp-json\/wp\/v2\/users\/2"}],"replies":[{"embeddable":true,"href":"https:\/\/www.europesays.com\/fr\/wp-json\/wp\/v2\/comments?post=214081"}],"version-history":[{"count":0,"href":"https:\/\/www.europesays.com\/fr\/wp-json\/wp\/v2\/posts\/214081\/revisions"}],"wp:featuredmedia":[{"embeddable":true,"href":"https:\/\/www.europesays.com\/fr\/wp-json\/wp\/v2\/media\/214082"}],"wp:attachment":[{"href":"https:\/\/www.europesays.com\/fr\/wp-json\/wp\/v2\/media?parent=214081"}],"wp:term":[{"taxonomy":"category","embeddable":true,"href":"https:\/\/www.europesays.com\/fr\/wp-json\/wp\/v2\/categories?post=214081"},{"taxonomy":"post_tag","embeddable":true,"href":"https:\/\/www.europesays.com\/fr\/wp-json\/wp\/v2\/tags?post=214081"}],"curies":[{"name":"wp","href":"https:\/\/api.w.org\/{rel}","templated":true}]}}