{"id":214095,"date":"2025-06-29T20:30:10","date_gmt":"2025-06-29T20:30:10","guid":{"rendered":"https:\/\/www.europesays.com\/fr\/214095\/"},"modified":"2025-06-29T20:30:10","modified_gmt":"2025-06-29T20:30:10","slug":"le-mercato-en-direct-mercato","status":"publish","type":"post","link":"https:\/\/www.europesays.com\/fr\/214095\/","title":{"rendered":"Le mercato en direct &#8211; Mercato"},"content":{"rendered":"<p>Le taulier en a encore sous les crampons.<\/p>\n<p>Au lendemain de l\u2019officialisation de son d\u00e9part du FC Nantes apr\u00e8s une belle histoire avec les Canaris, <strong>Nicolas Pallois s\u2019est engag\u00e9 avec le Stade de Reims ce vendredi, comme r\u00e9v\u00e9l\u00e9 <a target=\"_blank\" href=\"https:\/\/www.sofoot.com\/breves\/info-mercato-so-foot-nicolas-pallois-devrait-sengager-avec-le-stade-de-reims\" rel=\"nofollow noopener\">en d\u00e9but de semaine par So Foot<\/a>.<\/strong><\/p>\n<p>Son septi\u00e8me club en France<\/p>\n<p>Le d\u00e9fenseur de 37 piges n\u2019est pas fatigu\u00e9 et <strong>il a sign\u00e9 un contrat de deux saisons, dont une en option, en Champagne<\/strong>. <a target=\"_blank\" href=\"https:\/\/www.sofoot.com\/breves\/le-calendrier-complet-de-la-saison-de-ligue-1-2025-2026\" rel=\"nofollow noopener\">Plac\u00e9 en Ligue 2 dans les calendriers d\u00e9voil\u00e9s aujourd\u2019hui<\/a>, mais toujours dans l\u2019attente du r\u00e9sultat du passage en appel de l\u2019OL devant la DNCG, Reims mise sur l\u2019exp\u00e9rience pour tenter une remont\u00e9e imm\u00e9diate dans l\u2019\u00e9lite.<\/p>\n<blockquote class=\"twitter-tweet\">\n<p lang=\"fr\" dir=\"ltr\">\ud83c\udd95 \ud835\udc0d\ud835\udc22\ud835\udc1c\ud835\udc28\ud835\udc25\ud835\udc1a\ud835\udc2c \ud835\udc0f\ud835\udc1a\ud835\udc25\ud835\udc25\ud835\udc28\ud835\udc22\ud835\udc2c \ud835\udc1e\ud835\udc2c\ud835\udc2d \ud835\udc11\ud835\udc28\ud835\udc2e\ud835\udc20\ud835\udc1e &amp; \ud835\udc01\ud835\udc25\ud835\udc1a\ud835\udc27\ud835\udc1c ! \ud83d\udd34\u26aa\ufe0f<br \/>\nLe solide d\u00e9fenseur d&rsquo;1m89 s&rsquo;engage avec le Stade de Reims pour deux saisons, dont une en option. \ud835\ude09\ud835\ude2a\ud835\ude26\ud835\ude2f\ud835\ude37\ud835\ude26\ud835\ude2f\ud835\ude36\ud835\ude26 \ud835\ude15\ud835\ude2a\ud835\ude24\ud835\ude30\ud835\ude2d\ud835\ude22\ud835\ude34 ! \ud83d\udc4b<a target=\"_blank\" href=\"https:\/\/twitter.com\/hashtag\/TeamSDR?src=hash&amp;ref_src=twsrc%5Etfw\" rel=\"nofollow noopener\">#TeamSDR<\/a><\/p>\n<p>\u2014 Stade de Reims (@StadeDeReims) <a target=\"_blank\" href=\"https:\/\/twitter.com\/StadeDeReims\/status\/1938651312130007212?ref_src=twsrc%5Etfw\" rel=\"nofollow noopener\">June 27, 2025<\/a><\/p><\/blockquote>\n<p>Plus t\u00f4t dans la semaine, le club r\u00e9mois avait enregistr\u00e9 une premi\u00e8re recrue avec Yohan Demoncy, Pallois est donc la deuxi\u00e8me, avant la suite cet \u00e9t\u00e9. Il s\u2019agit du septi\u00e8me club pour le d\u00e9fenseur fid\u00e8le \u00e0 l\u2019Hexagone, apr\u00e8s Quevilly, Valenciennes, Laval, Niort, Bordeaux et donc Nantes.<\/p>\n<p>Il lui en reste encore un peu pour concurrencer Xavier Gravelaine.<\/p>\n<p>                <script async src=\"https:\/\/platform.twitter.com\/widgets.js\" charset=\"utf-8\"><\/script><\/p>\n","protected":false},"excerpt":{"rendered":"Le taulier en a encore sous les crampons. Au lendemain de l\u2019officialisation de son d\u00e9part du FC Nantes&hellip;\n","protected":false},"author":2,"featured_media":214096,"comment_status":"","ping_status":"","sticky":false,"template":"","format":"standard","meta":{"footnotes":""},"categories":[1410],"tags":[47,61,69,65,64,63,1011,27,68,66,62,70,67,60],"class_list":{"0":"post-214095","1":"post","2":"type-post","3":"status-publish","4":"format-standard","5":"has-post-thumbnail","7":"category-football","8":"tag-actualite","9":"tag-actus-football","10":"tag-bundesliga","11":"tag-championnats-europeens","12":"tag-equipe-de-france","13":"tag-football","14":"tag-fr","15":"tag-france","16":"tag-ligua","17":"tag-ligue-1","18":"tag-news-foot","19":"tag-premier-league","20":"tag-serie-a","21":"tag-sports"},"share_on_mastodon":{"url":"https:\/\/pubeurope.com\/@fr\/114768551901794986","error":""},"_links":{"self":[{"href":"https:\/\/www.europesays.com\/fr\/wp-json\/wp\/v2\/posts\/214095","targetHints":{"allow":["GET"]}}],"collection":[{"href":"https:\/\/www.europesays.com\/fr\/wp-json\/wp\/v2\/posts"}],"about":[{"href":"https:\/\/www.europesays.com\/fr\/wp-json\/wp\/v2\/types\/post"}],"author":[{"embeddable":true,"href":"https:\/\/www.europesays.com\/fr\/wp-json\/wp\/v2\/users\/2"}],"replies":[{"embeddable":true,"href":"https:\/\/www.europesays.com\/fr\/wp-json\/wp\/v2\/comments?post=214095"}],"version-history":[{"count":0,"href":"https:\/\/www.europesays.com\/fr\/wp-json\/wp\/v2\/posts\/214095\/revisions"}],"wp:featuredmedia":[{"embeddable":true,"href":"https:\/\/www.europesays.com\/fr\/wp-json\/wp\/v2\/media\/214096"}],"wp:attachment":[{"href":"https:\/\/www.europesays.com\/fr\/wp-json\/wp\/v2\/media?parent=214095"}],"wp:term":[{"taxonomy":"category","embeddable":true,"href":"https:\/\/www.europesays.com\/fr\/wp-json\/wp\/v2\/categories?post=214095"},{"taxonomy":"post_tag","embeddable":true,"href":"https:\/\/www.europesays.com\/fr\/wp-json\/wp\/v2\/tags?post=214095"}],"curies":[{"name":"wp","href":"https:\/\/api.w.org\/{rel}","templated":true}]}}