{"id":214103,"date":"2025-06-29T20:34:10","date_gmt":"2025-06-29T20:34:10","guid":{"rendered":"https:\/\/www.europesays.com\/fr\/214103\/"},"modified":"2025-06-29T20:34:10","modified_gmt":"2025-06-29T20:34:10","slug":"nathalie-andreani-secret-story-defend-brigitte-et-emmanuel-macron-face-aux-critiques-liees-a-leur-difference-dage","status":"publish","type":"post","link":"https:\/\/www.europesays.com\/fr\/214103\/","title":{"rendered":"Nathalie Andreani (Secret Story) d\u00e9fend Brigitte et Emmanuel Macron face aux critiques li\u00e9es \u00e0 leur diff\u00e9rence d&rsquo;\u00e2ge"},"content":{"rendered":"<p>Nathalie Andreani a accord\u00e9 une interview \u00e0 Sam Zirah ce dimanche 29 juin dans son \u00e9mission \u00ab\u00a0<a data-i13n=\"cpos:1;pos:1\" href=\"https:\/\/youtu.be\/rOik6xq5Vok?feature=shared\" rel=\"nofollow noopener\" target=\"_blank\" data-ylk=\"slk:En toute intimit\u00e9;cpos:1;pos:1;elm:context_link;itc:0;sec:content-canvas\" class=\"link \">En toute intimit\u00e9<\/a>\u00a0\u00bb diffus\u00e9e sur YouTube. L&rsquo;ancienne candidate de \u00ab\u00a0<a data-i13n=\"cpos:2;pos:1\" href=\"https:\/\/fr.news.yahoo.com\/secret-story-2025-quotidienne-int%C3%A9r%C3%AAt-160000047.html\" data-ylk=\"slk:Secret Story;cpos:2;pos:1;elm:context_link;itc:0;sec:content-canvas;outcm:mb_qualified_link;_E:mb_qualified_link;ct:story;\" class=\"link  yahoo-link\" rel=\"nofollow noopener\" target=\"_blank\">Secret Story<\/a>\u00a0\u00bb 8, aujourd&rsquo;hui \u00e2g\u00e9e de 54 ans, s&rsquo;est livr\u00e9e sans filtre sur de nombreux sujets : de sa m\u00e9nopause r\u00e9cente \u00e0 son proc\u00e8s contre TF1, en passant par les d\u00e9rives des plateformes intimes et son soutien appuy\u00e9 au couple pr\u00e9sidentiel. Dans un plaidoyer passionn\u00e9, elle a d\u00e9fendu Brigitte et <a data-i13n=\"cpos:3;pos:1\" href=\"https:\/\/fr.news.yahoo.com\/sport\/toulouse-ubb-r%C3%A9gal%C3%A9s-macron-refait-080337060.html\" data-ylk=\"slk:Emmanuel Macron;cpos:3;pos:1;elm:context_link;itc:0;sec:content-canvas;outcm:mb_qualified_link;_E:mb_qualified_link;ct:story;\" class=\"link  yahoo-link\" rel=\"nofollow noopener\" target=\"_blank\">Emmanuel Macron<\/a> face aux critiques li\u00e9es \u00e0 leur diff\u00e9rence d&rsquo;\u00e2ge. Elle revendique m\u00eame avoir \u00ab\u00a0pr\u00e9par\u00e9 le terrain\u00a0\u00bb \u00e0 leur histoire d&rsquo;amour. Entre confidences intimes sur les d\u00e9fis de la cinquantaine et r\u00e9flexions sur l&rsquo;\u00e9volution de la soci\u00e9t\u00e9, l&rsquo;ancienne candidate de t\u00e9l\u00e9r\u00e9alit\u00e9 aborde sans d\u00e9tour les sujets qui font pol\u00e9mique, notamment son engagement dans l&rsquo;industrie du charme et ses combats judiciaires en cours.<\/p>\n<p>\u00ab\u00a0J&rsquo;ai pr\u00e9par\u00e9 le terrain au couple Macron\u00a0\u00bb<\/p>\n<p>Nathalie Andreani revendique son r\u00f4le de pr\u00e9curseuse dans l&rsquo;acceptation sociale des couples \u00e0 diff\u00e9rence d&rsquo;\u00e2ge. Forte de sa propre exp\u00e9rience &#8211; d&rsquo;abord avec Vivian Grimigni de vingt ans son cadet dans \u00ab\u00a0Secret Story\u00a0\u00bb, puis aujourd&rsquo;hui avec Gabano Manenc avec qui elle partage treize ans d&rsquo;\u00e9cart &#8211; elle d\u00e9fend avec v\u00e9h\u00e9mence le couple pr\u00e9sidentiel.<\/p>\n<p>\u00ab\u00a0J&rsquo;ai dit que je leur ai pr\u00e9par\u00e9 le terrain \u00e0 l&rsquo;\u00e9poque, parce que quand j&rsquo;ai fait \u00ab\u00a0Secret Story\u00a0\u00bb, on ne parlait pas de Macron, on ne parlait pas de Brigitte et d\u00e9j\u00e0, \u00e7a a fait un scandale \u00e0 l&rsquo;\u00e9poque\u00a0\u00bb, explique-t-elle. Pour elle, cette m\u00e9diatisation pr\u00e9coce a jou\u00e9 un r\u00f4le d\u00e9terminant : \u00ab\u00a0Quand Macron est arriv\u00e9 au pouvoir, les gens \u00e9taient moins choqu\u00e9s, parce qu&rsquo;ils avaient d\u00e9j\u00e0 entendu parler de (mon) histoire.\u00a0\u00bb<\/p>\n<p>Son indignation face aux attaques contre Brigitte Macron est palpable : \u00ab\u00a0Comment on peut faire des caricatures ? Comment on peut se moquer de notre pr\u00e9sident comme \u00e7a ? Elle, cette pauvre femme, dire que c&rsquo;est un homme, on me l&rsquo;a dit moi aussi que j&rsquo;\u00e9tais un homme, \u00e0 un moment donn\u00e9, arr\u00eatez quoi.\u00a0\u00bb Son message \u00e0 la premi\u00e8re dame serait simple : \u00ab\u00a0Je lui dirais qu&rsquo;elle vive son histoire, c&rsquo;est une femme bien courageuse en tout cas, vraiment.\u00a0\u00bb<\/p>\n<p>Les d\u00e9fis de la cinquantaine : m\u00e9nopause et acceptation de soi<\/p>\n<p>L&rsquo;ancienne candidate se confie avec une franchise remarquable sur les transformations li\u00e9es \u00e0 l&rsquo;\u00e2ge. Elle \u00e9voque sans tabou sa m\u00e9nopause r\u00e9cente et les changements qu&rsquo;elle implique : \u00ab\u00a0Le cap de la cinquantaine pour une femme, c&rsquo;est vraiment un cap particulier. C&rsquo;est un cap o\u00f9 tu dois faire un petit peu plus attention \u00e0 ce que tu manges, tu dois faire un petit peu plus de sport.\u00a0\u00bb<\/p>\n<p>Elle d\u00e9taille les transformations physiques qu&rsquo;elle observe : \u00ab\u00a0Au niveau du corps, je trouve que la peau est moins ferme, forc\u00e9ment. Il y a les petites rides qui commencent \u00e0 s&rsquo;installer. La qualit\u00e9 de tes cheveux est diff\u00e9rente, tu commences un petit peu \u00e0 perdre tes cheveux.\u00a0\u00bb Malgr\u00e9 ces changements, elle garde une philosophie positive : \u00ab\u00a0L&rsquo;essentiel, c&rsquo;est d&rsquo;\u00eatre en pleine forme, en pleine sant\u00e9. Apr\u00e8s, ton corps, oui, il change.\u00a0\u00bb<\/p>\n<p>Face aux critiques incessantes sur son \u00e2ge qu&rsquo;elle subit sur les r\u00e9seaux sociaux depuis des ann\u00e9es, elle a d\u00e9velopp\u00e9 une carapace : \u00ab\u00a0\u00c7a fait 12 ans que j&rsquo;entends \u00e7a. J&rsquo;avais 42 ans, des gens me disaient &lsquo;t&rsquo;es vieille, t&rsquo;es finie&rsquo;. L\u00e0, maintenant, c&rsquo;est &lsquo;va \u00e0 l&rsquo;EHPAD&rsquo;.\u00a0\u00bb Sa r\u00e9ponse est cinglante : \u00ab\u00a0Mais vous vous rendez compte de ce que vous dites ? L&rsquo;EHPAD, c&rsquo;est quand t&rsquo;es impotent, quand tu ne peux plus t&rsquo;occuper de toi-m\u00eame !\u00a0\u00bb<\/p>\n<p>Un proc\u00e8s contre TF1 pour diffamation<\/p>\n<p>L&rsquo;interview r\u00e9v\u00e8le les d\u00e9tails du proc\u00e8s que m\u00e8ne actuellement Nathalie Andreani contre TF1. Comme elle l&rsquo;avait annonc\u00e9 publiquement en avril 2024, elle attaque la cha\u00eene pour diffamation suite \u00e0 la diffusion d&rsquo;un reportage du JT consacr\u00e9 aux d\u00e9rives de l&rsquo;influence et du dropshipping. \u00ab\u00a0C&rsquo;\u00e9tait le journal de TF1. Exactement, la production du journal de TF1\u00a0\u00bb, pr\u00e9cise-t-elle \u00e0 Sam Zirah.<\/p>\n<p>Le litige porte sur l&rsquo;utilisation d&rsquo;une de ses vid\u00e9os dans ce reportage : \u00ab\u00a0Ils ont repris cette vid\u00e9o, ils l&rsquo;ont pass\u00e9e sur le journal. Ils ont flout\u00e9 mon visage et ils ont dit &lsquo;une influenceuse voleuse qui a re\u00e7u une condamnation par la DGCCRF&rsquo; (Direction g\u00e9n\u00e9rale de la Concurrence, de la Consommation et de la R\u00e9pression des fraudes, ndlr).\u00a0\u00bb Nathalie Andreani se d\u00e9fend cat\u00e9goriquement : \u00ab\u00a0Je n&rsquo;ai jamais pris aucune amende, je n&rsquo;ai jamais rien pris. Je ne suis pas une influenceuse voleuse.\u00a0\u00bb<\/p>\n<p>L&rsquo;affaire doit passer en octobre prochain. L&rsquo;influenceuse de charme r\u00e9clame 30 000 euros de dommages et int\u00e9r\u00eats, ainsi qu&rsquo;un rectificatif public. \u00ab\u00a0On demande des dommages et int\u00e9r\u00eats. On sait tr\u00e8s bien qu&rsquo;on ne les aura pas mais je pense qu&rsquo;ils ont fait une grosse erreur : ils n&rsquo;auraient pas d\u00fb !\u00a0\u00bb<\/p>\n<p>Les d\u00e9rives des plateformes intimes d\u00e9nonc\u00e9es<\/p>\n<p>Pionni\u00e8re des plateformes de contenus pour adultes en France depuis pr\u00e8s de six ans, Nathalie Andreani livre un t\u00e9moignage sans concession sur les d\u00e9rives qu&rsquo;elle observe dans ce secteur. Elle d\u00e9nonce notamment les mensonges de certains influenceurs sur leurs revenus : \u00ab\u00a0Tu ne vas pas gagner des millions parce que tu montres tes pieds, c&rsquo;est des menteurs. Tu ne fais pas 1,5 million d&rsquo;euros avec \u00e7a. Jamais de la vie, c&rsquo;est des menteurs.\u00a0\u00bb<\/p>\n<p>Elle r\u00e9v\u00e8le \u00e9galement l&rsquo;existence de relations tarif\u00e9es dans le r\u00e9el : \u00ab\u00a0J&rsquo;avais mont\u00e9 ma propre plateforme et je voyais les filles qui offraient leur charme, qui offraient une pr\u00e9sence, qui offraient un rendez-vous. Parfois c&rsquo;\u00e9taient des relations tarif\u00e9es&#8230;\u00a0\u00bb Concernant les cas extr\u00eames comme celui de Bonnie Blue qui s&rsquo;est lanc\u00e9 le d\u00e9fi de \u00ab\u00a0coucher avec 2000 hommes en 24 heures\u00a0\u00bb, elle ne cache pas son d\u00e9go\u00fbt : \u00ab\u00a0Je trouve \u00e7a scandaleux. Je ne comprends m\u00eame pas comment elle peut survivre \u00e0 \u00e7a. C&rsquo;est vraiment les d\u00e9rives de ce syst\u00e8me\u00a0\u00bb confie-t-elle \u00e0 Sam Zirah.<\/p>\n<p>Le cas Adrien Laurent<\/p>\n<p>Nathalie Andreani revient \u00e9galement sur l&rsquo;affaire Adrien Laurent, cet influenceur dont le compte TikTok a \u00e9t\u00e9 banni en mai 2025 suite aux signalements de la ministre Aurore Berg\u00e9. L&rsquo;ancienne candidate de \u00ab\u00a0Secret Story\u00a0\u00bb exprime sa perplexit\u00e9 face \u00e0 cette d\u00e9cision : \u00ab\u00a0Adrien Laurent, moi, je l&rsquo;ai souvent vu en live. Je n&rsquo;ai rien trouv\u00e9 de choquant, au contraire, je trouve \u00e7a cool. Il faisait monter des gens, ils discutaient&#8230;\u00a0\u00bb<\/p>\n<p>Elle remet en question les motifs du bannissement : \u00ab\u00a0Je ne suis pas s\u00fbre qu&rsquo;il faisait la promotion de ses plateformes, je ne comprends pas pourquoi il a \u00e9t\u00e9 banni. \u00c7a m&rsquo;a choqu\u00e9e.\u00a0\u00bb Cette solidarit\u00e9 s&rsquo;explique par sa propre exp\u00e9rience des sanctions sur les r\u00e9seaux sociaux. Elle r\u00e9v\u00e8le avoir elle-m\u00eame \u00e9t\u00e9 bannie de TikTok pendant une semaine pour avoir simplement dit : \u00ab\u00a0Non, je ne montre pas mes pieds, je ne le fais pas ici.\u00a0\u00bb<\/p>\n<p>Pour elle, cette affaire soul\u00e8ve des questions importantes sur la libert\u00e9 d&rsquo;expression : \u00ab\u00a0Je sais qu&rsquo;il parlait d&rsquo;informations. Il disait qu&rsquo;il faut se prot\u00e9ger, penser \u00e0 mettre des pr\u00e9servatifs. Bon, c&rsquo;est des choses aussi qui sont importantes. Tu ne peux pas \u00eatre banni \u00e0 cause de \u00e7a.\u00a0\u00bb<\/p>\n<p>N\u00e9anmoins, elle nuance son propos en reconnaissant que l&rsquo;image globale d&rsquo;Adrien Laurent a pu jouer : \u00ab\u00a0Le probl\u00e8me, c&rsquo;est qu&rsquo;il est plus connu pour des vid\u00e9os trash et je pense que c&rsquo;est un tout qui fait qu&rsquo;il a saut\u00e9&#8230;\u00a0\u00bb<\/p>\n","protected":false},"excerpt":{"rendered":"Nathalie Andreani a accord\u00e9 une interview \u00e0 Sam Zirah ce dimanche 29 juin dans son \u00e9mission \u00ab\u00a0En toute&hellip;\n","protected":false},"author":2,"featured_media":214104,"comment_status":"","ping_status":"","sticky":false,"template":"","format":"standard","meta":{"footnotes":""},"categories":[1356],"tags":[35365,986,58,59,1011,27,32168,29901,252,1364],"class_list":{"0":"post-214103","1":"post","2":"type-post","3":"status-publish","4":"format-standard","5":"has-post-thumbnail","7":"category-television","8":"tag-andreani","9":"tag-brigitte-macron","10":"tag-divertissement","11":"tag-entertainment","12":"tag-fr","13":"tag-france","14":"tag-nathalie-andreani","15":"tag-secret-story","16":"tag-television","17":"tag-tv"},"share_on_mastodon":{"url":"https:\/\/pubeurope.com\/@fr\/114768567893009779","error":""},"_links":{"self":[{"href":"https:\/\/www.europesays.com\/fr\/wp-json\/wp\/v2\/posts\/214103","targetHints":{"allow":["GET"]}}],"collection":[{"href":"https:\/\/www.europesays.com\/fr\/wp-json\/wp\/v2\/posts"}],"about":[{"href":"https:\/\/www.europesays.com\/fr\/wp-json\/wp\/v2\/types\/post"}],"author":[{"embeddable":true,"href":"https:\/\/www.europesays.com\/fr\/wp-json\/wp\/v2\/users\/2"}],"replies":[{"embeddable":true,"href":"https:\/\/www.europesays.com\/fr\/wp-json\/wp\/v2\/comments?post=214103"}],"version-history":[{"count":0,"href":"https:\/\/www.europesays.com\/fr\/wp-json\/wp\/v2\/posts\/214103\/revisions"}],"wp:featuredmedia":[{"embeddable":true,"href":"https:\/\/www.europesays.com\/fr\/wp-json\/wp\/v2\/media\/214104"}],"wp:attachment":[{"href":"https:\/\/www.europesays.com\/fr\/wp-json\/wp\/v2\/media?parent=214103"}],"wp:term":[{"taxonomy":"category","embeddable":true,"href":"https:\/\/www.europesays.com\/fr\/wp-json\/wp\/v2\/categories?post=214103"},{"taxonomy":"post_tag","embeddable":true,"href":"https:\/\/www.europesays.com\/fr\/wp-json\/wp\/v2\/tags?post=214103"}],"curies":[{"name":"wp","href":"https:\/\/api.w.org\/{rel}","templated":true}]}}