{"id":214109,"date":"2025-06-29T20:37:12","date_gmt":"2025-06-29T20:37:12","guid":{"rendered":"https:\/\/www.europesays.com\/fr\/214109\/"},"modified":"2025-06-29T20:37:12","modified_gmt":"2025-06-29T20:37:12","slug":"et-si-votre-releve-bancaire-pouvait-detecter-alzheimer-10-ans-a-lavance","status":"publish","type":"post","link":"https:\/\/www.europesays.com\/fr\/214109\/","title":{"rendered":"Et si votre relev\u00e9 bancaire pouvait d\u00e9tecter Alzheimer 10 ans \u00e0 l\u2019avance ?"},"content":{"rendered":"<p data-start=\"276\" data-end=\"805\"><strong>C\u2019est une id\u00e9e qui<br \/>\nsemble tout droit sortie d\u2019un roman de <a href=\"https:\/\/sciencepost.fr\/les-etats-unis-preparent-un-projet-de-defense-digne-de-la-science-fiction\/\" target=\"_blank\" rel=\"noopener nofollow\">science-fiction<\/a>, et pourtant :<br \/>\nselon une nouvelle \u00e9tude publi\u00e9e dans <a href=\"https:\/\/dx.doi.org\/10.1001\/jamanetworkopen.2025.15894\" target=\"_blank\" rel=\"noopener nofollow\">JAMA<br \/>\nNetwork Open<\/a>, vos habitudes bancaires pourraient r\u00e9v\u00e9ler<br \/>\nles tout premiers signes de d\u00e9clin cognitif, parfois jusqu\u2019\u00e0 dix<br \/>\nans avant un diagnostic formel. \u00c0 l\u2019heure o\u00f9 la population vieillit<br \/>\nrapidement et o\u00f9 la d\u00e9tection pr\u00e9coce devient un enjeu crucial, ces<br \/>\nr\u00e9sultats pourraient bien changer la mani\u00e8re dont nous surveillons<br \/>\nnotre sant\u00e9 mentale\u2026 sans m\u00eame quitter notre compte en<br \/>\nbanque.<\/strong><\/p>\n<p>Ce que les banques savent d\u00e9j\u00e0<br \/>\n(sans le dire)<\/p>\n<p data-start=\"858\" data-end=\"1257\">L\u2019\u00e9tude, men\u00e9e par l\u2019Universit\u00e9<br \/>\nde Nottingham en collaboration avec le Lloyds Banking Group, s\u2019est<br \/>\npench\u00e9e sur les donn\u00e9es anonymis\u00e9es de plus de 66 000 clients.<br \/>\nParmi eux, un groupe de 16 742 personnes a \u00e9t\u00e9 identifi\u00e9 comme<br \/>\nayant obtenu une procuration l\u00e9gale pour cause de perte de capacit\u00e9<br \/>\nfinanci\u00e8re. Ces profils ont \u00e9t\u00e9 compar\u00e9s \u00e0 50 000 autres n\u2019ayant<br \/>\nd\u00e9clar\u00e9 aucune perte de capacit\u00e9.<\/p>\n<p data-start=\"1259\" data-end=\"1497\">En croisant ces donn\u00e9es, les<br \/>\nchercheurs ont observ\u00e9 des changements subtils mais constants dans<br \/>\nle comportement financier des personnes en voie de d\u00e9clin cognitif,<br \/>\nplusieurs ann\u00e9es avant toute formalisation m\u00e9dicale ou<br \/>\nadministrative.<\/p>\n<p>Moins de voyages, plus de<br \/>\nfactures : un virage silencieux<\/p>\n<p data-start=\"1562\" data-end=\"1600\">Parmi les signaux les plus<br \/>\nmarquants :<\/p>\n<ul data-start=\"1601\" data-end=\"1930\">\n<li data-start=\"1601\" data-end=\"1713\">\n<p data-start=\"1603\" data-end=\"1713\">Une baisse de 9,6 points dans<br \/>\nles d\u00e9penses li\u00e9es aux voyages, cinq ans avant la mise sous<br \/>\nprocuration.<\/p>\n<\/li>\n<li data-start=\"1714\" data-end=\"1768\">\n<p data-start=\"1716\" data-end=\"1768\">Moins de d\u00e9penses en loisirs<br \/>\ncomme le jardinage.<\/p>\n<\/li>\n<li data-start=\"1769\" data-end=\"1826\">\n<p data-start=\"1771\" data-end=\"1826\">Moins de connexions aux<br \/>\ncomptes bancaires en ligne.<\/p>\n<\/li>\n<li data-start=\"1827\" data-end=\"1930\">\n<p data-start=\"1829\" data-end=\"1930\">Davantage de r\u00e9initialisations<br \/>\nde code PIN, de cartes perdues ou de plaintes pour fraude.<\/p>\n<\/li>\n<\/ul>\n<p data-start=\"1932\" data-end=\"2091\">En parall\u00e8le, une augmentation<br \/>\ndes d\u00e9penses domestiques (factures, alimentation\u2026) trahit un repli<br \/>\nprogressif de la personne sur son environnement imm\u00e9diat.<\/p>\n<p data-start=\"2093\" data-end=\"2403\">Ces changements peuvent<br \/>\nsembler anecdotiques pris individuellement. Mais mis bout \u00e0 bout et<br \/>\nobserv\u00e9s dans la dur\u00e9e, ils composent une signature comportementale<br \/>\ndu d\u00e9clin cognitif. Autrement dit, notre mani\u00e8re de g\u00e9rer notre<br \/>\nargent devient un miroir discret mais r\u00e9v\u00e9lateur de notre sant\u00e9<br \/>\nc\u00e9r\u00e9brale.<\/p>\n<p>Quand la banque devient un<br \/>\noutil de sant\u00e9 publique<\/p>\n<p data-start=\"2461\" data-end=\"2781\">Pour les auteurs de l\u2019\u00e9tude,<br \/>\ncette d\u00e9couverte ouvre des perspectives immenses : \u00ab C\u2019est une<br \/>\nd\u00e9monstration puissante de la mani\u00e8re dont les donn\u00e9es financi\u00e8res<br \/>\npeuvent \u00eatre utilis\u00e9es, de mani\u00e8re responsable, pour prot\u00e9ger les<br \/>\npersonnes les plus vuln\u00e9rables \u00bb, explique le professeur John<br \/>\nGathergood, co-auteur de l\u2019\u00e9tude.<\/p>\n<p data-start=\"2783\" data-end=\"2948\">Les implications sont<br \/>\nnombreuses. Si ces donn\u00e9es \u00e9taient crois\u00e9es avec les parcours de<br \/>\nsant\u00e9 (avec le consentement des personnes concern\u00e9es), il serait<br \/>\npossible de :<\/p>\n<ul data-start=\"2949\" data-end=\"3298\">\n<li data-start=\"2949\" data-end=\"3055\">\n<p data-start=\"2951\" data-end=\"3055\">Identifier les profils \u00e0<br \/>\nrisque, bien avant que les proches ou les soignants ne s\u2019en rendent<br \/>\ncompte.<\/p>\n<\/li>\n<li data-start=\"3056\" data-end=\"3167\">\n<p data-start=\"3058\" data-end=\"3167\">Mieux cibler les campagnes de<br \/>\nsensibilisation \u00e0 la procuration ou \u00e0 l\u2019accompagnement des<br \/>\npersonnes \u00e2g\u00e9es.<\/p>\n<\/li>\n<li data-start=\"3168\" data-end=\"3298\">\n<p data-start=\"3170\" data-end=\"3298\">D\u00e9velopper des alertes<br \/>\nautomatis\u00e9es, permettant d\u2019agir avant qu\u2019une erreur financi\u00e8re<br \/>\ngrave ou une escroquerie ne survienne.<\/p>\n<\/li>\n<\/ul>\n<p>Des promesses, mais aussi des<br \/>\npr\u00e9cautions<\/p>\n<p data-start=\"3347\" data-end=\"3544\">Bien s\u00fbr, cette approche pose<br \/>\ndes questions sensibles en mati\u00e8re de confidentialit\u00e9. Personne ne<br \/>\nsouhaite que sa banque analyse en secret ses moindres achats pour<br \/>\ndresser un diagnostic m\u00e9dical.<\/p>\n<p data-start=\"3546\" data-end=\"3729\">C\u2019est pourquoi les chercheurs<br \/>\ninsistent : l\u2019analyse repose uniquement sur des donn\u00e9es<br \/>\nanonymis\u00e9es, sans exploitation commerciale. L\u2019objectif n\u2019est pas de<br \/>\nsurveiller, mais d\u2019aider.<\/p>\n<p data-start=\"3731\" data-end=\"3952\">\u00ab En comprenant mieux les<br \/>\nsignaux faibles qui pr\u00e9c\u00e8dent la perte de capacit\u00e9 financi\u00e8re, les<br \/>\ninstitutions peuvent concevoir des dispositifs de protection plus<br \/>\nefficaces et plus humains \u00bb, pr\u00e9cise le professeur<br \/>\nGathergood.<\/p>\n<p>Vers une d\u00e9tection<br \/>\nsilencieuse mais salvatrice<\/p>\n<p data-start=\"4006\" data-end=\"4297\">Dans un monde o\u00f9 la maladie<br \/>\nd\u2019Alzheimer touche de plus en plus de familles, chaque ann\u00e9e gagn\u00e9e<br \/>\nsur le diagnostic peut faire la diff\u00e9rence. Et si la solution ne<br \/>\npassait pas uniquement par les tests cliniques, mais aussi par une<br \/>\nobservation intelligente de notre quotidien num\u00e9rique ?<\/p>\n<p data-start=\"4299\" data-end=\"4559\">\u00c0 l\u2019avenir, il est possible<br \/>\nqu\u2019une alerte bancaire bienveillante soit le premier indice d\u2019un<br \/>\ntrouble cognitif naissant. Encore faut-il cr\u00e9er un cadre \u00e9thique,<br \/>\ns\u00e9curis\u00e9 et respectueux, o\u00f9 la technologie reste au service de la<br \/>\npersonne, et non l\u2019inverse.<\/p>\n","protected":false},"excerpt":{"rendered":"C\u2019est une id\u00e9e qui semble tout droit sortie d\u2019un roman de science-fiction, et pourtant : selon une nouvelle&hellip;\n","protected":false},"author":2,"featured_media":214110,"comment_status":"","ping_status":"","sticky":false,"template":"","format":"standard","meta":{"footnotes":""},"categories":[10],"tags":[1011,27,72,71],"class_list":{"0":"post-214109","1":"post","2":"type-post","3":"status-publish","4":"format-standard","5":"has-post-thumbnail","7":"category-sante","8":"tag-fr","9":"tag-france","10":"tag-health","11":"tag-sante"},"share_on_mastodon":{"url":"","error":""},"_links":{"self":[{"href":"https:\/\/www.europesays.com\/fr\/wp-json\/wp\/v2\/posts\/214109","targetHints":{"allow":["GET"]}}],"collection":[{"href":"https:\/\/www.europesays.com\/fr\/wp-json\/wp\/v2\/posts"}],"about":[{"href":"https:\/\/www.europesays.com\/fr\/wp-json\/wp\/v2\/types\/post"}],"author":[{"embeddable":true,"href":"https:\/\/www.europesays.com\/fr\/wp-json\/wp\/v2\/users\/2"}],"replies":[{"embeddable":true,"href":"https:\/\/www.europesays.com\/fr\/wp-json\/wp\/v2\/comments?post=214109"}],"version-history":[{"count":0,"href":"https:\/\/www.europesays.com\/fr\/wp-json\/wp\/v2\/posts\/214109\/revisions"}],"wp:featuredmedia":[{"embeddable":true,"href":"https:\/\/www.europesays.com\/fr\/wp-json\/wp\/v2\/media\/214110"}],"wp:attachment":[{"href":"https:\/\/www.europesays.com\/fr\/wp-json\/wp\/v2\/media?parent=214109"}],"wp:term":[{"taxonomy":"category","embeddable":true,"href":"https:\/\/www.europesays.com\/fr\/wp-json\/wp\/v2\/categories?post=214109"},{"taxonomy":"post_tag","embeddable":true,"href":"https:\/\/www.europesays.com\/fr\/wp-json\/wp\/v2\/tags?post=214109"}],"curies":[{"name":"wp","href":"https:\/\/api.w.org\/{rel}","templated":true}]}}