{"id":214113,"date":"2025-06-29T20:39:09","date_gmt":"2025-06-29T20:39:09","guid":{"rendered":"https:\/\/www.europesays.com\/fr\/214113\/"},"modified":"2025-06-29T20:39:09","modified_gmt":"2025-06-29T20:39:09","slug":"dans-mes-diners-de-famille-on-ne-prete-pas-plus-attention-a-mon-metier-qua-celui-de-ma-mere-infirmiere","status":"publish","type":"post","link":"https:\/\/www.europesays.com\/fr\/214113\/","title":{"rendered":"\u00abDans mes d\u00eeners de famille, on ne pr\u00eate pas plus attention \u00e0 mon m\u00e9tier qu\u2019\u00e0 celui de ma m\u00e8re infirmi\u00e8re\u00bb"},"content":{"rendered":"<p>En promotion pour le film L\u2019Accident de piano, l\u2019actrice de 31 ans confie \u00e0 Madame Figaro comment sa famille lui fait garder les pieds sur terre malgr\u00e9 sa notori\u00e9t\u00e9.<\/p>\n<p class=\"fig-paragraph\">\u00c0 31 ans,\u00a0<a href=\"https:\/\/madame.lefigaro.fr\/tag\/adele-exarchopoulos\" target=\"_blank\" rel=\"noopener\" data-gtm-custom-categorie=\"navigation\" data-gtm-custom-action=\"crossclick\" data-gtm-custom-label=\"Contextuel\" data-gtm-event=\"customEventSPE\">Ad\u00e8le Exarchopoulos<\/a>\u00a0fait partie des actrices fran\u00e7aises les plus reconnues de sa g\u00e9n\u00e9ration. R\u00e9v\u00e9l\u00e9e dans La Vie d\u2019Ad\u00e8le d\u2019Abdellatif Kechiche, elle encha\u00eene depuis les r\u00f4les remarqu\u00e9s et les collaborations prestigieuses, \u00e0 l\u2019instar de Je verrai toujours vos visages de Jeanne Herry qui lui a valu le C\u00e9sar 2024 de la meilleure actrice dans un second r\u00f4le, de Bac Nord de C\u00e9dric Jimenez, ou encore Le R\u00e8gne animal de Thomas Cailley. Une trajectoire brillante, mais qui, selon elle, ne l\u2019a jamais fait d\u00e9coller du sol. Car dans les coulisses, il y a sa famille qui la ram\u00e8ne toujours au r\u00e9el, assure-t-elle. Dans un r\u00e9cent\u00a0<a href=\"http:\/\/madame.lefigaro.fr\/celebrites\/cinema\/sandrine-kiberlain-et-adele-exarchopoulos-on-ne-psychologise-pas-20250628\" data-fig-type=\"Article\" data-gtm-custom-categorie=\"navigation\" data-gtm-custom-action=\"crossclick\" data-gtm-custom-label=\"Contextuel\" data-gtm-event=\"customEventSPE\" data-fig-domain=\"MADAME\" target=\"_blank\" rel=\"noopener\">entretien crois\u00e9<\/a>\u00a0avec Sandrine Kiberlain pour Madame Figaro, publi\u00e9 ce samedi 28 juin en marge de la promotion de L\u2019Accident de piano de Quentin Dupieux (en salles le 2 juillet), l\u2019actrice s\u2019est livr\u00e9e \u00e0 quelques confidences sur le sujet.<\/p>\n<p class=\"fig-body-link&#10;    \">\n            \u00c0 lire aussi<br \/>\n        <a class=\"fig-body-link__link\" href=\"http:\/\/madame.lefigaro.fr\/celebrites\/cinema\/sandrine-kiberlain-et-adele-exarchopoulos-on-ne-psychologise-pas-20250628\" data-fig-type=\"Article\" data-gtm-custom-categorie=\"navigation\" data-gtm-custom-action=\"crossclick\" data-gtm-custom-label=\"Contextuel\" data-gtm-event=\"customEventSPE\" data-fig-domain=\"MADAME\" target=\"_blank\" rel=\"noopener\">Sandrine Kiberlain et Ad\u00e8le Exarchopoulos\u00a0: \u00abMoins les gens en savent, mieux on se porte, une question de respect pour ceux qui nous entourent\u00bb<\/a>\n<\/p>\n<p>Z\u00e9ro hi\u00e9rarchie<\/p>\n<p class=\"fig-paragraph\">Dans cette interview, la question de savoir si \u00abla c\u00e9l\u00e9brit\u00e9 isole\u00bb a \u00e9t\u00e9 pos\u00e9e \u00e0 Ad\u00e8le Exarchopoulos. \u00abDans mes<a href=\"http:\/\/madame.lefigaro.fr\/celebrites\/actu-people\/mes-parents-ont-ete-plus-vigilants-apres-la-palme-d-or-quand-adele-exarchopoulos-se-souvient-des-conseils-de-son-pere-20241224\" data-fig-type=\"Article\" data-gtm-custom-categorie=\"navigation\" data-gtm-custom-action=\"crossclick\" data-gtm-custom-label=\"Contextuel\" data-gtm-event=\"customEventSPE\" data-fig-domain=\"MADAME\" target=\"_blank\" rel=\"noopener\">\u00a0d\u00eeners de famille<\/a>, on ne pr\u00eate pas plus attention \u00e0 mon m\u00e9tier qu\u2019\u00e0 celui de ma m\u00e8re infirmi\u00e8re ou de mon fr\u00e8re plombier\u00bb, r\u00e9pond sans d\u00e9tour l\u2019actrice. Cette \u00e9galit\u00e9 de traitement familial semble \u00eatre un pilier important de son \u00e9quilibre personnel.<\/p>\n<p class=\"fig-paragraph\">La trentenaire en profite \u00e9galement pour balayer quelques clich\u00e9s sur les familles qui gravitent autour des projecteurs. \u00ab<a href=\"http:\/\/madame.lefigaro.fr\/style\/adele-exarchopoulos-quand-mon-fils-est-ne-la-premiere-chose-que-j-ai-pensee-c-est-ma-mere-m-aime-aussi-fort-que-ca-20230928\" data-fig-type=\"Article\" data-gtm-custom-categorie=\"navigation\" data-gtm-custom-action=\"crossclick\" data-gtm-custom-label=\"Contextuel\" data-gtm-event=\"customEventSPE\" data-fig-domain=\"MADAME\" target=\"_blank\" rel=\"noopener\">Mes fr\u00e8res<\/a>\u00a0(\u00c9mile et Baptiste, NDLR) ne profitent pas du tout de ma notori\u00e9t\u00e9, ils doivent me demander une fois par an de les aider \u00e0 entrer en bo\u00eete de nuit avec des copains\u00bb, ajoute-t-elle.<\/p>\n<p class=\"fig-paragraph\">Pour Ad\u00e8le Exarchopoulos, cette normalit\u00e9 est pr\u00e9cieuse et lui rappelle qu\u2019elle ne doit pas confondre son m\u00e9tier avec une esp\u00e8ce de passe-droit. \u00abJe ne ressens aucun privil\u00e8ge, \u00e0 part d\u2019exercer une profession que j\u2019aime\u00bb, r\u00e9sume-t-elle. Et si c\u2019\u00e9tait \u00e7a, le vrai luxe finalement\u00a0?<\/p>\n","protected":false},"excerpt":{"rendered":"En promotion pour le film L\u2019Accident de piano, l\u2019actrice de 31 ans confie \u00e0 Madame Figaro comment sa&hellip;\n","protected":false},"author":2,"featured_media":214114,"comment_status":"","ping_status":"","sticky":false,"template":"","format":"standard","meta":{"footnotes":""},"categories":[8],"tags":[976,34114,972,58,59,652,638,1011,27,2173,977,973,975,974],"class_list":{"0":"post-214113","1":"post","2":"type-post","3":"status-publish","4":"format-standard","5":"has-post-thumbnail","7":"category-divertissement","8":"tag-actu-people","9":"tag-adele-exarchopoulos","10":"tag-celebrite","11":"tag-divertissement","12":"tag-entertainment","13":"tag-famille","14":"tag-figaro","15":"tag-fr","16":"tag-france","17":"tag-interview","18":"tag-madame","19":"tag-people","20":"tag-potain-de-stars","21":"tag-star"},"share_on_mastodon":{"url":"https:\/\/pubeurope.com\/@fr\/114768587213436707","error":""},"_links":{"self":[{"href":"https:\/\/www.europesays.com\/fr\/wp-json\/wp\/v2\/posts\/214113","targetHints":{"allow":["GET"]}}],"collection":[{"href":"https:\/\/www.europesays.com\/fr\/wp-json\/wp\/v2\/posts"}],"about":[{"href":"https:\/\/www.europesays.com\/fr\/wp-json\/wp\/v2\/types\/post"}],"author":[{"embeddable":true,"href":"https:\/\/www.europesays.com\/fr\/wp-json\/wp\/v2\/users\/2"}],"replies":[{"embeddable":true,"href":"https:\/\/www.europesays.com\/fr\/wp-json\/wp\/v2\/comments?post=214113"}],"version-history":[{"count":0,"href":"https:\/\/www.europesays.com\/fr\/wp-json\/wp\/v2\/posts\/214113\/revisions"}],"wp:featuredmedia":[{"embeddable":true,"href":"https:\/\/www.europesays.com\/fr\/wp-json\/wp\/v2\/media\/214114"}],"wp:attachment":[{"href":"https:\/\/www.europesays.com\/fr\/wp-json\/wp\/v2\/media?parent=214113"}],"wp:term":[{"taxonomy":"category","embeddable":true,"href":"https:\/\/www.europesays.com\/fr\/wp-json\/wp\/v2\/categories?post=214113"},{"taxonomy":"post_tag","embeddable":true,"href":"https:\/\/www.europesays.com\/fr\/wp-json\/wp\/v2\/tags?post=214113"}],"curies":[{"name":"wp","href":"https:\/\/api.w.org\/{rel}","templated":true}]}}