{"id":21412,"date":"2025-04-13T05:05:12","date_gmt":"2025-04-13T05:05:12","guid":{"rendered":"https:\/\/www.europesays.com\/fr\/21412\/"},"modified":"2025-04-13T05:05:12","modified_gmt":"2025-04-13T05:05:12","slug":"si-les-ukrainiens-netaient-pas-aussi-resistants-la-russie-avancerait-beaucoup-plus-ou-en-est-la-ligne-de-front","status":"publish","type":"post","link":"https:\/\/www.europesays.com\/fr\/21412\/","title":{"rendered":"\u00ab\u00a0Si les Ukrainiens n\u2019\u00e9taient pas aussi r\u00e9sistants, la Russie avancerait beaucoup plus\u00a0\u00bb\u2026 O\u00f9 en est la ligne de front\u00a0?"},"content":{"rendered":"<p>Apr\u00e8s trois ans de combats acharn\u00e9s, <a href=\"https:\/\/www.20minutes.fr\/dossier\/donald_trump\" class=\"color-ultramarine c-link\" target=\"_blank\" rel=\"noopener\">Donald Trump<\/a> esp\u00e9rait parvenir \u00e0 mettre fin \u00e0 la <a href=\"https:\/\/www.20minutes.fr\/monde\/ukraine\/\" class=\"color-ultramarine c-link\" target=\"_blank\" rel=\"noopener\">guerre en Ukraine<\/a> (et m\u00eame en vingt-quatre heures chrono, s\u2019il vous pla\u00eet). Mais, si la partie am\u00e9ricaine a obtenu un semblant de<a href=\"https:\/\/www.20minutes.fr\/monde\/ukraine\/4145022-20250328-guerre-ukraine-mohammed-ben-salmane-arabie-saoudite-parias-piliers-diplomatiques\" class=\"color-ultramarine c-link\" target=\"_blank\" rel=\"noopener\"> discussion entre bellig\u00e9rants en Arabie saoudite<\/a> &#8211; vite suivi par le silence, les canons, eux, parlent toujours autant sur le front. \u00ab\u00a0On constate une intensification des attaques et des bombardements depuis le d\u00e9but des n\u00e9gociations\u00a0\u00bb, commente Carole Grimaud, chercheuse en Sciences de l\u2019information et de la communication \u00e0 l\u2019universit\u00e9 Aix Marseille.<\/p>\n<p>Dans la r\u00e9gion <a href=\"https:\/\/www.20minutes.fr\/monde\/russie\/\" class=\"color-ultramarine c-link\" target=\"_blank\" rel=\"noopener\">russe <\/a>de Koursk que les Ukrainiens avaient envahie par surprise \u00e0 l\u2019\u00e9t\u00e9\u00a02024, \u00ab\u00a0les\u00a0trois quarts du territoire ont \u00e9t\u00e9 r\u00e9cup\u00e9r\u00e9s par les Russes, soit environ 60 kilom\u00e8tres\u00b2 \u00bb, pr\u00e9cise l\u2019experte de la Russie. Dans le m\u00eame temps, l\u2019arm\u00e9e russe progresse lentement sur le front est (dans la r\u00e9gion de Kharkiv et de Soudja), mais aussi sur le front sud. Dans son point dat\u00e9 du 3 au 6\u00a0avril 2025, le minist\u00e8re des Arm\u00e9es fran\u00e7ais note que les forces russes \u00ab\u00a0ont l\u2019ascendant sur la ligne des contacts\u00a0\u00bb.<\/p>\n<p>Ni gel, ni offensive massive<\/p>\n<p>\u00ab\u00a0Il n\u2019y a pas d\u2019invasion \u00e0 grande \u00e9chelle, temp\u00e8re Carole Grimaud. Ce sont plut\u00f4t des offensives retenues.\u00a0\u00bb Le <a href=\"https:\/\/www.20minutes.fr\/dossier\/kremlin\" class=\"color-ultramarine c-link\" target=\"_blank\" rel=\"noopener\">Kremlin <\/a>parvient bien \u00e0 arracher des miettes territoriales de-ci de-l\u00e0, mais la ligne de front, longue de plus de 1.500 kilom\u00e8tres, a peu boug\u00e9 depuis\u00a02023. \u00ab\u00a0On ne parle pas de grandes \u00e9chelles. Fin\u00a02023, les forces russes occupaient 17\u00a0% du territoire, aujourd\u2019hui elles en occupent environ<a href=\"https:\/\/www.swp-berlin.org\/10.18449\/2024C38\/\" rel=\"nofollow noopener\" target=\"_blank\" class=\"color-ultramarine c-link\"> 20\u00a0%<\/a> [certaines <a href=\"https:\/\/www.economist.com\/europe\/2025\/04\/08\/ukraine-thinks-it-can-hold-off-russia-as-long-as-it-needs-to\" rel=\"nofollow noopener\" target=\"_blank\" class=\"color-ultramarine c-link\">sources \u00e9voquent m\u00eame 18,5\u00a0%<\/a>]\u00a0\u00bb, illustre Carole Grimaud. Pas de quoi faire p\u00e2lir de jalousie Napol\u00e9on donc, qui \u00e0 l\u2019apog\u00e9e de ses conqu\u00eates, pouvait assujettir des centaines de milliers de kilom\u00e8tres carr\u00e9s chaque ann\u00e9e.<\/p>\n<p>Carole Grimaud l\u2019assure toutefois\u00a0: \u00ab\u00a0Le front n\u2019est pas du tout gel\u00e9.\u00a0\u00bb \u00ab\u00a0Certes, on observe une guerre d\u2019attrition depuis\u00a02023, mais chacun ne campe pas de son c\u00f4t\u00e9. Les forces russes esp\u00e8rent avancer plus loin. Si les Ukrainiens n\u2019\u00e9taient pas aussi r\u00e9sistants, les Russes avanceraient certainement beaucoup plus loin\u00a0!\u00a0\u00bb Car les Ukrainiens, apr\u00e8s la contre-offensive d\u00e9cevante de l\u2019\u00e9t\u00e9\u00a02023, ont chang\u00e9 de strat\u00e9gie.<a href=\"https:\/\/www.ladepeche.fr\/2025\/04\/07\/entretien-guerre-en-ukraine-un-echec-pour-la-russie-front-fige-tranchees-renforcees-pourquoi-larmee-russe-pietine-sur-le-terrain-12620996.php\" rel=\"nofollow noopener\" target=\"_blank\" class=\"color-ultramarine c-link\"> Interrog\u00e9 par La D\u00e9p\u00eache lundi,<\/a> le g\u00e9n\u00e9ral J\u00e9r\u00f4me Pellistrandi explique que Kiev adopte d\u00e9sormais \u00ab\u00a0une posture d\u00e9fensive assum\u00e9e, notamment via un renforcement massif des lignes\u00a0: tranch\u00e9es, fortifications, pi\u00e8ges antichars\u00a0\u00bb. Leur emploi des mines antipersonnel a d\u2019ailleurs fait scandale, tant ces armes sont persistantes apr\u00e8s les conflits et meurtri\u00e8res pour les civils.<\/p>\n<p>Un nouveau printemps guerrier<\/p>\n<p>Malgr\u00e9 une situation relativement stable, l\u2019arriv\u00e9e des beaux jours est aussi synonyme d\u2019offensives plus agressives en Ukraine. Dans une interview au m\u00e9dia ukrainien Leftbank, le <a href=\"https:\/\/www.lefigaro.fr\/international\/guerre-en-ukraine-l-offensive-russe-de-printemps-a-deja-commence-met-en-garde-le-general-syrsky-20250409\" rel=\"nofollow noopener\" target=\"_blank\" class=\"color-ultramarine c-link\">g\u00e9n\u00e9ral Oleksandr Syrsky expliquait mercredi<\/a> que l\u2019offensive russe de printemps avait d\u00e9but\u00e9. \u00ab\u00a0Depuis plusieurs jours, nous observons un quasi-doublement du nombre d\u2019actions offensives ennemies dans toutes les directions principales\u00a0\u00bb, explique-t-il. \u00ab\u00a0Jeudi matin, les Russes ont lanc\u00e9 une offensive sur Soumy et Kharkiv. Les Ukrainiens s\u2019attendaient \u00e0 cette attaque, mais on voit que \u00e7a s\u2019acc\u00e9l\u00e8re. De l\u2019autre c\u00f4t\u00e9, il semblerait que les Ukrainiens aient lanc\u00e9 une offensive dans la r\u00e9gion de Belgorod, m\u00eame si on a tr\u00e8s peu d\u2019informations pour le moment\u00a0\u00bb, d\u00e9crypte Carole Grimaud.<\/p>\n<\/p>\n<p>La dynamique sur le terrain tranche donc avec les ambitions am\u00e9ricaines de mettre rapidement fin au conflit. D\u2019autant plus que le chef adjoint du bureau pr\u00e9sident ukrainien, Pavlo Palisa, a assur\u00e9 d\u00e9but avril que l\u2019arm\u00e9e russe pr\u00e9voyait d\u2019augmenter son contingent de soldats en Ukraine. Ce sont donc 150.000 hommes qui pourraient rejoindre les rangs d\u2019une arm\u00e9e <a href=\"https:\/\/www.lindependant.fr\/2025\/04\/04\/guerre-en-ukraine-ils-nont-aucune-difficulte-a-attirer-du-personnel-la-russie-prevoit-daugmenter-ses-troupes-de-150-000-soldats-en-2025-12615154.php#:~:text=Guerre%20en%20Ukraine-,Guerre%20en%20Ukraine%20%3A%20%22Ils%20n&#039;ont%20aucune%20difficult%C3%A9%20%C3%A0,out%20player%20to%20resume%20playback.\" rel=\"nofollow noopener\" target=\"_blank\" class=\"color-ultramarine c-link\">estim\u00e9e \u00e0 environ 600.000 personnes<\/a> \u00e0 l\u2019heure actuelle. \u00ab\u00a0Il est clair qu\u2019on ne s\u2019oriente pas vers un arr\u00eat des combats ou vers le cessez-le-feu\u00a0\u00bb, glisse Carole Grimaud. \u00ab\u00a0Beaucoup d\u2019analystes avaient pr\u00e9vu une fin de la guerre en Ukraine pour\u00a02025 mais, pour l\u2019instant, elle ne semble pas se profiler. Au contraire, cette issue semble petit \u00e0 petit nous \u00e9chapper.\u00a0\u00bb<\/p>\n","protected":false},"excerpt":{"rendered":"Apr\u00e8s trois ans de combats acharn\u00e9s, Donald Trump esp\u00e9rait parvenir \u00e0 mettre fin \u00e0 la guerre en Ukraine&hellip;\n","protected":false},"author":2,"featured_media":21413,"comment_status":"","ping_status":"","sticky":false,"template":"","format":"standard","meta":{"footnotes":""},"categories":[1590],"tags":[47,11,75,1777,674,131,4998,74,12,8013,132,220],"class_list":{"0":"post-21412","1":"post","2":"type-post","3":"status-publish","4":"format-standard","5":"has-post-thumbnail","7":"category-ukraine","8":"tag-actualite","9":"tag-actualites","10":"tag-donald-trump","11":"tag-eu","12":"tag-europe","13":"tag-guerre-en-ukraine","14":"tag-kremlin","15":"tag-monde","16":"tag-news","17":"tag-russe","18":"tag-russie","19":"tag-ukraine"},"share_on_mastodon":{"url":"https:\/\/pubeurope.com\/@fr\/114328916750859913","error":""},"_links":{"self":[{"href":"https:\/\/www.europesays.com\/fr\/wp-json\/wp\/v2\/posts\/21412","targetHints":{"allow":["GET"]}}],"collection":[{"href":"https:\/\/www.europesays.com\/fr\/wp-json\/wp\/v2\/posts"}],"about":[{"href":"https:\/\/www.europesays.com\/fr\/wp-json\/wp\/v2\/types\/post"}],"author":[{"embeddable":true,"href":"https:\/\/www.europesays.com\/fr\/wp-json\/wp\/v2\/users\/2"}],"replies":[{"embeddable":true,"href":"https:\/\/www.europesays.com\/fr\/wp-json\/wp\/v2\/comments?post=21412"}],"version-history":[{"count":0,"href":"https:\/\/www.europesays.com\/fr\/wp-json\/wp\/v2\/posts\/21412\/revisions"}],"wp:featuredmedia":[{"embeddable":true,"href":"https:\/\/www.europesays.com\/fr\/wp-json\/wp\/v2\/media\/21413"}],"wp:attachment":[{"href":"https:\/\/www.europesays.com\/fr\/wp-json\/wp\/v2\/media?parent=21412"}],"wp:term":[{"taxonomy":"category","embeddable":true,"href":"https:\/\/www.europesays.com\/fr\/wp-json\/wp\/v2\/categories?post=21412"},{"taxonomy":"post_tag","embeddable":true,"href":"https:\/\/www.europesays.com\/fr\/wp-json\/wp\/v2\/tags?post=21412"}],"curies":[{"name":"wp","href":"https:\/\/api.w.org\/{rel}","templated":true}]}}