{"id":214121,"date":"2025-06-29T20:43:13","date_gmt":"2025-06-29T20:43:13","guid":{"rendered":"https:\/\/www.europesays.com\/fr\/214121\/"},"modified":"2025-06-29T20:43:13","modified_gmt":"2025-06-29T20:43:13","slug":"en-raison-de-la-canicule-a-nice-les-parents-pourront-venir-chercher-leurs-enfants-a-partir-de-11h30-a-lecole","status":"publish","type":"post","link":"https:\/\/www.europesays.com\/fr\/214121\/","title":{"rendered":"En raison de la canicule \u00e0 Nice, les parents pourront venir chercher leurs enfants \u00e0 partir de 11h30 \u00e0 l&rsquo;\u00e9cole"},"content":{"rendered":"<p>Apr\u00e8s Tours, Cavaillon ou encore Montauban et <a href=\"https:\/\/www.nicematin.com\/vie-locale\/canicule-les-ecoliers-de-la-trinite-ne-sont-pas-obliges-de-venir-a-l-ecole-ce-lundi-30-juin-992175\" target=\"_blank\" rel=\"noopener\">La Trinit\u00e9<\/a>, la ville de Nice prend \u00e0 son tour des dispositions en raison de la canicule qui frappe la France.<\/p>\n<p>Dans un communiqu\u00e9, la ville de Nice indique que par mesure de pr\u00e9caution et en concertation avec l\u2019\u00c9ducation nationale, elle propose aux parents qui le souhaitent ou le peuvent, de <strong>venir r\u00e9cup\u00e9rer leurs enfants \u00e0 partir de 11h30 ou 13h30, les lundi 30 juin et mardi 1er juillet.<\/strong><\/p>\n<p>Les enseignants assureront quant \u00e0 eux, normalement les cours selon les horaires habituels, pour les \u00e9l\u00e8ves restant dans les \u00e9tablissements.\u00a0<\/p>\n<p>Le minist\u00e8re a rediffus\u00e9 dimanche aux recteurs son instruction sur les mesures \u00e0 prendre en cas de tr\u00e8s fortes chaleurs. Mais<strong> le gouvernement exclut d&rsquo;avancer le d\u00e9but des vacances scolaires d&rsquo;\u00e9t\u00e9, pr\u00e9vu en fin de semaine, a expliqu\u00e9 Elisabeth Borne, ministre de l&rsquo;Education Nationale.\u00a0<\/strong><\/p>\n<p>\u00ab\u00a0On doit \u00eatre pragmatique, prendre des d\u00e9cisions au cas par cas dans chaque territoire\u00a0\u00bb, a indiqu\u00e9 Mme Borne. \u00ab\u00a0Quand on a des \u00e9coles qui sont bien isol\u00e9es naturellement, elles peuvent accueillir les \u00e9l\u00e8ves\u00a0\u00bb, a-t-elle ajout\u00e9.<\/p>\n<p><strong>Les \u00e9coles doivent adapter leur organisation\u00a0<\/strong><\/p>\n<p>Selon les consignes rappel\u00e9es dimanche par le minist\u00e8re, les \u00e9tablissements scolaires doivent \u00ab\u00a0adapter leur organisation et l&rsquo;utilisation des lieux en fonction de l&rsquo;exposition au soleil, afin d&rsquo;accueillir les \u00e9l\u00e8ves dans des espaces pr\u00e9serv\u00e9s de la chaleur\u00a0\u00bb.<\/p>\n<p>En cas notamment de passage en vigilance rouge, \u00ab\u00a0les autorit\u00e9s pr\u00e9fectorales pourront d\u00e9cider, si n\u00e9cessaire, de la fermeture temporaire de certains \u00e9tablissements scolaires afin de garantir la s\u00e9curit\u00e9 des \u00e9l\u00e8ves et des personnels\u00a0\u00bb.<\/p>\n<p>\u00ab\u00a0Des am\u00e9nagements sp\u00e9cifiques du fonctionnement des \u00e9coles et \u00e9tablissements scolaires pourront \u00eatre mis en place en concertation avec les collectivit\u00e9s locales\u00a0\u00bb, selon le minist\u00e8re. \u00ab\u00a0Dans ce cadre, lorsque cela est possible, les parents pourront garder leurs enfants \u00e0 domicile s\u2019ils le souhaitent\u00a0\u00bb, pr\u00e9cise sa note.\u00a0<\/p>\n<p>Ce qui est ainsi le cas pour Nice.\u00a0<\/p>\n<p><strong>Et pour les \u00e9preuves de Bac?\u00a0<\/strong><\/p>\n<p>Par ailleurs, alors que les \u00e9l\u00e8ves de premi\u00e8re passent leurs oraux de fran\u00e7ais, et les \u00e9l\u00e8ves de terminale leur grand oral, le minist\u00e8re de l&rsquo;Education demande <strong>\u00ab\u00a0d&rsquo;utiliser, dans la mesure du possible, des salles \u00e0 l&rsquo;ombre pour les \u00e9preuves\u00a0\u00bb du baccalaur\u00e9at.<\/strong><\/p>\n<p>Les \u00e9tablissements doivent \u00e9galement s&rsquo;assurer que <strong>\u00ab\u00a0les candidats disposent d&rsquo;eau potable et\/ou leur permettre de sortir de la salle pour se d\u00e9salt\u00e9rer\u00a0\u00bb.<\/strong><\/p>\n<p>La f\u00e9d\u00e9ration de parents d&rsquo;\u00e9l\u00e8ves FCPE avait demand\u00e9 vendredi \u00e0 la ministre de l&rsquo;Education Elisabeth Borne de donner \u00ab\u00a0d&rsquo;urgence\u00a0\u00bb des \u00ab\u00a0consignes claires\u00a0\u00bb aux personnels pour adapter l&rsquo;accueil des \u00e9l\u00e8ves. Une grand partie du b\u00e2ti scolaire \u00ab\u00a0est inadapt\u00e9e\u00a0\u00bb aux fortes chaleurs, avait-elle soulign\u00e9.<\/p>\n","protected":false},"excerpt":{"rendered":"Apr\u00e8s Tours, Cavaillon ou encore Montauban et La Trinit\u00e9, la ville de Nice prend \u00e0 son tour des&hellip;\n","protected":false},"author":2,"featured_media":214122,"comment_status":"","ping_status":"","sticky":false,"template":"","format":"standard","meta":{"footnotes":""},"categories":[4],"tags":[11,1057,332,1011,27,12,25],"class_list":{"0":"post-214121","1":"post","2":"type-post","3":"status-publish","4":"format-standard","5":"has-post-thumbnail","7":"category-france","8":"tag-actualites","9":"tag-education","10":"tag-faits-de-societe","11":"tag-fr","12":"tag-france","13":"tag-news","14":"tag-republique-francaise"},"share_on_mastodon":{"url":"https:\/\/pubeurope.com\/@fr\/114768602996532900","error":""},"_links":{"self":[{"href":"https:\/\/www.europesays.com\/fr\/wp-json\/wp\/v2\/posts\/214121","targetHints":{"allow":["GET"]}}],"collection":[{"href":"https:\/\/www.europesays.com\/fr\/wp-json\/wp\/v2\/posts"}],"about":[{"href":"https:\/\/www.europesays.com\/fr\/wp-json\/wp\/v2\/types\/post"}],"author":[{"embeddable":true,"href":"https:\/\/www.europesays.com\/fr\/wp-json\/wp\/v2\/users\/2"}],"replies":[{"embeddable":true,"href":"https:\/\/www.europesays.com\/fr\/wp-json\/wp\/v2\/comments?post=214121"}],"version-history":[{"count":0,"href":"https:\/\/www.europesays.com\/fr\/wp-json\/wp\/v2\/posts\/214121\/revisions"}],"wp:featuredmedia":[{"embeddable":true,"href":"https:\/\/www.europesays.com\/fr\/wp-json\/wp\/v2\/media\/214122"}],"wp:attachment":[{"href":"https:\/\/www.europesays.com\/fr\/wp-json\/wp\/v2\/media?parent=214121"}],"wp:term":[{"taxonomy":"category","embeddable":true,"href":"https:\/\/www.europesays.com\/fr\/wp-json\/wp\/v2\/categories?post=214121"},{"taxonomy":"post_tag","embeddable":true,"href":"https:\/\/www.europesays.com\/fr\/wp-json\/wp\/v2\/tags?post=214121"}],"curies":[{"name":"wp","href":"https:\/\/api.w.org\/{rel}","templated":true}]}}