{"id":214125,"date":"2025-06-29T20:45:11","date_gmt":"2025-06-29T20:45:11","guid":{"rendered":"https:\/\/www.europesays.com\/fr\/214125\/"},"modified":"2025-06-29T20:45:11","modified_gmt":"2025-06-29T20:45:11","slug":"horreur-rue-elisee-reclus-un-chien-tue-dans-un-acces-de-violence","status":"publish","type":"post","link":"https:\/\/www.europesays.com\/fr\/214125\/","title":{"rendered":"HORREUR RUE \u00c9LIS\u00c9E-RECLUS : UN CHIEN TU\u00c9 DANS UN ACC\u00c8S DE VIOLENCE"},"content":{"rendered":"<p>Un chien a \u00e9t\u00e9 pr\u00e9cipit\u00e9 depuis le cinqui\u00e8me \u00e9tage d\u2019un immeuble \u00e0 Saint-\u00c9tienne, finissant sa course mortelle sur le pare-brise d\u2019un v\u00e9hicule stationn\u00e9 en contrebas. Cette trag\u00e9die a mobilis\u00e9 imm\u00e9diatement la police municipale, rapidement relay\u00e9e par la police nationale face \u00e0 la gravit\u00e9 des faits constat\u00e9s.<\/p>\n<p>Contexte toxique d\u2019une soir\u00e9e qui d\u00e9rape<\/p>\n<p>Les circonstances de ce drame r\u00e9v\u00e8lent un environnement particuli\u00e8rement d\u00e9grad\u00e9. Selon les t\u00e9moignages recueillis sur place, l\u2019appartement abritait une consommation collective de stup\u00e9fiants impliquant plusieurs personnes pr\u00e9sentes avec la propri\u00e9taire de l\u2019animal.<\/p>\n<p>L\u2019escalade de violence trouve son origine dans la frustration d\u2019un participant priv\u00e9 de sa dose habituelle, col\u00e8re qu\u2019il a d\u00e9tourn\u00e9e vers l\u2019innocent animal domestique.<\/p>\n<p>Geste d\u2019une brutalit\u00e9 extr\u00eame<\/p>\n<p>La d\u00e9fenestration d\u00e9lib\u00e9r\u00e9e de l\u2019animal depuis une telle hauteur t\u00e9moigne d\u2019une perte totale de contr\u00f4le et d\u2019humanit\u00e9. Cet acte, accompli sous l\u2019empire de substances illicites, illustre tristement les d\u00e9rives comportementales li\u00e9es \u00e0 la toxicomanie.<\/p>\n<p>L\u2019animal n\u2019a aucunement surv\u00e9cu \u00e0 cette chute de plusieurs dizaines de m\u00e8tres, victime innocente d\u2019un d\u00e9foulement aveugle.<\/p>\n<p>Conscient de la gravit\u00e9 de son geste, l\u2019auteur de cette barbarie a quitt\u00e9 les lieux avant l\u2019intervention des forces de l\u2019ordre. Cette fuite complique \u00e9videmment l\u2019enqu\u00eate mais n\u2019emp\u00eachera pas les investigations de se poursuivre.<\/p>\n<p>L\u2019identification du coupable constitue d\u00e9sormais la priorit\u00e9 des enqu\u00eateurs, d\u2019autant que plusieurs t\u00e9moins \u00e9taient pr\u00e9sents lors des faits.<\/p>\n<p>Propri\u00e9taire r\u00e9ticente \u00e0 porter plainte<\/p>\n<p>Paradoxalement, la propri\u00e9taire de l\u2019animal d\u00e9c\u00e9d\u00e9 a refus\u00e9 de d\u00e9poser plainte contre l\u2019auteur des faits. Cette attitude surprenante peut s\u2019expliquer par la crainte de r\u00e9v\u00e9ler publiquement les circonstances de consommation de drogue ou par des liens personnels avec l\u2019agresseur.<\/p>\n<p>Les services de police poursuivent leurs investigations pour identifier et interpeller le responsable de cette maltraitance mortelle. Les t\u00e9moignages des personnes pr\u00e9sentes et les \u00e9ventuels \u00e9l\u00e9ments techniques permettront d\u2019\u00e9tablir les responsabilit\u00e9s. La l\u00e9gislation fran\u00e7aise pr\u00e9voit des sanctions s\u00e9v\u00e8res contre la cruaut\u00e9 animale, pouvant aller jusqu\u2019\u00e0 deux ans d\u2019emprisonnement et 30 000 euros d\u2019amende.<\/p>\n<p>Appel aux t\u00e9moins<\/p>\n<p>Les enqu\u00eateurs appellent toute personne d\u00e9tenant des informations sur cette affaire \u00e0 se manifester aupr\u00e8s des services de police. L\u2019identification du responsable permettra de rendre justice \u00e0 cet animal innocent et d\u2019\u00e9viter de nouveaux actes similaires.<\/p>\n","protected":false},"excerpt":{"rendered":"Un chien a \u00e9t\u00e9 pr\u00e9cipit\u00e9 depuis le cinqui\u00e8me \u00e9tage d\u2019un immeuble \u00e0 Saint-\u00c9tienne, finissant sa course mortelle sur&hellip;\n","protected":false},"author":2,"featured_media":214126,"comment_status":"","ping_status":"","sticky":false,"template":"","format":"standard","meta":{"footnotes":""},"categories":[9653],"tags":[1111,11,2430,1777,674,118,1011,27,3367,12,25,4001],"class_list":{"0":"post-214125","1":"post","2":"type-post","3":"status-publish","4":"format-standard","5":"has-post-thumbnail","7":"category-saint-etienne","8":"tag-actu","9":"tag-actualites","10":"tag-auvergne-rhone-alpes","11":"tag-eu","12":"tag-europe","13":"tag-faits-divers","14":"tag-fr","15":"tag-france","16":"tag-loire","17":"tag-news","18":"tag-republique-francaise","19":"tag-saint-etienne"},"share_on_mastodon":{"url":"https:\/\/pubeurope.com\/@fr\/114768610832434935","error":""},"_links":{"self":[{"href":"https:\/\/www.europesays.com\/fr\/wp-json\/wp\/v2\/posts\/214125","targetHints":{"allow":["GET"]}}],"collection":[{"href":"https:\/\/www.europesays.com\/fr\/wp-json\/wp\/v2\/posts"}],"about":[{"href":"https:\/\/www.europesays.com\/fr\/wp-json\/wp\/v2\/types\/post"}],"author":[{"embeddable":true,"href":"https:\/\/www.europesays.com\/fr\/wp-json\/wp\/v2\/users\/2"}],"replies":[{"embeddable":true,"href":"https:\/\/www.europesays.com\/fr\/wp-json\/wp\/v2\/comments?post=214125"}],"version-history":[{"count":0,"href":"https:\/\/www.europesays.com\/fr\/wp-json\/wp\/v2\/posts\/214125\/revisions"}],"wp:featuredmedia":[{"embeddable":true,"href":"https:\/\/www.europesays.com\/fr\/wp-json\/wp\/v2\/media\/214126"}],"wp:attachment":[{"href":"https:\/\/www.europesays.com\/fr\/wp-json\/wp\/v2\/media?parent=214125"}],"wp:term":[{"taxonomy":"category","embeddable":true,"href":"https:\/\/www.europesays.com\/fr\/wp-json\/wp\/v2\/categories?post=214125"},{"taxonomy":"post_tag","embeddable":true,"href":"https:\/\/www.europesays.com\/fr\/wp-json\/wp\/v2\/tags?post=214125"}],"curies":[{"name":"wp","href":"https:\/\/api.w.org\/{rel}","templated":true}]}}