{"id":21414,"date":"2025-04-13T05:06:10","date_gmt":"2025-04-13T05:06:10","guid":{"rendered":"https:\/\/www.europesays.com\/fr\/21414\/"},"modified":"2025-04-13T05:06:10","modified_gmt":"2025-04-13T05:06:10","slug":"pour-le-futur-chancelier-allemand-trump-accroit-le-risque-dune-crise-financiere","status":"publish","type":"post","link":"https:\/\/www.europesays.com\/fr\/21414\/","title":{"rendered":"Pour le futur chancelier allemand, Trump accro\u00eet le risque d\u2019une crise financi\u00e8re"},"content":{"rendered":"<p>La politique protectionniste de Donald Trump inqui\u00e8te Friedrich Merz. Dans un entretien paru samedi, le futur chancelier <a href=\"https:\/\/www.20minutes.fr\/dossier\/allemagne\" target=\"_blank\" class=\"color-ultramarine c-link\" rel=\"nofollow noopener\">allemand<\/a> a mis en garde contre les risques accrus d\u2019une crise financi\u00e8re \u00e0 cause des droits de douane aux <a href=\"https:\/\/www.20minutes.fr\/monde\/etats-unis\/\" target=\"_blank\" class=\"color-ultramarine c-link\" rel=\"nofollow noopener\">Etats-Unis<\/a>.<\/p>\n<p>\u00ab\u00a0La politique du pr\u00e9sident <a href=\"https:\/\/www.20minutes.fr\/dossier\/donald_trump\" target=\"_blank\" class=\"color-ultramarine c-link\" rel=\"nofollow noopener\">Trump<\/a> augmente le risque que la prochaine crise financi\u00e8re survienne plus t\u00f4t que pr\u00e9vu. Nous, Europ\u00e9ens, devons y apporter une r\u00e9ponse convaincante\u00a0\u00bb, a-t-il d\u00e9clar\u00e9 dans cette longue interview accord\u00e9e au quotidien \u00e9conomique Handelsblatt.<\/p>\n<p>L\u2019\u00e9conomie allemande particuli\u00e8rement touch\u00e9e<\/p>\n<p>Pendant que <a href=\"https:\/\/www.20minutes.fr\/dossier\/chine\" target=\"_blank\" class=\"color-ultramarine c-link\" rel=\"nofollow noopener\">Chine<\/a> et Etats-Unis poursuivent leur guerre commerciale, les Europ\u00e9ens sont dans l\u2019expectative apr\u00e8s l\u2019annonce par le pr\u00e9sident am\u00e9ricain du gel pour 90 jours des plus grosses surtaxes punitives qu\u2019il venait d\u2019imposer \u00e0 60 partenaires commerciaux. Mais d\u2019autres sur l\u2019acier, l\u2019aluminium et l\u2019automobile sont maintenues, notamment contre l\u2019UE. Elles frappent particuli\u00e8rement l\u2019\u00e9conomie allemande tr\u00e8s exportatrice et sa puissante industrie automobile.<\/p>\n<\/p>\n<p>Le conservateur Friedrich Merz, qui devrait devenir officiellement chancelier le 6\u00a0mai, entend faire passer le message que l\u2019Europe \u00ab\u00a0est une entit\u00e9 politique capable d\u2019agir et pr\u00eate \u00e0 le faire, qui d\u00e9fend ses int\u00e9r\u00eats et ses valeurs avec assurance\u00a0\u00bb quand il se rendra \u00e0 Washington pour sa premi\u00e8re visite, dont la date n\u2019est pas encore fix\u00e9e. L\u2019autre message sera\u00a0: \u00ab\u00a0nous voulons des relations transatlantiques bonnes et solides\u00a0\u00bb, a-t-il ajout\u00e9.<\/p>\n<p>Le gaz, la clef pour trouver un accord\u00a0?<\/p>\n<p>\u00ab\u00a0J\u2019esp\u00e8re qu\u2019un nouvel accord de libre-\u00e9change transatlantique sera conclu. Z\u00e9ro pour cent de droits de douane sur tout\u00a0\u00bb, a en outre soulign\u00e9 le futur chancelier, disant regretter que l\u2019Europe n\u2019ait pas r\u00e9ussi autrefois \u00e0 faire aboutir le TTIP, le grand accord de libre-\u00e9change transatlantique.<\/p>\n<p><a href=\"https:\/\/www.20minutes.fr\/dossier\/allemagne\" target=\"_blank\" class=\"c-link c-btn c-btn--primary\" rel=\"nofollow noopener\">Notre dossier sur l&rsquo;Allemagne<\/a><\/p>\n<p>Pour d\u00e9samorcer les diff\u00e9rends commerciaux, il s\u2019est dit ouvert \u00e0 l\u2019id\u00e9e d\u2019importer davantage de mati\u00e8res premi\u00e8res en provenance des Etats-Unis, comme le demande Trump. \u00ab\u00a0Nous avons besoin de gaz, \u00e9galement de gaz am\u00e9ricain\u00a0\u00bb. \u00ab\u00a0Mais nous devrions toujours avoir plusieurs fournisseurs et ne pas d\u00e9pendre d\u2019un seul\u00a0\u00bb a-t-il pr\u00e9cis\u00e9, alors que l\u2019Allemagne s\u2019est douloureusement affranchie de sa d\u00e9pendance au gaz russe apr\u00e8s l\u2019invasion de l\u2019Ukraine par la Russie de Vladimir Poutine le 24\u00a0f\u00e9vrier 2022. Depuis, la premi\u00e8re \u00e9conomie europ\u00e9enne a encha\u00een\u00e9 deux r\u00e9cessions d\u2019affil\u00e9e, et se dirige vers une stagnation cette ann\u00e9e.<\/p>\n","protected":false},"excerpt":{"rendered":"La politique protectionniste de Donald Trump inqui\u00e8te Friedrich Merz. Dans un entretien paru samedi, le futur chancelier allemand&hellip;\n","protected":false},"author":2,"featured_media":21415,"comment_status":"","ping_status":"","sticky":false,"template":"","format":"standard","meta":{"footnotes":""},"categories":[1589],"tags":[47,11,672,8014,75,73,1866,5798,5799,74,12,1864,1865,1863,308,133],"class_list":{"0":"post-21414","1":"post","2":"type-post","3":"status-publish","4":"format-standard","5":"has-post-thumbnail","7":"category-etats-unis","8":"tag-actualite","9":"tag-actualites","10":"tag-allemagne","11":"tag-crise-financiere","12":"tag-donald-trump","13":"tag-etats-unis","14":"tag-etats-unis-damerique","15":"tag-exportation","16":"tag-importation","17":"tag-monde","18":"tag-news","19":"tag-united-states","20":"tag-united-states-of-america","21":"tag-us","22":"tag-usa","23":"tag-video"},"share_on_mastodon":{"url":"https:\/\/pubeurope.com\/@fr\/114328920619276566","error":""},"_links":{"self":[{"href":"https:\/\/www.europesays.com\/fr\/wp-json\/wp\/v2\/posts\/21414","targetHints":{"allow":["GET"]}}],"collection":[{"href":"https:\/\/www.europesays.com\/fr\/wp-json\/wp\/v2\/posts"}],"about":[{"href":"https:\/\/www.europesays.com\/fr\/wp-json\/wp\/v2\/types\/post"}],"author":[{"embeddable":true,"href":"https:\/\/www.europesays.com\/fr\/wp-json\/wp\/v2\/users\/2"}],"replies":[{"embeddable":true,"href":"https:\/\/www.europesays.com\/fr\/wp-json\/wp\/v2\/comments?post=21414"}],"version-history":[{"count":0,"href":"https:\/\/www.europesays.com\/fr\/wp-json\/wp\/v2\/posts\/21414\/revisions"}],"wp:featuredmedia":[{"embeddable":true,"href":"https:\/\/www.europesays.com\/fr\/wp-json\/wp\/v2\/media\/21415"}],"wp:attachment":[{"href":"https:\/\/www.europesays.com\/fr\/wp-json\/wp\/v2\/media?parent=21414"}],"wp:term":[{"taxonomy":"category","embeddable":true,"href":"https:\/\/www.europesays.com\/fr\/wp-json\/wp\/v2\/categories?post=21414"},{"taxonomy":"post_tag","embeddable":true,"href":"https:\/\/www.europesays.com\/fr\/wp-json\/wp\/v2\/tags?post=21414"}],"curies":[{"name":"wp","href":"https:\/\/api.w.org\/{rel}","templated":true}]}}