{"id":214147,"date":"2025-06-29T21:00:09","date_gmt":"2025-06-29T21:00:09","guid":{"rendered":"https:\/\/www.europesays.com\/fr\/214147\/"},"modified":"2025-06-29T21:00:09","modified_gmt":"2025-06-29T21:00:09","slug":"un-detenu-meurt-dans-lincendie-de-sa-cellule","status":"publish","type":"post","link":"https:\/\/www.europesays.com\/fr\/214147\/","title":{"rendered":"Un d\u00e9tenu meurt dans l\u2019incendie de sa cellule"},"content":{"rendered":"<p>Un d\u00e9tenu \u00e0 la maison d\u2019arr\u00eat de <a href=\"https:\/\/www.20minutes.fr\/strasbourg\/\" target=\"_blank\" class=\"color-ultramarine c-link\" rel=\"noopener\">Strasbourg<\/a> est mort dimanche dans l\u2019<a href=\"https:\/\/www.20minutes.fr\/dossier\/incendie\" target=\"_blank\" class=\"color-ultramarine c-link\" rel=\"noopener\">incendie<\/a> de sa cellule, qu\u2019il occupait seul, a-t-on appris de source polici\u00e8re. L\u2019origine du sinistre n\u2019avait pas pu \u00eatre d\u00e9termin\u00e9e dimanche soir.<\/p>\n<p>L\u2019homme \u00e9tait <a href=\"https:\/\/www.20minutes.fr\/dossier\/prison\" target=\"_blank\" class=\"color-ultramarine c-link\" rel=\"noopener\">incarc\u00e9r\u00e9<\/a> depuis le 16\u00a0octobre 2024 \u00e0 la maison d\u2019arr\u00eat de l\u2019Elsau, o\u00f9 sont d\u00e9tenues des personnes qui n\u2019ont pas encore \u00e9t\u00e9 condamn\u00e9es.<\/p>\n<p>200 morts par an<\/p>\n<p>Son identit\u00e9 et la raison pour laquelle il \u00e9tait en d\u00e9tention ne sont pas connues \u00e0 ce stade.<\/p>\n<p><a href=\"https:\/\/www.20minutes.fr\/dossier\/prison\" target=\"_blank\" class=\"c-link c-btn c-btn--primary\" rel=\"noopener\">Tous nos articles sur les prisons<\/a><\/p>\n<p>Plus de 200 personnes meurent chaque ann\u00e9e dans les prisons fran\u00e7aises, selon le collectif d\u2019associations Les mort\u00b7e\u00b7s de la prison, la majeure partie par suicide.<\/p>\n","protected":false},"excerpt":{"rendered":"Un d\u00e9tenu \u00e0 la maison d\u2019arr\u00eat de Strasbourg est mort dimanche dans l\u2019incendie de sa cellule, qu\u2019il occupait&hellip;\n","protected":false},"author":2,"featured_media":214148,"comment_status":"","ping_status":"","sticky":false,"template":"","format":"standard","meta":{"footnotes":""},"categories":[2820],"tags":[1111,47,11,2389,2649,1777,674,1011,27,775,1310,12,806,25,104,640],"class_list":{"0":"post-214147","1":"post","2":"type-post","3":"status-publish","4":"format-standard","5":"has-post-thumbnail","7":"category-strasbourg","8":"tag-actu","9":"tag-actualite","10":"tag-actualites","11":"tag-alsace","12":"tag-bas-rhin","13":"tag-eu","14":"tag-europe","15":"tag-fr","16":"tag-france","17":"tag-grand-est","18":"tag-incendie","19":"tag-news","20":"tag-prison","21":"tag-republique-francaise","22":"tag-societe","23":"tag-strasbourg"},"share_on_mastodon":{"url":"https:\/\/pubeurope.com\/@fr\/114768669752606650","error":""},"_links":{"self":[{"href":"https:\/\/www.europesays.com\/fr\/wp-json\/wp\/v2\/posts\/214147","targetHints":{"allow":["GET"]}}],"collection":[{"href":"https:\/\/www.europesays.com\/fr\/wp-json\/wp\/v2\/posts"}],"about":[{"href":"https:\/\/www.europesays.com\/fr\/wp-json\/wp\/v2\/types\/post"}],"author":[{"embeddable":true,"href":"https:\/\/www.europesays.com\/fr\/wp-json\/wp\/v2\/users\/2"}],"replies":[{"embeddable":true,"href":"https:\/\/www.europesays.com\/fr\/wp-json\/wp\/v2\/comments?post=214147"}],"version-history":[{"count":0,"href":"https:\/\/www.europesays.com\/fr\/wp-json\/wp\/v2\/posts\/214147\/revisions"}],"wp:featuredmedia":[{"embeddable":true,"href":"https:\/\/www.europesays.com\/fr\/wp-json\/wp\/v2\/media\/214148"}],"wp:attachment":[{"href":"https:\/\/www.europesays.com\/fr\/wp-json\/wp\/v2\/media?parent=214147"}],"wp:term":[{"taxonomy":"category","embeddable":true,"href":"https:\/\/www.europesays.com\/fr\/wp-json\/wp\/v2\/categories?post=214147"},{"taxonomy":"post_tag","embeddable":true,"href":"https:\/\/www.europesays.com\/fr\/wp-json\/wp\/v2\/tags?post=214147"}],"curies":[{"name":"wp","href":"https:\/\/api.w.org\/{rel}","templated":true}]}}