{"id":214154,"date":"2025-06-29T21:04:08","date_gmt":"2025-06-29T21:04:08","guid":{"rendered":"https:\/\/www.europesays.com\/fr\/214154\/"},"modified":"2025-06-29T21:04:08","modified_gmt":"2025-06-29T21:04:08","slug":"abdoul-abdouraguimov-de-retour-au-pfl-a-nantes","status":"publish","type":"post","link":"https:\/\/www.europesays.com\/fr\/214154\/","title":{"rendered":"Abdoul Abdouraguimov de retour au PFL \u00e0 Nantes"},"content":{"rendered":"<p>MMA \u2013 The Lazy King is back ! Pour l\u2019occasion, Abdoul Abdouraguimov fait son retour pour la premi\u00e8re du PFL \u00e0 Nantes.<\/p>\n<p>Si l\u2019UFC ne s\u2019\u00e9tablit qu\u2019\u00e0 Paris pour le moment, <strong>la strat\u00e9gie du PFL est bien diff\u00e9rente<\/strong>. En effet, l\u2019organisation am\u00e9ricaine a pour vocation d\u2019aller partout dans le monde. La semaine prochaine, nous aurons par exemple <strong>le droit \u00e0 un PFL Bruxelles, avec Patrick Habirora en t\u00eate d\u2019affiche<\/strong>. Cette fois, c\u2019est <a href=\"https:\/\/x.com\/LaSueur_off\/status\/1939392514466967979\" target=\"_blank\" rel=\"noreferrer noopener\">une information La Sueur<\/a> concernant le Lazy King dont il est question. Ainsi, <strong><a href=\"https:\/\/lasueur.com\/fighter\/abdoul-abdouraguimov\" target=\"_blank\" rel=\"noreferrer noopener\">Abdoul Abdouraguimov<\/a> va faire son grand retour \u00e0 l\u2019occasion d\u2019un PFL \u00e0 Nantes.<\/strong><\/p>\n<p>Le Lazy King au Z\u00e9nith de Nantes<\/p>\n<p>Abdoul Abdouraguimov est depuis toujours <strong>un fier membre de la team Delariva \u00e0 Nantes<\/strong>. Aussi, quel meilleur repr\u00e9sentant pour la ville et le PFL que le showman et prodige du jiu-jitsu br\u00e9silien en personne\u2009? <strong>Abdoul fera son grand retour le 26\u00a0septembre prochain en direct du Z\u00e9nith de Nantes<\/strong>.<\/p>\n<p class=\"etiqtitle\" style=\"font-size:18px;text-align:center;color:#fff;\">SUR LE M\u00caME SUJET :<\/p>\n<p>Avec le beau record de <strong>19\u00a0victoires contre une petite d\u00e9faite<\/strong>, le Fran\u00e7ais est encore invaincu au PFL. Arriv\u00e9 au sein de l\u2019organisation en septembre 2023, Abdoul Abdouraguimov s\u2019est battu \u00e0 trois reprises. Lors de sa derni\u00e8re apparition,<strong> il \u00e9tait venu \u00e0 bout de Laureano Staropoli <\/strong>\u00e0 la d\u00e9cision unanime. On ne conna\u00eet pas encore officiellement le prochain adversaire du Fran\u00e7ais qui aura \u00e0 c\u0153ur de bien faire devant son public. En cas de victoire, Abdoul Abdouraguimov atteindrait <strong>le cap des 20\u00a0victoires sur le circuit professionnel. <\/strong><\/p>\n","protected":false},"excerpt":{"rendered":"MMA \u2013 The Lazy King is back ! Pour l\u2019occasion, Abdoul Abdouraguimov fait son retour pour la premi\u00e8re&hellip;\n","protected":false},"author":2,"featured_media":214155,"comment_status":"","ping_status":"","sticky":false,"template":"","format":"standard","meta":{"footnotes":""},"categories":[2818],"tags":[35367,1111,11,1777,674,1011,27,766,12,2636,35368,25],"class_list":{"0":"post-214154","1":"post","2":"type-post","3":"status-publish","4":"format-standard","5":"has-post-thumbnail","7":"category-nantes","8":"tag-abdoul-abdouraguimov","9":"tag-actu","10":"tag-actualites","11":"tag-eu","12":"tag-europe","13":"tag-fr","14":"tag-france","15":"tag-nantes","16":"tag-news","17":"tag-pays-de-la-loire","18":"tag-pfl","19":"tag-republique-francaise"},"share_on_mastodon":{"url":"https:\/\/pubeurope.com\/@fr\/114768685727752315","error":""},"_links":{"self":[{"href":"https:\/\/www.europesays.com\/fr\/wp-json\/wp\/v2\/posts\/214154","targetHints":{"allow":["GET"]}}],"collection":[{"href":"https:\/\/www.europesays.com\/fr\/wp-json\/wp\/v2\/posts"}],"about":[{"href":"https:\/\/www.europesays.com\/fr\/wp-json\/wp\/v2\/types\/post"}],"author":[{"embeddable":true,"href":"https:\/\/www.europesays.com\/fr\/wp-json\/wp\/v2\/users\/2"}],"replies":[{"embeddable":true,"href":"https:\/\/www.europesays.com\/fr\/wp-json\/wp\/v2\/comments?post=214154"}],"version-history":[{"count":0,"href":"https:\/\/www.europesays.com\/fr\/wp-json\/wp\/v2\/posts\/214154\/revisions"}],"wp:featuredmedia":[{"embeddable":true,"href":"https:\/\/www.europesays.com\/fr\/wp-json\/wp\/v2\/media\/214155"}],"wp:attachment":[{"href":"https:\/\/www.europesays.com\/fr\/wp-json\/wp\/v2\/media?parent=214154"}],"wp:term":[{"taxonomy":"category","embeddable":true,"href":"https:\/\/www.europesays.com\/fr\/wp-json\/wp\/v2\/categories?post=214154"},{"taxonomy":"post_tag","embeddable":true,"href":"https:\/\/www.europesays.com\/fr\/wp-json\/wp\/v2\/tags?post=214154"}],"curies":[{"name":"wp","href":"https:\/\/api.w.org\/{rel}","templated":true}]}}