{"id":214160,"date":"2025-06-29T21:07:12","date_gmt":"2025-06-29T21:07:12","guid":{"rendered":"https:\/\/www.europesays.com\/fr\/214160\/"},"modified":"2025-06-29T21:07:12","modified_gmt":"2025-06-29T21:07:12","slug":"fortes-chaleurs-voici-8-lacs-ou-la-baignade-est-surveillee-en-ete-a-toulouse-et-aux-alentours","status":"publish","type":"post","link":"https:\/\/www.europesays.com\/fr\/214160\/","title":{"rendered":"Fortes chaleurs. Voici 8 lacs o\u00f9 la baignade est surveill\u00e9e en \u00e9t\u00e9, \u00e0 Toulouse et aux alentours"},"content":{"rendered":"<p>            Par<br \/>\n        <strong><br \/>\n            <a href=\"https:\/\/actu.fr\/auteur\/gabriel-kenedi\" title=\"Consulter tous les articles de Gabriel Kenedi\" target=\"_blank\" rel=\"noopener\">Gabriel Kenedi<\/a><br \/>\n        <\/strong><\/p>\n<p>        Publi\u00e9 le<\/p>\n<p>            29 juin 2025 \u00e0 17h22        <\/p>\n<p>Pas toujours simple de trouver un endroit o\u00f9 se baigner dans les environs de Toulouse. Pourtant, il existe plusieurs lacs dans lesquels la baignade est surveill\u00e9e en \u00e9t\u00e9, surtout \u00e0 partir de juillet 2025. Voici notre s\u00e9lection de lieux o\u00f9 on peut barboter en toute s\u00e9curit\u00e9\u2026 Suivez le guide.\u00a0<\/p>\n<p>#1. La plage du lac de la Ram\u00e9e<\/p>\n<p class=\" wall-content\">Chaque \u00e9t\u00e9, c\u2019est le lieu de rendez-vous des Toulousains. Le lac de la Ram\u00e9e est accessible \u00e0 tous et se parfait d\u2019un espace baignade avec plage. Sur un secteur d\u00e9limit\u00e9 du lac, des ma\u00eetres nageurs assurent la s\u00e9curit\u00e9 des baigneurs.\u00a0<\/p>\n<p class=\" wall-content\">Ouverte \u00e0 partir du samedi 5 juillet 2025, la plage de la Ram\u00e9e est ouverte tous les jours jusqu\u2019\u00e0 19 heures (ou 20 heures en cas de canicule), jusqu\u2019au 24 ao\u00fbt 2025. De nombreuses activit\u00e9s nautiques sont propos\u00e9es sur la base de loisirs. Kayak, paddle, p\u00e9tanque, tennis, les infrastructures sont mises \u00e0 profit des habitants, qui peuvent prolonger en soir\u00e9e autour d\u2019un barbecue.<\/p>\n<p>\u00a0Base de loisirs de La Ram\u00e9e, 31170 Toulouse<\/p>\n<p>#2. Muret plage<\/p>\n<p class=\" wall-content\">C\u2019est reparti pour une nouvelle saison. La plage de sable fin de Muret, au bord du lac Des Bonnets, a ouvert durant les deux derniers week-ends de juin, et elle ouvrira tous les jours \u00e0 partir du 5 juillet. Pour une journ\u00e9e en famille ou entre amis, personne ne sera d\u00e9\u00e7u\u2009: large zone de baignade surveill\u00e9e, toboggan g\u00e9ant, terrains de sports et loisirs avec pr\u00eat de mat\u00e9riel (volley, tennis de table\u2026), aire de pique-nique\u2026 En prime, une guinguette avec une terrasse sur le sable attend les visiteurs, avec sa terrasse. Attention, l\u2019acc\u00e8s \u00e0 la plage est payant (3\u20ac pour les Muretains, 4\u20ac pour les personnes ext\u00e9rieures \u00e0 Muret. L\u2019acc\u00e8s est gratuit pour les enfants de 0 \u00e0 4 ans).\u00a0<\/p>\n<p>Rue Louison Bobet, 31600 Muret<\/p>\n<p>#4 Lac de Montr\u00e9jeau<\/p>\n<p class=\" wall-content\">30 hectares d\u2019\u00e9tendue d\u2019eau \u00e0 seulement 1h15 de route depuis Toulouse ? C\u2019est au lac de Montr\u00e9jeau, en face de la cha\u00eene des Pyr\u00e9n\u00e9es, qu\u2019il est possible de se rafra\u00eechir\u2026 et m\u00eame de se baigner du 5 juillet au 31 ao\u00fbt. Durant cette p\u00e9riode, la baignade est autoris\u00e9e, gratuite et surveill\u00e9e sur l\u2019espace d\u00e9limit\u00e9 tous les jours de 12h00 \u00e0 19h00 (pataugeoire pour les enfants de moins de 6 ans). Des \u00e9quipements sont en acc\u00e8s libre et gratuit : aire de pique-nique, aire de jeux enfants, appareils de fitness, terrain de beach-volley, sentier p\u00e9dagogique balis\u00e9, parcours orientation, p\u00eache avec permis. L\u2019Aquaparc du Comminges, propose quant \u00e0 lui de nombreuses activit\u00e9s payantes (structures gonflables, paddles et kayaks).<\/p>\n<p>1066 Coumarottes et Coustalats, 31210 Montr\u00e9jeau<\/p>\n<p>#5 Lac de l\u2019Orme Blanc<\/p>\n<p class=\" wall-content\">Le Lauragais a, lui aussi, son espace de fra\u00eecheur. Le lac de l\u2019Orme Blanc, d\u2019une superficie de 5 hectares, dispose d\u2019une plage de 80 m\u00e8tres de long. De quoi venir y \u00e9tendre sa serviette pour profiter des rayons du soleil. Cet espace est ouvert aux familles, aux p\u00eacheurs, mais aussi aux campeurs. La baignade est autoris\u00e9e et surveill\u00e9e jusqu\u2019au 1\u1d49\u02b3 septembre, entre 12 heures et 19 heures. Un chemin de promenade am\u00e9nag\u00e9 permet d\u2019effectuer le tour du lac (1.5 km) et de profiter de zones ombrag\u00e9es \u00e9quip\u00e9es de tables et de bancs propices aux joies du pique-nique.\u00a0<\/p>\n<p>Lac de l\u2019Orme Blanc, 31460 CARAMAN<\/p>\n<p>#6 Lac de Saint-Ferr\u00e9ol<\/p>\n<p class=\" wall-content\">Pour un d\u00e9paysement r\u00e9ussi, entre les montagnes, le lac de Saint-Ferr\u00e9ol est id\u00e9al. Et c\u2019est un spot bien connu des Toulousains ! Entour\u00e9 des premiers sommets arbor\u00e9s de la montagne Noire, l\u2019odeur des pins transporte les baigneurs. Les visiteurs pourront profiter de nombreuses activit\u00e9s nautiques (p\u00e9dalo, voile, paddle\u2026), mais aussi des activit\u00e9s terrestres : tir \u00e0 l\u2019arc, sp\u00e9l\u00e9ologie, accrobranche ou encore mini-golf. La baignade est surveill\u00e9e jusqu\u2019au 1er septembre, de 12h \u00e0 18h.\u00a0<\/p>\n<p>Lac de Saint-Ferr\u00e9ol, 31250 REVEL<\/p>\n<p>#7 Lac de la Th\u00e9sauque<\/p>\n<p class=\" wall-content\">\u00a0Au lac de la Th\u00e9sauque entre Nailloux et Montgeard offre en \u00e9t\u00e9 son lot de plaisirs ! Ouvert jusqu\u2019au 1er septembre, tous les jours de 11 heures \u00e0 19 heures, l\u2019aquaparc est pr\u00eat \u00e0 ravir petits et grands. Jeux gonflables, canons \u00e0 eau, fontaines pour les plus petits sont tout autant appr\u00e9ci\u00e9s que les 17 pistes de toboggans. Minigolf, cano\u00eb, p\u00e9dalo ou course d\u2019orientation, il y en a pour tout le monde. La baignade est \u00e9galement possible jusqu\u2019au 1er septembre (avec baignade surveill\u00e9e l\u2019apr\u00e8s-midi).\u00a0<\/p>\n<p>\u00c0 Montgeard.\u00a0<\/p>\n<p>#8 Lac de Badech<\/p>\n<p class=\" wall-content\">Situ\u00e9 \u00e0 Luchon, le lac de Badech est un lieu tr\u00e8s recherch\u00e9 par les Luchonnais, les touristes et les p\u00eacheurs. Des endroits ombrag\u00e9s vous permettront d\u2019y faire votre pique-nique. En levant les yeux au ciel, vous serez \u00e9tonn\u00e9s de voir des parapentes de toutes les couleurs, juste avant qu\u2019ils n\u2019atterrissent sur le terrain voisin de l\u2019A\u00e9rodrome. Vous pourrez par ailleurs y faire du v\u00e9lo en respectant les circuits pr\u00e9vus, faire du VTT sur au Pumptrack, faire le tour du lac. Les p\u00eacheurs y sont nombreux et ils attrapent des truites, des brochets, des gardons ou des goujeons. Une zone de baignade surveill\u00e9e est am\u00e9nag\u00e9e du 7 juillet au 31 ao\u00fbt 2025 de 13h \u00e0 18h. En dehors de cette p\u00e9riode, la baignade est interdite.<\/p>\n<p>Lac de Badech, \u00e0 Luchon\u00a0<\/p>\n<p class=\" wall-content\">Suivez toute l\u2019actualit\u00e9 de vos villes et m\u00e9dias favoris en vous inscrivant \u00e0 <a href=\"https:\/\/moncompte.actu.fr\" title=\"D\u00e9couvez Mon Actu\" rel=\"nofollow noopener\" data-trk=\"{&quot;cta&quot;:{&quot;action&quot;:&quot;https:\\\/\\\/moncompte.actu.fr&quot;,&quot;category&quot;:&quot;mon compte&quot;,&quot;from&quot;:&quot;article footer&quot;,&quot;name&quot;:&quot;Mon actu&quot;,&quot;type&quot;:&quot;cta&quot;}}\" target=\"_blank\">Mon Actu<\/a>.<\/p>\n","protected":false},"excerpt":{"rendered":"Par Gabriel Kenedi Publi\u00e9 le 29 juin 2025 \u00e0 17h22 Pas toujours simple de trouver un endroit o\u00f9&hellip;\n","protected":false},"author":2,"featured_media":214161,"comment_status":"","ping_status":"","sticky":false,"template":"","format":"standard","meta":{"footnotes":""},"categories":[2816],"tags":[1111,11,1777,674,1011,27,1652,12,2680,25,1341,2312],"class_list":{"0":"post-214160","1":"post","2":"type-post","3":"status-publish","4":"format-standard","5":"has-post-thumbnail","7":"category-toulouse","8":"tag-actu","9":"tag-actualites","10":"tag-eu","11":"tag-europe","12":"tag-fr","13":"tag-france","14":"tag-loisirs-culture","15":"tag-news","16":"tag-occitanie","17":"tag-republique-francaise","18":"tag-sortir-a-toulouse","19":"tag-toulouse"},"share_on_mastodon":{"url":"https:\/\/pubeurope.com\/@fr\/114768697326415195","error":""},"_links":{"self":[{"href":"https:\/\/www.europesays.com\/fr\/wp-json\/wp\/v2\/posts\/214160","targetHints":{"allow":["GET"]}}],"collection":[{"href":"https:\/\/www.europesays.com\/fr\/wp-json\/wp\/v2\/posts"}],"about":[{"href":"https:\/\/www.europesays.com\/fr\/wp-json\/wp\/v2\/types\/post"}],"author":[{"embeddable":true,"href":"https:\/\/www.europesays.com\/fr\/wp-json\/wp\/v2\/users\/2"}],"replies":[{"embeddable":true,"href":"https:\/\/www.europesays.com\/fr\/wp-json\/wp\/v2\/comments?post=214160"}],"version-history":[{"count":0,"href":"https:\/\/www.europesays.com\/fr\/wp-json\/wp\/v2\/posts\/214160\/revisions"}],"wp:featuredmedia":[{"embeddable":true,"href":"https:\/\/www.europesays.com\/fr\/wp-json\/wp\/v2\/media\/214161"}],"wp:attachment":[{"href":"https:\/\/www.europesays.com\/fr\/wp-json\/wp\/v2\/media?parent=214160"}],"wp:term":[{"taxonomy":"category","embeddable":true,"href":"https:\/\/www.europesays.com\/fr\/wp-json\/wp\/v2\/categories?post=214160"},{"taxonomy":"post_tag","embeddable":true,"href":"https:\/\/www.europesays.com\/fr\/wp-json\/wp\/v2\/tags?post=214160"}],"curies":[{"name":"wp","href":"https:\/\/api.w.org\/{rel}","templated":true}]}}