{"id":214164,"date":"2025-06-29T21:10:43","date_gmt":"2025-06-29T21:10:43","guid":{"rendered":"https:\/\/www.europesays.com\/fr\/214164\/"},"modified":"2025-06-29T21:10:43","modified_gmt":"2025-06-29T21:10:43","slug":"giroud-vers-lille-pogba-passe-sa-visite-medicale-a-monaco-gyokeres-privilegie-united-les-5-infos-mercato-du-jour","status":"publish","type":"post","link":"https:\/\/www.europesays.com\/fr\/214164\/","title":{"rendered":"Giroud vers Lille, Pogba passe sa visite m\u00e9dicale \u00e0 Monaco, Gy\u00f6keres privil\u00e9gie United&#8230; Les 5 infos mercato du jour"},"content":{"rendered":"<p>Olivier Giroud se rapproche du LOSC, Paul Pogba en passe de signer \u00e0 l\u2019AS Monaco, la d\u00e9cision de Viktor Gy\u00f6keres&#8230; Retrouvez toutes les infos mercato de ce vendredi.<\/p>\n<p>Olivier Giroud au LOSC, c\u2019est quasiment fait<\/p>\n<p class=\"fig-paragraph\">Un retour en France inattendu.\u00a0<a href=\"http:\/\/www.lefigaro.fr\/sports\/football\/transferts\/mercato-en-quete-de-renforts-offensifs-lille-s-interesse-a-olivier-giroud-20250625\" data-fig-type=\"NewsFlash\" data-gtm-custom-categorie=\"navigation\" data-gtm-custom-action=\"crossclick\" data-gtm-custom-label=\"Contextuel\" data-gtm-event=\"customEventSPE\" data-fig-domain=\"LEFIGARO\" target=\"_blank\" rel=\"noopener\">Olivier Giroud<\/a>\u00a0s\u2019appr\u00eaterait \u00e0 quitter le Los Angeles FC \u2013 qu\u2019il avait rejoint \u00e0 l\u2019\u00e9t\u00e9 2024 apr\u00e8s la fin de son aventure \u00e0 l\u2019<a href=\"http:\/\/www.lefigaro.fr\/sports\/football\/transferts\/monaco-accelere-sur-deux-dossiers-chauds-modric-a-l-ac-milan-apres-le-mondial-des-clubs-les-5-infos-mercato-du-jour-20250625\" data-fig-type=\"NewsFlash\" data-gtm-custom-categorie=\"navigation\" data-gtm-custom-action=\"crossclick\" data-gtm-custom-label=\"Contextuel\" data-gtm-event=\"customEventSPE\" data-fig-domain=\"LEFIGARO\" target=\"_blank\" rel=\"noopener\">AC Milan<\/a>\u00a0\u2013 pour rejoindre le\u00a0<a href=\"http:\/\/www.lefigaro.fr\/sports\/football\/ligue-1\/ligue-1-jonathan-david-fait-ses-adieux-au-losc-apres-cinq-saisons-20250514\" data-fig-type=\"NewsFlash\" data-gtm-custom-categorie=\"navigation\" data-gtm-custom-action=\"crossclick\" data-gtm-custom-label=\"Contextuel\" data-gtm-event=\"customEventSPE\" data-fig-domain=\"LEFIGARO\" target=\"_blank\" rel=\"noopener\">LOSC<\/a>, rapporte\u00a0<a href=\"https:\/\/www.lequipe.fr\/Football\/Actualites\/Mercato-giroud-va-disputer-un-dernier-match-a-los-angeles-puis-rejoindre-lille\/1573405\" target=\"_blank\" rel=\"nofollow noopener\" data-gtm-custom-categorie=\"navigation\" data-gtm-custom-action=\"crossclick\" data-gtm-custom-label=\"Contextuel\" data-gtm-event=\"customEventSPE\">L\u2019\u00c9quipe<\/a> \u00a0ce vendredi. L\u2019avant-centre aurait trouv\u00e9 un accord avec ses dirigeants concernant \u00ables modalit\u00e9s de la fin de leur collaboration\u00bb, \u00e0 un peu plus de six mois de la fin du contrat qui les lie. L\u2019ex-Montpelli\u00e9rain devrait ainsi pouvoir s\u2019engager avec les Dogues \u00abgratuitement\u00bb, sans indemnit\u00e9s de transfert. Sa signature avec la formation nordiste pourrait intervenir la semaine prochaine, pr\u00e9cise le quotidien sportif. \u00c2g\u00e9 de 38 ans, l\u2019ancien buteur des\u00a0<a href=\"http:\/\/www.lefigaro.fr\/sports\/football\/foot-lenglet-heureux-d-avoir-raccroche-le-wagon-des-bleus-20250531\" data-fig-type=\"NewsFlash\" data-gtm-custom-categorie=\"navigation\" data-gtm-custom-action=\"crossclick\" data-gtm-custom-label=\"Contextuel\" data-gtm-event=\"customEventSPE\" data-fig-domain=\"LEFIGARO\" target=\"_blank\" rel=\"noopener\">Bleus<\/a>\u00a0n\u2019a jamais vraiment r\u00e9ussi \u00e0 s\u2019imposer au sein de la franchise californienne.<\/p>\n<p>La Juventus Turin insiste pour Jonathan David<\/p>\n<p class=\"fig-paragraph\">Elle ne le l\u00e2cherait pas. La\u00a0<a href=\"http:\/\/www.lefigaro.fr\/sports\/football\/coupe-du-monde-des-clubs-toujours-sans-mbappe-le-real-rejoint-la-juventus-sans-trembler-20250627\" data-fig-type=\"NewsFlash\" data-gtm-custom-categorie=\"navigation\" data-gtm-custom-action=\"crossclick\" data-gtm-custom-label=\"Contextuel\" data-gtm-event=\"customEventSPE\" data-fig-domain=\"LEFIGARO\" target=\"_blank\" rel=\"noopener\">Juventus Turin<\/a>\u00a0ferait le forcing pour s\u2019attacher les services de\u00a0<a href=\"http:\/\/www.lefigaro.fr\/sports\/football\/ligue-1\/mercato-la-porte-n-est-pas-fermee-c-est-du-50-50-jonathan-david-n-exclut-pas-une-prolongation-a-lille-20241230\" data-fig-type=\"NewsFlash\" data-gtm-custom-categorie=\"navigation\" data-gtm-custom-action=\"crossclick\" data-gtm-custom-label=\"Contextuel\" data-gtm-event=\"customEventSPE\" data-fig-domain=\"LEFIGARO\" target=\"_blank\" rel=\"noopener\">Jonathan David<\/a>, libre \u00e0 la fin du mois de juin, rapporte\u00a0<a href=\"https:\/\/sport.sky.it\/calciomercato\/2025\/06\/27\/calciomercato-news-trattative-oggi-27-giugno\" target=\"_blank\" rel=\"nofollow noopener\" data-gtm-custom-categorie=\"navigation\" data-gtm-custom-action=\"crossclick\" data-gtm-custom-label=\"Contextuel\" data-gtm-event=\"customEventSPE\">Sky Italia<\/a> . \u00abDe nouveaux contacts sont attendus entre le\u00a0directeur g\u00e9n\u00e9ral Comolli et\u00a0les\u00a0agents de l\u2019attaquant afin de\u00a0trouver un accord \u00e9conomique\u00bb, pr\u00e9cisent nos confr\u00e8res. \u00c2g\u00e9 de 25 ans, l\u2019avant-centre canadien sort d\u2019une nouvelle saison r\u00e9ussie sur le plan individuel avec 16 r\u00e9alisations en Ligue 1 et 7 en Ligue des champions. Pour rappel, il avait rejoint les Dogues \u00e0 l\u2019\u00e9t\u00e9 2020 en provenance de La Gantoise.<\/p>\n<p class=\"fig-body-link\">\n            \u00c0 lire aussi<br \/>\n        <a class=\"fig-body-link__link\" href=\"http:\/\/www.lefigaro.fr\/sports\/football\/transferts\/mercato-l-histoire-continue-cristiano-ronaldo-prolonge-le-plaisir-avec-al-nassr-20250626\" data-fig-type=\"NewsFlash\" data-gtm-custom-categorie=\"navigation\" data-gtm-custom-action=\"crossclick\" data-gtm-custom-label=\"Contextuel\" data-gtm-event=\"customEventSPE\" data-fig-domain=\"LEFIGARO\" target=\"_blank\" rel=\"noopener\">Mercato\u00a0: \u00abL\u2019histoire continue\u00bb, Cristiano Ronaldo prolonge le plaisir avec Al Nassr<br \/>\n    <\/a>\n<\/p>\n<p>Paul Pogba et Ansu Fati vont passer leur visite m\u00e9dicale avec l\u2019AS Monaco<\/p>\n<p class=\"fig-paragraph\">Deux gros coups le m\u00eame jour\u00a0? \u00c0 en croire les informations r\u00e9v\u00e9l\u00e9es par\u00a0<a href=\"https:\/\/rmcsport.bfmtv.com\/\" target=\"_blank\" rel=\"nofollow noopener\" data-gtm-custom-categorie=\"navigation\" data-gtm-custom-action=\"crossclick\" data-gtm-custom-label=\"Contextuel\" data-gtm-event=\"customEventSPE\">RMC Sport<\/a>,\u00a0<a href=\"http:\/\/www.lefigaro.fr\/sports\/football\/transferts\/mercato-paul-pogba-est-arrive-sur-la-cote-d-azur-visite-medicale-a-monaco-prevue-ce-vendredi-20250626\" data-fig-type=\"NewsFlash\" data-gtm-custom-categorie=\"navigation\" data-gtm-custom-action=\"crossclick\" data-gtm-custom-label=\"Contextuel\" data-gtm-event=\"customEventSPE\" data-fig-domain=\"LEFIGARO\" target=\"_blank\" rel=\"noopener\">Paul Pogba<\/a>\u00a0et\u00a0<a href=\"http:\/\/www.lefigaro.fr\/sports\/football\/transferts\/mercato-la-visite-medicale-d-ansu-fati-a-monaco-prevue-demain-20250625\" data-fig-type=\"NewsFlash\" data-gtm-custom-categorie=\"navigation\" data-gtm-custom-action=\"crossclick\" data-gtm-custom-label=\"Contextuel\" data-gtm-event=\"customEventSPE\" data-fig-domain=\"LEFIGARO\" target=\"_blank\" rel=\"noopener\">Ansu Fati<\/a>\u00a0sont attendus en Principaut\u00e9 ce vendredi pour passer leur visite m\u00e9dicale pr\u00e9alable \u00e0 leur signature \u00e0 l\u2019<a href=\"http:\/\/www.lefigaro.fr\/sports\/football\/transferts\/monaco-accelere-sur-deux-dossiers-chauds-modric-a-l-ac-milan-apres-le-mondial-des-clubs-les-5-infos-mercato-du-jour-20250625\" data-fig-type=\"NewsFlash\" data-gtm-custom-categorie=\"navigation\" data-gtm-custom-action=\"crossclick\" data-gtm-custom-label=\"Contextuel\" data-gtm-event=\"customEventSPE\" data-fig-domain=\"LEFIGARO\" target=\"_blank\" rel=\"noopener\">AS Monaco<\/a>. Le milieu de terrain fran\u00e7ais \u2013 qui n\u2019a plus jou\u00e9 le moindre match depuis pr\u00e8s de deux ans en raison de sa suspension pour dopage \u2013 devrait s\u2019engager avec le club du Rocher pour les deux prochaines saisons. L\u2019attaquant espagnol du FC Barcelone, pour sa part, devrait rejoindre l\u2019ASM sous la forme d\u2019un pr\u00eat d\u2019une saison assorti d\u2019une option d\u2019achat.<\/p>\n<p class=\"fig-body-link\">\n            \u00c0 lire aussi<br \/>\n        <a class=\"fig-body-link__link\" href=\"http:\/\/www.lefigaro.fr\/sports\/football\/transferts\/mercato-juma-bah-finalement-prete-a-nice-par-manchester-city-officiel-20250626\" data-fig-type=\"NewsFlash\" data-gtm-custom-categorie=\"navigation\" data-gtm-custom-action=\"crossclick\" data-gtm-custom-label=\"Contextuel\" data-gtm-event=\"customEventSPE\" data-fig-domain=\"LEFIGARO\" target=\"_blank\" rel=\"noopener\">Mercato\u00a0: Juma Bah finalement pr\u00eat\u00e9 \u00e0 Nice par Manchester City (officiel)<br \/>\n    <\/a>\n<\/p>\n<p>Viktor Gy\u00f6keres donnerait sa priorit\u00e9 \u00e0 Manchester United<\/p>\n<p class=\"fig-paragraph\">O\u00f9 \u00e9voluera\u00a0<a href=\"http:\/\/www.lefigaro.fr\/sports\/football\/transferts\/liverpool-fonce-sur-gyoekeres-manchester-united-insiste-pour-mbeumo-fati-a-monaco-les-6-infos-mercato-du-jour-20250626\" data-fig-type=\"NewsFlash\" data-gtm-custom-categorie=\"navigation\" data-gtm-custom-action=\"crossclick\" data-gtm-custom-label=\"Contextuel\" data-gtm-event=\"customEventSPE\" data-fig-domain=\"LEFIGARO\" target=\"_blank\" rel=\"noopener\">Viktor Gy\u00f6keres<\/a>\u00a0la saison prochaine\u00a0? Tr\u00e8s courtis\u00e9 sur le march\u00e9 des transferts, l\u2019avant-centre du Sporting CP aurait donn\u00e9 sa pr\u00e9f\u00e9rence au\u00a0<a href=\"http:\/\/www.lefigaro.fr\/sports\/football\/transferts\/manchester-united-sonde-nkunku-la-juventus-sur-david-les-5-infos-mercato-de-ce-mardi-20250624\" data-fig-type=\"NewsFlash\" data-gtm-custom-categorie=\"navigation\" data-gtm-custom-action=\"crossclick\" data-gtm-custom-label=\"Contextuel\" data-gtm-event=\"customEventSPE\" data-fig-domain=\"LEFIGARO\" target=\"_blank\" rel=\"noopener\">Manchester United FC<\/a>\u00a0plut\u00f4t qu\u2019\u00e0 l\u2019Arsenal FC, r\u00e9v\u00e8le le\u00a0<a href=\"https:\/\/www.mirror.co.uk\/sport\/football\/transfer-news\/man-utd-transfers-viktor-gyokeres-35457110?service=responsive\" target=\"_blank\" rel=\"nofollow noopener\" data-gtm-custom-categorie=\"navigation\" data-gtm-custom-action=\"crossclick\" data-gtm-custom-label=\"Contextuel\" data-gtm-event=\"customEventSPE\">Daily Mirror<\/a> . Chez les Red Devils, le Su\u00e9dois retrouverait son ancien entra\u00eeneur, Ruben Amorim. Reste d\u00e9sormais \u00e0 savoir si la formation mancunienne trouvera un terrain d\u2019entente avec le club portugais, lui qui r\u00e9clamerait pr\u00e8s de 100 M\u20ac. \u00c2g\u00e9 de 27 ans, Viktor Gy\u00f6keres a marqu\u00e9 39 buts et d\u00e9livr\u00e9 7 passes d\u00e9cisives en 33 matches de championnat.<\/p>\n<p class=\"fig-body-link\">\n            \u00c0 lire aussi<br \/>\n        <a class=\"fig-body-link__link\" href=\"http:\/\/www.lefigaro.fr\/sports\/football\/transferts\/mercato-le-psg-prete-yoram-zague-pour-une-saison-au-fc-copenhague-avec-option-d-achat-20250624\" data-fig-type=\"NewsFlash\" data-gtm-custom-categorie=\"navigation\" data-gtm-custom-action=\"crossclick\" data-gtm-custom-label=\"Contextuel\" data-gtm-event=\"customEventSPE\" data-fig-domain=\"LEFIGARO\" target=\"_blank\" rel=\"noopener\">Mercato\u00a0: le PSG pr\u00eate Yoram Zague pour une saison au FC Copenhague avec option d\u2019achat<br \/>\n    <\/a>\n<\/p>\n<p>Ruud van Nistelrooy et Leicester, c\u2019est fini<\/p>\n<p class=\"fig-paragraph\">Six mois et puis s\u2019en va. Arriv\u00e9 sur le banc du\u00a0<a href=\"http:\/\/www.lefigaro.fr\/sports\/football\/angleterre\/premier-league-en-images-l-hommage-exceptionnel-rendu-a-vardy-pour-son-dernier-match-avec-leicester-a-domicile-20250518\" data-fig-type=\"NewsFlash\" data-gtm-custom-categorie=\"navigation\" data-gtm-custom-action=\"crossclick\" data-gtm-custom-label=\"Contextuel\" data-gtm-event=\"customEventSPE\" data-fig-domain=\"LEFIGARO\" target=\"_blank\" rel=\"noopener\">Leicester City FC<\/a>,\u00a0<a href=\"http:\/\/www.lefigaro.fr\/flash-sport\/premier-league-van-nistelrooy-nouvel-entraineur-de-leicester-20241129\" data-fig-type=\"NewsFlash\" data-gtm-custom-categorie=\"navigation\" data-gtm-custom-action=\"crossclick\" data-gtm-custom-label=\"Contextuel\" data-gtm-event=\"customEventSPE\" data-fig-domain=\"LEFIGARO\" target=\"_blank\" rel=\"noopener\">Ruud van Nistelrooy<\/a>\u00a0n\u2019est plus l\u2019entra\u00eeneur des Foxes. \u00abLe Leicester City Football Club et Ruud van Nistelrooy ont convenu d\u2019un commun accord que le contrat de Ruud avec le club en tant que manager de l\u2019\u00e9quipe premi\u00e8re prendra fin avec effet imm\u00e9diat\u00bb, a annonc\u00e9 le club britannique dans un communiqu\u00e9 publi\u00e9 ce vendredi matin. Le N\u00e9erlandais, \u00e2g\u00e9 de 48 ans, n\u2019a pas pu emp\u00eacher les champions de Premier League 2016 de descendre en Championship (18 d\u00e9faites, 3 matches nuls et 4 victoires en Premier League).<\/p>\n<p class=\"fig-paragraph\"><strong>\u00c0 VOIR AUSSI &#8211; <\/strong>\u00abAl-Nassr pour toujours\u00bb, Cristiano Ronaldo prolonge deux ans avec le club saoudien<\/p>\n","protected":false},"excerpt":{"rendered":"Olivier Giroud se rapproche du LOSC, Paul Pogba en passe de signer \u00e0 l\u2019AS Monaco, la d\u00e9cision de&hellip;\n","protected":false},"author":2,"featured_media":214165,"comment_status":"","ping_status":"","sticky":false,"template":"","format":"standard","meta":{"footnotes":""},"categories":[2815],"tags":[1111,11,35369,2266,69,2261,1777,674,63,1011,27,811,8094,7154,3309,6201,17629,453,66,446,1307,2267,3225,1434,12,5959,32134,70,25,67,969,10662],"class_list":{"0":"post-214164","1":"post","2":"type-post","3":"status-publish","4":"format-standard","5":"has-post-thumbnail","7":"category-lille","8":"tag-actu","9":"tag-actualites","10":"tag-ansu-fati","11":"tag-as-monaco","12":"tag-bundesliga","13":"tag-calcio","14":"tag-eu","15":"tag-europe","16":"tag-football","17":"tag-fr","18":"tag-france","19":"tag-hauts-de-france","20":"tag-jonathan-david","21":"tag-juventus-turin","22":"tag-l1","23":"tag-l2","24":"tag-leicester","25":"tag-liga","26":"tag-ligue-1","27":"tag-ligue-2","28":"tag-lille","29":"tag-losc","30":"tag-manchester-united","31":"tag-mercato","32":"tag-news","33":"tag-olivier-giroud","34":"tag-paul-pogba","35":"tag-premier-league","36":"tag-republique-francaise","37":"tag-serie-a","38":"tag-transfert","39":"tag-transferts"},"share_on_mastodon":{"url":"https:\/\/pubeurope.com\/@fr\/114768709066580854","error":""},"_links":{"self":[{"href":"https:\/\/www.europesays.com\/fr\/wp-json\/wp\/v2\/posts\/214164","targetHints":{"allow":["GET"]}}],"collection":[{"href":"https:\/\/www.europesays.com\/fr\/wp-json\/wp\/v2\/posts"}],"about":[{"href":"https:\/\/www.europesays.com\/fr\/wp-json\/wp\/v2\/types\/post"}],"author":[{"embeddable":true,"href":"https:\/\/www.europesays.com\/fr\/wp-json\/wp\/v2\/users\/2"}],"replies":[{"embeddable":true,"href":"https:\/\/www.europesays.com\/fr\/wp-json\/wp\/v2\/comments?post=214164"}],"version-history":[{"count":0,"href":"https:\/\/www.europesays.com\/fr\/wp-json\/wp\/v2\/posts\/214164\/revisions"}],"wp:featuredmedia":[{"embeddable":true,"href":"https:\/\/www.europesays.com\/fr\/wp-json\/wp\/v2\/media\/214165"}],"wp:attachment":[{"href":"https:\/\/www.europesays.com\/fr\/wp-json\/wp\/v2\/media?parent=214164"}],"wp:term":[{"taxonomy":"category","embeddable":true,"href":"https:\/\/www.europesays.com\/fr\/wp-json\/wp\/v2\/categories?post=214164"},{"taxonomy":"post_tag","embeddable":true,"href":"https:\/\/www.europesays.com\/fr\/wp-json\/wp\/v2\/tags?post=214164"}],"curies":[{"name":"wp","href":"https:\/\/api.w.org\/{rel}","templated":true}]}}