{"id":214172,"date":"2025-06-29T21:16:09","date_gmt":"2025-06-29T21:16:09","guid":{"rendered":"https:\/\/www.europesays.com\/fr\/214172\/"},"modified":"2025-06-29T21:16:09","modified_gmt":"2025-06-29T21:16:09","slug":"canicule-et-pollution-des-restrictions-de-circulation-decidees-en-ile-de-france-la-prefecture-de-police-appelle-a-eviter-la-voiture","status":"publish","type":"post","link":"https:\/\/www.europesays.com\/fr\/214172\/","title":{"rendered":"Canicule et pollution\u00a0: des restrictions de circulation d\u00e9cid\u00e9es en \u00cele-de-France, la pr\u00e9fecture de police appelle \u00e0 \u00e9viter la voiture"},"content":{"rendered":"<p class=\"paragraph text_align_left lp-f-body-02\">La vitesse maximale sera abaiss\u00e9e de 20 km\/h en \u00cele-de-France, dans un p\u00e9rim\u00e8tre compris entre l\u2019A86, a annonc\u00e9 Bruno Retailleau, dimanche soir, \u00e0 l\u2019issue <a href=\"https:\/\/leparisien.fr\/meteo\/canicule-84-departements-en-alerte-orange-le-gouvernement-appelle-a-la-vigilance-29-06-2025-V5ZJ26HJVZHLDCMNLQ6H3MJRQQ.php\" target=\"_self\" rel=\"noopener\">d\u2019une r\u00e9union de crise organis\u00e9e dans son minist\u00e8re sur l\u2019\u00e9pisode caniculaire en cours<\/a> et qui doit s\u2019intensifier dans les prochaines heures. Une annonce confirm\u00e9e quelques minutes apr\u00e8s par la pr\u00e9fecture de police de Paris dans un communiqu\u00e9, indiquant un certain nombre de restrictions et recommandations.<\/p>\n<p class=\"paragraph text_align_left lp-f-body-02\">La d\u00e9cision est prise en raison de <a href=\"https:\/\/www.leparisien.fr\/paris-75\/pollution-de-lair-a-paris-habitez-vous-dans-une-zone-surexposee-decouvrez-la-nouvelle-cartographie-14-10-2023-USCB3LAQPFEVDNUFDBECCQSE7Y.php\" target=\"_blank\" rel=\"noreferrer noopener\">la concentration de polluants dans l\u2019air en \u00cele-de-France<\/a>, favoris\u00e9e par l\u2019anticyclone responsable des fortes temp\u00e9ratures et fixe les polluants dans l\u2019air, ceux-l\u00e0 ne pouvant pas \u00eatre dispers\u00e9s dans l\u2019environnement (chauffant donc plus encore l\u2019air). Cette d\u00e9cision <a href=\"https:\/\/www.leparisien.fr\/paris-75\/ile-de-france-la-pollution-de-lair-a-baisse-de-moitie-en-20-ans-selon-airparif-09-04-2025-FNBQNHVQLZDKPN5WTRHJSJ5YAI.php\" target=\"_blank\" rel=\"noreferrer noopener\">est r\u00e9guli\u00e8rement prise par la pr\u00e9fecture de police<\/a> lors des franchissements de seuils de pollution de l\u2019air.<\/p>\n<blockquote class=\"twitter-tweet\">\n<p lang=\"fr\" dir=\"ltr\">Pollution \u00e0 l&rsquo;Ozone en \u00cele-de-France &#8211; Mise en place de mesures restrictives, notamment : <br \/>\ud83d\udd35 la r\u00e9duction de la vitesse maximale autoris\u00e9e \u00e0 l\u2019int\u00e9rieur du p\u00e9rim\u00e8tre d\u00e9limit\u00e9 par l\u2019A86 \u00e0 l\u2019exclusion de celle-ci ;<br \/>\ud83d\udd35 et l\u2019obligation de contournement par la rocade francilienne\u2026 <a href=\"https:\/\/t.co\/pEsMS6T4LB\">pic.twitter.com\/pEsMS6T4LB<\/a><\/p>\n<p>\u2014 Pr\u00e9fecture de Police (@prefpolice) <a href=\"https:\/\/twitter.com\/prefpolice\/status\/1939423794961236477?ref_src=twsrc%5Etfw\" target=\"_blank\" rel=\"noopener\">June 29, 2025<\/a><\/p><\/blockquote>\n<p class=\"paragraph text_align_left lp-f-body-02\">\u00ab Les fortes chaleurs et l\u2019ensoleillement annonc\u00e9s jusqu\u2019en milieu de semaine prochaine \u00e9tant propices \u00e0 l\u2019augmentation des concentrations en ozone, le pr\u00e9fet de police a d\u00e9cid\u00e9 de mettre en \u0153uvre (\u2026) le dispositif de lutte contre la pollution \u00bb, \u00e9crit ce dimanche soir la pr\u00e9fecture de police. \u00ab Ces mesures seront appliqu\u00e9es chaque jour entre 5h30 et minuit \u00bb, jusqu\u2019\u00e0 la lev\u00e9e de l\u2019arr\u00eat\u00e9, pr\u00e9cise-t-elle.<\/p>\n<p class=\"paragraph text_align_left lp-f-body-02\">La pr\u00e9fecture de police confirme l\u2019abaissement de la vitesse de 20 km\/h sur les routes actuellement limit\u00e9es \u00e0 130, 110, 90 et 80 km\/h (avec un abaissement de 10 km\/h uniquement pour ces derni\u00e8res). Les poids lourds en transit de plus de 3,5 tonnes doivent \u00e9galement contourner \u00ab par la rocade francilienne \u00bb, indique la pr\u00e9fecture de police de Paris dans son communiqu\u00e9. Des contr\u00f4les seront mis en place, assure la PP.<\/p>\n<p>L\u2019usage de la voiture \u00e0 \u00e9viter, le t\u00e9l\u00e9travail \u00e0 privil\u00e9gier<\/p>\n<p class=\"paragraph text_align_left lp-f-body-02\">\u00ab Il est recommand\u00e9 de limiter, dans la mesure du possible, <a href=\"https:\/\/www.leparisien.fr\/environnement\/pollution-les-chiffres-accablants-de-la-circulation-automobile-a-paris-09-02-2022-E5Q7DSK4AVC3HKJKNTVDBCSAZU.php\" target=\"_blank\" rel=\"noreferrer noopener\">les d\u00e9placements en voiture<\/a>, de privil\u00e9gier le t\u00e9l\u00e9travail et, en cas de n\u00e9cessit\u00e9, de pratiquer le covoiturage \u00bb, \u00e9crit la pr\u00e9fecture de police. Et les autorit\u00e9s d\u2019ajouter : \u00ab Il est \u00e9galement pr\u00e9conis\u00e9 de limiter l\u2019exposition \u00e0 la pollution, notamment des personnes les plus vuln\u00e9rables, en restant en int\u00e9rieur durant les heures les plus chaudes. \u00bb<\/p>\n<p class=\"paragraph text_align_left lp-f-body-02\">Selon les pr\u00e9visions d\u2019Air Parif, charg\u00e9e de mesurer la qualit\u00e9 de l\u2019air dans la r\u00e9gion, cette qualit\u00e9 \u00e9tait \u00ab d\u00e9grad\u00e9e \u00bb ce dimanche, mais sera \u00ab mauvaise \u00bb lundi. \u00ab Les conditions m\u00e9t\u00e9orologiques estivales, chaudes et ensoleill\u00e9es, sont favorables \u00e0 la formation d\u2019ozone, polluant majoritaire de l\u2019air francilien. La qualit\u00e9 de l\u2019air sera moyenne \u00e0 mauvaise sur l\u2019\u00cele-de-France \u00bb, \u00e9crit le pr\u00e9visionniste sur <a href=\"https:\/\/www.airparif.fr\/#tabs-content-169PzxV1wQRN5PL0O5524\" target=\"_blank\" rel=\"noreferrer noopener\">son site Internet<\/a>.<\/p>\n<p class=\"paragraph text_align_left lp-f-body-02\">La France subit depuis le 19 juin sa 50e vague de chaleur nationale depuis 1947, et sa 33e du XXIe si\u00e8cle, avec d\u00e9j\u00e0 des temp\u00e9ratures autour de 40 degr\u00e9s dans le sud ce week-end, et <a href=\"https:\/\/www.leparisien.fr\/meteo\/meteo-de-la-semaine-la-canicule-se-poursuit-des-orages-attendus-en-milieu-de-semaine-29-06-2025-J2JFDT2M4BGMDAK2B3JRXX7DPU.php\" target=\"_blank\" rel=\"noreferrer noopener\">celle-ci va encore s\u2019intensifier dans les prochains jours<\/a>.<\/p>\n<p><script async src=\"https:\/\/platform.twitter.com\/widgets.js\" charset=\"utf-8\"><\/script><\/p>\n","protected":false},"excerpt":{"rendered":"La vitesse maximale sera abaiss\u00e9e de 20 km\/h en \u00cele-de-France, dans un p\u00e9rim\u00e8tre compris entre l\u2019A86, a annonc\u00e9&hellip;\n","protected":false},"author":2,"featured_media":214173,"comment_status":"","ping_status":"","sticky":false,"template":"","format":"standard","meta":{"footnotes":""},"categories":[1592],"tags":[1111,11,1777,674,1011,27,662,1944,12,626,25,2382],"class_list":{"0":"post-214172","1":"post","2":"type-post","3":"status-publish","4":"format-standard","5":"has-post-thumbnail","7":"category-ile-de-france","8":"tag-actu","9":"tag-actualites","10":"tag-eu","11":"tag-europe","12":"tag-fr","13":"tag-france","14":"tag-ile-de-france","15":"tag-ma-ville","16":"tag-news","17":"tag-paris","18":"tag-republique-francaise","19":"tag-transport-idf-oise"},"share_on_mastodon":{"url":"https:\/\/pubeurope.com\/@fr\/114768732794870932","error":""},"_links":{"self":[{"href":"https:\/\/www.europesays.com\/fr\/wp-json\/wp\/v2\/posts\/214172","targetHints":{"allow":["GET"]}}],"collection":[{"href":"https:\/\/www.europesays.com\/fr\/wp-json\/wp\/v2\/posts"}],"about":[{"href":"https:\/\/www.europesays.com\/fr\/wp-json\/wp\/v2\/types\/post"}],"author":[{"embeddable":true,"href":"https:\/\/www.europesays.com\/fr\/wp-json\/wp\/v2\/users\/2"}],"replies":[{"embeddable":true,"href":"https:\/\/www.europesays.com\/fr\/wp-json\/wp\/v2\/comments?post=214172"}],"version-history":[{"count":0,"href":"https:\/\/www.europesays.com\/fr\/wp-json\/wp\/v2\/posts\/214172\/revisions"}],"wp:featuredmedia":[{"embeddable":true,"href":"https:\/\/www.europesays.com\/fr\/wp-json\/wp\/v2\/media\/214173"}],"wp:attachment":[{"href":"https:\/\/www.europesays.com\/fr\/wp-json\/wp\/v2\/media?parent=214172"}],"wp:term":[{"taxonomy":"category","embeddable":true,"href":"https:\/\/www.europesays.com\/fr\/wp-json\/wp\/v2\/categories?post=214172"},{"taxonomy":"post_tag","embeddable":true,"href":"https:\/\/www.europesays.com\/fr\/wp-json\/wp\/v2\/tags?post=214172"}],"curies":[{"name":"wp","href":"https:\/\/api.w.org\/{rel}","templated":true}]}}