{"id":214176,"date":"2025-06-29T21:18:10","date_gmt":"2025-06-29T21:18:10","guid":{"rendered":"https:\/\/www.europesays.com\/fr\/214176\/"},"modified":"2025-06-29T21:18:10","modified_gmt":"2025-06-29T21:18:10","slug":"quelles-perturbations-prevoir-pour-la-ratp-et-la-sncf-cette-semaine-17","status":"publish","type":"post","link":"https:\/\/www.europesays.com\/fr\/214176\/","title":{"rendered":"Quelles perturbations pr\u00e9voir pour la RATP et la SNCF cette semaine ?"},"content":{"rendered":"<p><strong>TRANSPORTS &#8211; Du 30 juin au 6 juillet, les changements \u00e0 pr\u00e9voir sur les lignes parisiennes et franciliennes sont nombreux<\/strong><\/p>\n<p>Du lundi 30 juin au dimanche 6 juillet 2025, plusieurs changements sont \u00e0 pr\u00e9voir sur les lignes de la capitale et en \u00cele-de-France. Voici les principales perturbations \u00e0 prendre en compte afin de mieux appr\u00e9hender cette semaine estival.<\/p>\n<blockquote placeholder=\"\" data-theme=\"light\" class=\"twitter-tweet\">\n<p>\ud83d\udd34 Canicule en <a href=\"https:\/\/twitter.com\/hashtag\/IledeFrance?src=hash&amp;ref_src=twsrc%5Etfw\" rel=\"nofollow noopener\" target=\"_blank\" data-ylk=\"slk:#IledeFrance;elm:context_link;itc:0;sec:content-canvas\" class=\"link \">#IledeFrance<\/a> : Risque de perturbations dans les transports.<\/p>\n<p>\ud83d\udc49 Des perturbations sont possibles sur le r\u00e9seau Transilien. La SNCF recommande aux personnes les plus vuln\u00e9rables de reporter leurs d\u00e9placements. (Officiel) <a href=\"https:\/\/twitter.com\/hashtag\/IDF?src=hash&amp;ref_src=twsrc%5Etfw\" rel=\"nofollow noopener\" target=\"_blank\" data-ylk=\"slk:#IDF;elm:context_link;itc:0;sec:content-canvas\" class=\"link \">#IDF<\/a> <a href=\"https:\/\/t.co\/xSM9jO6dnT\" rel=\"nofollow noopener\" target=\"_blank\" data-ylk=\"slk:pic.twitter.com\/xSM9jO6dnT;elm:context_link;itc:0;sec:content-canvas\" class=\"link \">pic.twitter.com\/xSM9jO6dnT<\/a><\/p>\n<p>\u2014 FLASH INFO Ile-de-France (@info_Paris_IDF) <a href=\"https:\/\/twitter.com\/info_Paris_IDF\/status\/1939394106536464785?ref_src=twsrc%5Etfw\" rel=\"nofollow noopener\" target=\"_blank\" data-ylk=\"slk:June 29, 2025;elm:context_link;itc:0;sec:content-canvas\" class=\"link \">June 29, 2025<\/a><\/p>\n<\/blockquote>\n<p>Les perturbations SNCF et RATP \u00e0 Paris et \u00cele-de-France du 30 juin au 6 juillet<\/p>\n<p>Ce samedi 5 juillet 2025, les grandes vacances d\u2019\u00e9t\u00e9 d\u00e9marrent alors que la RATP et la SNCF pr\u00e9voient perturbations sur leurs lignes de transport \u00e0 Paris et en \u00cele-de-France.<\/p>\n<p>M\u00e9tro<\/p>\n<ul class=\"caas-list caas-list-bullet\">\n<li>\n<p>Ligne 3 \u2013 Depuis samedi 28 juin et jusqu\u2019au dimanche 3 ao\u00fbt, le trafic sera interrompu entre Op\u00e9ra et Gallieni (travaux). Des bus de remplacement seront disponibles entre R\u00e9publique et Gallieni.<\/p>\n<\/li>\n<li>\n<p>Ligne 4 \u2013 Du samedi 5 juillet 0h40 au lundi 14 juillet (toute la journ\u00e9e), le trafic est interrompu entre Les Halles et Porte d\u2019Orl\u00e9ans (travaux). Des bus de remplacement seront disponibles entre Denfert-Rochereau et Porte d\u2019Orl\u00e9ans.<\/p>\n<\/li>\n<li>\n<p>Ligne 6 \u2013 De ce lundi 30 juin au dimanche 28 septembre, l\u2019arr\u00eat ne sera pas desservi \u00e0 Cambronne (travaux).<\/p>\n<\/li>\n<li>\n<p>Ligne 14 \u2013 Jusqu\u2019au 23 juillet, le mercredi \u00e0 partir de 22h, le trafic sera interrompu sur l\u2019ensemble de la ligne (travaux).<\/p>\n<\/li>\n<\/ul>\n<p>RER<\/p>\n<ul class=\"caas-list caas-list-bullet\">\n<li>\n<p>RER A \u2013 Samedi 5 et dimanche 6 juillet, le trafic sera interrompu, toute la journ\u00e9e, entre Maisons-Laffitte et Poissy. La ligne de bus 1 renforc\u00e9e \u00e0 St Germain-en-Laye et bus de remplacement \u00e0 Ach\u00e8res \u2013 Ville.<\/p>\n<\/li>\n<\/ul>\n<p>RER B \u2013 Jusqu\u2019au jeudi 10 juillet, du lundi au vendredi d\u00e8s 22h45, le trafic sera interrompu entre Gare du Nord et A\u00e9roport(&#8230;)<\/p>\n<p><a href=\"https:\/\/www.20minutes.fr\/paris\/4160988-20250629-paris-ile-france-perturbations-prevoir-ratp-sncf-semaine?at_medium=RSS%20feed&amp;at_campaign=ynews&amp;utm_source=yahoo&amp;utm_medium=rss&amp;utm_campaign=news_feed&amp;utm_content=read_more_link\" rel=\"nofollow noopener\" target=\"_blank\" data-ylk=\"slk:Lire la suite sur 20minutes;elm:context_link;itc:0;sec:content-canvas\" class=\"link \">Lire la suite sur 20minutes<\/a><\/p>\n<p>\u00c0 lire aussi :<br \/><a href=\"https:\/\/www.20minutes.fr\/sport\/football\/4160987-20250629-algerie-journaliste-sportif-francais-condamne-7-ans-prison-selon-rsf-apologie-terrorisme?at_medium=RSS%20feed&amp;at_campaign=ynews&amp;utm_source=yahoo&amp;utm_medium=rss&amp;utm_campaign=news_feed&amp;utm_content=related_content_link\" rel=\"nofollow noopener\" target=\"_blank\" data-ylk=\"slk:Alg\u00e9rie : Un journaliste sportif fran\u00e7ais condamn\u00e9 \u00e0 7 ans de prison selon RSF pour \u00ab apologie du terrorisme \u00bb;elm:context_link;itc:0;sec:content-canvas\" class=\"link \">Alg\u00e9rie : Un journaliste sportif fran\u00e7ais condamn\u00e9 \u00e0 7 ans de prison selon RSF pour \u00ab apologie du terrorisme \u00bb<\/a><br \/><a href=\"https:\/\/www.20minutes.fr\/societe\/4160210-20250628-14-juillet-quand-douane-prepare-defile-15-20-km-marche-jour?at_medium=RSS%20feed&amp;at_campaign=ynews&amp;utm_source=yahoo&amp;utm_medium=rss&amp;utm_campaign=news_feed&amp;utm_content=related_content_link\" rel=\"nofollow noopener\" target=\"_blank\" data-ylk=\"slk:14-Juillet : Quand la douane pr\u00e9pare le d\u00e9fil\u00e9 \u00ab avec 15 \u00e0 20 km de marche par jour \u00bb;elm:context_link;itc:0;sec:content-canvas\" class=\"link \">14-Juillet : Quand la douane pr\u00e9pare le d\u00e9fil\u00e9 \u00ab avec 15 \u00e0 20 km de marche par jour \u00bb<\/a><\/p>\n<p><script async src=\"https:\/\/platform.twitter.com\/widgets.js\" charset=\"utf-8\"><\/script><\/p>\n","protected":false},"excerpt":{"rendered":"TRANSPORTS &#8211; Du 30 juin au 6 juillet, les changements \u00e0 pr\u00e9voir sur les lignes parisiennes et franciliennes&hellip;\n","protected":false},"author":2,"featured_media":214177,"comment_status":"","ping_status":"","sticky":false,"template":"","format":"standard","meta":{"footnotes":""},"categories":[1888],"tags":[1111,1928,11,1927,1777,674,1011,27,662,35370,8931,12,1926,626,1925,8929,25,2215],"class_list":{"0":"post-214176","1":"post","2":"type-post","3":"status-publish","4":"format-standard","5":"has-post-thumbnail","7":"category-paris","8":"tag-actu","9":"tag-actu-paris","10":"tag-actualites","11":"tag-actualites-paris","12":"tag-eu","13":"tag-europe","14":"tag-fr","15":"tag-france","16":"tag-ile-de-france","17":"tag-ligne-de-bus","18":"tag-lignes-de-transport","19":"tag-news","20":"tag-news-paris","21":"tag-paris","22":"tag-paris-news","23":"tag-perturbations-dans-les-transports","24":"tag-republique-francaise","25":"tag-sncf"},"share_on_mastodon":{"url":"https:\/\/pubeurope.com\/@fr\/114768740765645160","error":""},"_links":{"self":[{"href":"https:\/\/www.europesays.com\/fr\/wp-json\/wp\/v2\/posts\/214176","targetHints":{"allow":["GET"]}}],"collection":[{"href":"https:\/\/www.europesays.com\/fr\/wp-json\/wp\/v2\/posts"}],"about":[{"href":"https:\/\/www.europesays.com\/fr\/wp-json\/wp\/v2\/types\/post"}],"author":[{"embeddable":true,"href":"https:\/\/www.europesays.com\/fr\/wp-json\/wp\/v2\/users\/2"}],"replies":[{"embeddable":true,"href":"https:\/\/www.europesays.com\/fr\/wp-json\/wp\/v2\/comments?post=214176"}],"version-history":[{"count":0,"href":"https:\/\/www.europesays.com\/fr\/wp-json\/wp\/v2\/posts\/214176\/revisions"}],"wp:featuredmedia":[{"embeddable":true,"href":"https:\/\/www.europesays.com\/fr\/wp-json\/wp\/v2\/media\/214177"}],"wp:attachment":[{"href":"https:\/\/www.europesays.com\/fr\/wp-json\/wp\/v2\/media?parent=214176"}],"wp:term":[{"taxonomy":"category","embeddable":true,"href":"https:\/\/www.europesays.com\/fr\/wp-json\/wp\/v2\/categories?post=214176"},{"taxonomy":"post_tag","embeddable":true,"href":"https:\/\/www.europesays.com\/fr\/wp-json\/wp\/v2\/tags?post=214176"}],"curies":[{"name":"wp","href":"https:\/\/api.w.org\/{rel}","templated":true}]}}