{"id":214191,"date":"2025-06-29T21:26:11","date_gmt":"2025-06-29T21:26:11","guid":{"rendered":"https:\/\/www.europesays.com\/fr\/214191\/"},"modified":"2025-06-29T21:26:11","modified_gmt":"2025-06-29T21:26:11","slug":"leurope-bloquee-en-mode-silencieux","status":"publish","type":"post","link":"https:\/\/www.europesays.com\/fr\/214191\/","title":{"rendered":"\u00ab\u00a0L\u2019Europe bloqu\u00e9e en mode silencieux\u00a0\u00bb"},"content":{"rendered":"<p><strong>CHRONIQUE &#8211;<\/strong> D\u00e9fense commune, poursuite du march\u00e9 unique, n\u00e9gociations commerciales\u2026 \u00c0 Bruxelles, la Commission ne ch\u00f4me pas. Hors des cercles europ\u00e9ens, cet activisme est pourtant inaudible.<\/p>\n<p class=\"fig-paragraph\">\u00ab\u00a0L\u2019Europe souffre d\u2019un \u00e9puisement de sa capacit\u00e9 \u00e0 d\u00e9sirer qui ne peut \u00eatre imput\u00e9 \u00e0 la guerre\u00a0\u00bb, s\u2019inqui\u00e9tait le philosophe espagnol Jos\u00e9 Ortega\u00a0y\u00a0Gasset, lors d\u2019une conf\u00e9rence donn\u00e9e \u00e0 Berlin au lendemain de la Deuxi\u00e8me Guerre mondiale. \u00c0 Bruxelles, cette appr\u00e9ciation morose semblerait aujourd\u2019hui bien injuste. La Commission croule en effet sous les projets depuis la\u00a0<a href=\"http:\/\/www.lefigaro.fr\/international\/ursula-von-der-leyen-obtient-un-second-mandat-a-la-tete-de-la-commission-europeenne-20240718\" data-fig-type=\"NewsFlash\" data-gtm-custom-categorie=\"navigation\" data-gtm-custom-action=\"crossclick\" data-gtm-custom-label=\"Contextuel\" data-gtm-event=\"customEventSPE\" data-fig-domain=\"LEFIGARO\" target=\"_blank\" rel=\"noopener\">r\u00e9\u00e9lection d\u2019Ursula von\u00a0der\u00a0Leyen\u00a0<\/a>: simplification des directives trop bureaucratiques issues du pacte vert du premier mandat, f<a href=\"http:\/\/www.lefigaro.fr\/international\/apres-l-electrochoc-trump-la-course-contre-la-montre-pour-une-defense-europeenne-commune-20250404\" data-fig-type=\"Article\" data-gtm-custom-categorie=\"navigation\" data-gtm-custom-action=\"crossclick\" data-gtm-custom-label=\"Contextuel\" data-gtm-event=\"customEventSPE\" data-fig-domain=\"LEFIGARO\" target=\"_blank\" rel=\"noopener\">inancement d\u2019une d\u00e9fense int\u00e9gr\u00e9e par un emprunt commun<\/a>, poursuite du march\u00e9 unique, notamment financier, selon les recommandations des sages italiens Mario Draghi et\u00a0<a href=\"http:\/\/www.lefigaro.fr\/conjoncture\/enrico-letta-l-europe-ne-peut-pas-se-contenter-de-survivre-et-de-se-proteger-20240417\" data-fig-type=\"Article\" data-gtm-custom-categorie=\"navigation\" data-gtm-custom-action=\"crossclick\" data-gtm-custom-label=\"Contextuel\" data-gtm-event=\"customEventSPE\" data-fig-domain=\"LEFIGARO\" target=\"_blank\" rel=\"noopener\">Enrico Letta<\/a>\u2026<\/p>\n<p class=\"fig-paragraph\">Les grands chantiers ne manquent pas. Ils pourraient d\u2019ailleurs &#8211; l\u2019optimisme n\u2019\u00e9tant pas interdit &#8211; surprendre au cours des prochains mois par leurs r\u00e9sultats. Malgr\u00e9 ces perspectives, hors des cercles europ\u00e9ens, le sentiment g\u00e9n\u00e9ral rejoint celui de profonde lassitude exprim\u00e9 par Ortega y Gasset en 1949. Comment\u2026<\/p>\n<p class=\"fig-premium-paywall__infos\">\n        Cet article est r\u00e9serv\u00e9 aux abonn\u00e9s.        Il vous reste 79% \u00e0 d\u00e9couvrir.\n    <\/p>\n<p>                <img  data- alt=\"Le Figaro\" class=\"fig-img--complete fig-img\"\/><\/p>\n<p class=\"fig-premium-paywall__title\">Vente Flash : derniers jours<\/p>\n<p class=\"fig-premium-paywall__subtitle\">3,99\u20ac par mois pendant 12 mois. Sans engagement.<\/p>\n<p class=\"fig-premium-paywall__connect\">\n                D\u00e9j\u00e0 abonn\u00e9\u00a0?                <a class=\"fig-premium-paywall__connect-link\" href=\"https:\/\/connect.lefigaro.fr\/login?client=horizon_web&amp;type=main&amp;redirect_uri=https%3A%2F%2Fwww.lefigaro.fr%2Fconjoncture%2Fanne-de-guigne-l-europe-bloquee-en-mode-silencieux-20250629\" data-js-gtm=\"{&quot;customCategorie&quot;: &quot;conversion&quot;, &quot;customAction&quot;: &quot;before_Landing_Connexion_paywall_auto&quot;, &quot;customLabel&quot;: &quot;bGVmaWdhcm8uZnJfXzFmMDQ3Njg5LWQ0MmUtNmFjMC1iNDQ1LWUxYzVhMTc4MTNiNF9fQXJ0aWNsZQ==_Anne de\u00a0Guign\u00e9\u00a0: \u00ab\u00a0L\u2019Europe bloqu\u00e9e en mode silencieux\u00a0\u00bb_314&quot;, &quot;customIDSPE&quot;: &quot;bGVmaWdhcm8uZnJfXzFmMDQ3Njg5LWQ0MmUtNmFjMC1iNDQ1LWUxYzVhMTc4MTNiNF9fQXJ0aWNsZQ==&quot;, &quot;event&quot;: &quot;customEventSPE&quot;}\" target=\"_blank\" rel=\"noopener\"><br \/>\n                    Connectez-vous<br \/>\n                <\/a>\n            <\/p>\n","protected":false},"excerpt":{"rendered":"CHRONIQUE &#8211; D\u00e9fense commune, poursuite du march\u00e9 unique, n\u00e9gociations commerciales\u2026 \u00c0 Bruxelles, la Commission ne ch\u00f4me pas. Hors&hellip;\n","protected":false},"author":2,"featured_media":214192,"comment_status":"","ping_status":"","sticky":false,"template":"","format":"standard","meta":{"footnotes":""},"categories":[1586],"tags":[339,11,340,343,345,350,130,344,352,349,33,341,313,1777,674,1011,27,346,342,353,351,347,12,348,25,354],"class_list":{"0":"post-214191","1":"post","2":"type-post","3":"status-publish","4":"format-standard","5":"has-post-thumbnail","7":"category-europe","8":"tag-actualite-economique","9":"tag-actualites","10":"tag-bourse","11":"tag-cac-40","12":"tag-chef-dentreprise","13":"tag-concurrence","14":"tag-consommation","15":"tag-creation-dentreprise","16":"tag-crise","17":"tag-delocalisations","18":"tag-economie","19":"tag-emploi","20":"tag-entreprises","21":"tag-eu","22":"tag-europe","23":"tag-fr","24":"tag-france","25":"tag-grands-patrons","26":"tag-impots","27":"tag-licenciements","28":"tag-monopole","29":"tag-multinationales","30":"tag-news","31":"tag-privatisation","32":"tag-republique-francaise","33":"tag-unio"},"share_on_mastodon":{"url":"https:\/\/pubeurope.com\/@fr\/114768772046352753","error":""},"_links":{"self":[{"href":"https:\/\/www.europesays.com\/fr\/wp-json\/wp\/v2\/posts\/214191","targetHints":{"allow":["GET"]}}],"collection":[{"href":"https:\/\/www.europesays.com\/fr\/wp-json\/wp\/v2\/posts"}],"about":[{"href":"https:\/\/www.europesays.com\/fr\/wp-json\/wp\/v2\/types\/post"}],"author":[{"embeddable":true,"href":"https:\/\/www.europesays.com\/fr\/wp-json\/wp\/v2\/users\/2"}],"replies":[{"embeddable":true,"href":"https:\/\/www.europesays.com\/fr\/wp-json\/wp\/v2\/comments?post=214191"}],"version-history":[{"count":0,"href":"https:\/\/www.europesays.com\/fr\/wp-json\/wp\/v2\/posts\/214191\/revisions"}],"wp:featuredmedia":[{"embeddable":true,"href":"https:\/\/www.europesays.com\/fr\/wp-json\/wp\/v2\/media\/214192"}],"wp:attachment":[{"href":"https:\/\/www.europesays.com\/fr\/wp-json\/wp\/v2\/media?parent=214191"}],"wp:term":[{"taxonomy":"category","embeddable":true,"href":"https:\/\/www.europesays.com\/fr\/wp-json\/wp\/v2\/categories?post=214191"},{"taxonomy":"post_tag","embeddable":true,"href":"https:\/\/www.europesays.com\/fr\/wp-json\/wp\/v2\/tags?post=214191"}],"curies":[{"name":"wp","href":"https:\/\/api.w.org\/{rel}","templated":true}]}}