{"id":214203,"date":"2025-06-29T21:33:09","date_gmt":"2025-06-29T21:33:09","guid":{"rendered":"https:\/\/www.europesays.com\/fr\/214203\/"},"modified":"2025-06-29T21:33:09","modified_gmt":"2025-06-29T21:33:09","slug":"damian-penaud-aurait-pris-sa-decision-pour-son-avenir","status":"publish","type":"post","link":"https:\/\/www.europesays.com\/fr\/214203\/","title":{"rendered":"Damian Penaud aurait pris sa d\u00e9cision pour son avenir !"},"content":{"rendered":"<p>L\u2019ailier international Fran\u00e7ais, Damian Penaud verra son contrat arriver \u00e0 terme avec l\u2019Union Bordeaux-B\u00e8gles au mois de juin 2026.<\/p>\n<p>Pour l\u2019heure, le joueur Girondin n\u2019a toujours pas prolong\u00e9 son bail.<\/p>\n<p>Il pourrait ainsi \u00eatre approch\u00e9 par certains clubs du Top 14 d\u00e8s le 1er juillet, comme le stipule le r\u00e8glement de la Ligue Nationale de Rugby.<\/p>\n<p>Mais selon un internaute bien inform\u00e9 qui diffuse r\u00e9guli\u00e8rement des informations sur l\u2019UBB, Damian Penaud aurait d\u00e9cid\u00e9 de poursuivre sa carri\u00e8re \u00e0 Bordeaux.<\/p>\n<p>En effet, sauf retournement de situation, Damian Penaud devrait prolonger son bail avec l\u2019Union Bordeaux-B\u00e8gles de deux saisons suppl\u00e9mentaires.<\/p>\n<p>Il serait alors li\u00e9 avec l\u2019UBB jusqu\u2019au mois de juin 2028.<\/p>\n<p><strong>Affaire \u00e0 suivre donc\u2026<\/strong><\/p>\n<blockquote class=\"twitter-tweet\" data-width=\"550\" data-dnt=\"true\">\n<p lang=\"fr\" dir=\"ltr\">Comme \u00e9voqu\u00e9 il y\u2019a quelques semaines \ud83d\ude09 Damian Penaud va poursuive son aventure \u00e0 <a href=\"https:\/\/twitter.com\/UBBrugby?ref_src=twsrc%5Etfw\" rel=\"nofollow noopener\" target=\"_blank\">@UBBrugby<\/a> Une prolongation de 2 ans est attendue pour notre facteur X. Le meilleur ailier du top 14 reste en Gironde apr\u00e8s 2026 \ud83d\ude4f Il adore le club, la r\u00e9gion et etc\u2026. Que du bonheur \ud83d\ude09 <a href=\"https:\/\/t.co\/Bl7oWoD7Mb\" rel=\"nofollow\">pic.twitter.com\/Bl7oWoD7Mb<\/a><\/p>\n<p>\u2014 Ben33 (@Ben33110) <a href=\"https:\/\/twitter.com\/Ben33110\/status\/1939402660375126089?ref_src=twsrc%5Etfw\" rel=\"nofollow noopener\" target=\"_blank\">June 29, 2025<\/a><\/p>\n<\/blockquote>\n<p><script async src=\"https:\/\/platform.twitter.com\/widgets.js\" charset=\"utf-8\"><\/script><\/p>\n","protected":false},"excerpt":{"rendered":"L\u2019ailier international Fran\u00e7ais, Damian Penaud verra son contrat arriver \u00e0 terme avec l\u2019Union Bordeaux-B\u00e8gles au mois de juin&hellip;\n","protected":false},"author":2,"featured_media":214204,"comment_status":"","ping_status":"","sticky":false,"template":"","format":"standard","meta":{"footnotes":""},"categories":[1416],"tags":[1011,27,479,1468,60],"class_list":{"0":"post-214203","1":"post","2":"type-post","3":"status-publish","4":"format-standard","5":"has-post-thumbnail","7":"category-rugby","8":"tag-fr","9":"tag-france","10":"tag-rugby","11":"tag-rugby-football","12":"tag-sports"},"share_on_mastodon":{"url":"https:\/\/pubeurope.com\/@fr\/114768799538674616","error":""},"_links":{"self":[{"href":"https:\/\/www.europesays.com\/fr\/wp-json\/wp\/v2\/posts\/214203","targetHints":{"allow":["GET"]}}],"collection":[{"href":"https:\/\/www.europesays.com\/fr\/wp-json\/wp\/v2\/posts"}],"about":[{"href":"https:\/\/www.europesays.com\/fr\/wp-json\/wp\/v2\/types\/post"}],"author":[{"embeddable":true,"href":"https:\/\/www.europesays.com\/fr\/wp-json\/wp\/v2\/users\/2"}],"replies":[{"embeddable":true,"href":"https:\/\/www.europesays.com\/fr\/wp-json\/wp\/v2\/comments?post=214203"}],"version-history":[{"count":0,"href":"https:\/\/www.europesays.com\/fr\/wp-json\/wp\/v2\/posts\/214203\/revisions"}],"wp:featuredmedia":[{"embeddable":true,"href":"https:\/\/www.europesays.com\/fr\/wp-json\/wp\/v2\/media\/214204"}],"wp:attachment":[{"href":"https:\/\/www.europesays.com\/fr\/wp-json\/wp\/v2\/media?parent=214203"}],"wp:term":[{"taxonomy":"category","embeddable":true,"href":"https:\/\/www.europesays.com\/fr\/wp-json\/wp\/v2\/categories?post=214203"},{"taxonomy":"post_tag","embeddable":true,"href":"https:\/\/www.europesays.com\/fr\/wp-json\/wp\/v2\/tags?post=214203"}],"curies":[{"name":"wp","href":"https:\/\/api.w.org\/{rel}","templated":true}]}}