{"id":214210,"date":"2025-06-29T21:38:10","date_gmt":"2025-06-29T21:38:10","guid":{"rendered":"https:\/\/www.europesays.com\/fr\/214210\/"},"modified":"2025-06-29T21:38:10","modified_gmt":"2025-06-29T21:38:10","slug":"cyclisme-route-lukas-kubis-et-mathias-vacek-titres-sur-la-meme-course","status":"publish","type":"post","link":"https:\/\/www.europesays.com\/fr\/214210\/","title":{"rendered":"Cyclisme. Route &#8211; Lukas Kubis et Mathias Vacek titr\u00e9s&#8230; sur la m\u00eame course !"},"content":{"rendered":"<p>L&rsquo;image n&rsquo;est pas banale ! D&rsquo;un c\u00f4t\u00e9, <strong><a href=\"https:\/\/www.cyclismactu.net\/..\/news-route-mathias-vacek-et-julia-kopecky-conservent-leur-titre-national-88567.html\" target=\"_blank\" rel=\"nofollow noopener\">Mathias Vacek<\/a> <\/strong>(Lidl-Trek) le nouveau champion de R\u00e9publique Tcheque, de l&rsquo;autre <strong>Lukas Kubis <\/strong>(Unibet Tietema Rockets), le nouveau champion de Slovaquie, qui c\u00e9l\u00e8brent ensemble sur la ligne d&rsquo;arriv\u00e9e. En effet, il s&rsquo;agit ici d&rsquo;un exemple unique de coop\u00e9ration transfrontali\u00e8re, vestige d&rsquo;un h\u00e9ritage commun, la Tch\u00e9coslovaquie, et \u00e9galement une excellente mani\u00e8re de r\u00e9duire les co\u00fbts d&rsquo;organisation et de proposer une course plus \u00e9toff\u00e9e avec plus de coureurs au d\u00e9part. Ainsi, m\u00eame si l&rsquo;organisation est conjointe, les r\u00e9sultats sont s\u00e9par\u00e9s et <strong><a href=\"https:\/\/www.cyclismactu.net\/..\/news-route-vainqueur-cholet-lukas-kubis-prolonge-avec-unibet-tietema-rockets-86998.html\" target=\"_blank\" rel=\"nofollow noopener\">Lukas Kubis<\/a><\/strong>\u00a0conserve son maillot de champion de Slovaquie tandis que <strong>Mathias Vacek <\/strong>r\u00e9cup\u00e8re sa couronne, apr\u00e8s l&rsquo;avoir conquise en 2023.<\/p>\n<p>Vid\u00e9o &#8211; Mathias Vacek, trop fort pour Mads Pedersen ? Lire la suite de l&rsquo;article&#13;<\/p>\n<p>\u00a0<\/p>\n<p>&#13;<br \/>\nDeux champions nationaux en forme&#13;<\/p>\n<p>Auteur d&rsquo;un <strong>Giro <\/strong>fantastique o\u00f9 certes, il n&rsquo;est pas parvenu \u00e0 lever les bras, <strong>Mathias Vacek <\/strong>a jou\u00e9 un r\u00f4le pr\u00e9pond\u00e9rant dans le succ\u00e8s de son \u00e9quipe et notamment de <strong>Mads Pedersen<\/strong>, vainqueur \u00e0 quatre reprises. Le Tch\u00e8que signe ainsi son deuxi\u00e8me succ\u00e8s de la saison apr\u00e8s&#8230; le contre-la-montre des <strong>Championnats de R\u00e9publique Tch\u00e8que <\/strong>il y a quelques jours. Pour <strong>Lukas Kubis<\/strong>, la saison est \u00e9galement tr\u00e8s satisfaisante aux c\u00f4t\u00e9s de son \u00e9quipe, la\u00a0<strong>Unibet Tietema Rockets<\/strong>. Arriv\u00e9 en d\u00e9but d&rsquo;ann\u00e9e dans l&rsquo;\u00e9quipe fran\u00e7aise, le Slovaque s&rsquo;est rapidement impos\u00e9 comme le leader de sa formation sur les classiques flandriennes.<\/p>\n","protected":false},"excerpt":{"rendered":"L&rsquo;image n&rsquo;est pas banale ! D&rsquo;un c\u00f4t\u00e9, Mathias Vacek (Lidl-Trek) le nouveau champion de R\u00e9publique Tcheque, de l&rsquo;autre&hellip;\n","protected":false},"author":2,"featured_media":214211,"comment_status":"","ping_status":"","sticky":false,"template":"","format":"standard","meta":{"footnotes":""},"categories":[1411],"tags":[1154,207,211,1011,27,209,60,210,212,208,213],"class_list":{"0":"post-214210","1":"post","2":"type-post","3":"status-publish","4":"format-standard","5":"has-post-thumbnail","7":"category-cyclisme","8":"tag-cycling","9":"tag-cyclisme","10":"tag-ffc","11":"tag-fr","12":"tag-france","13":"tag-route","14":"tag-sports","15":"tag-tour-de-france","16":"tag-uci","17":"tag-velo","18":"tag-world-tour"},"share_on_mastodon":{"url":"https:\/\/pubeurope.com\/@fr\/114768819188638802","error":""},"_links":{"self":[{"href":"https:\/\/www.europesays.com\/fr\/wp-json\/wp\/v2\/posts\/214210","targetHints":{"allow":["GET"]}}],"collection":[{"href":"https:\/\/www.europesays.com\/fr\/wp-json\/wp\/v2\/posts"}],"about":[{"href":"https:\/\/www.europesays.com\/fr\/wp-json\/wp\/v2\/types\/post"}],"author":[{"embeddable":true,"href":"https:\/\/www.europesays.com\/fr\/wp-json\/wp\/v2\/users\/2"}],"replies":[{"embeddable":true,"href":"https:\/\/www.europesays.com\/fr\/wp-json\/wp\/v2\/comments?post=214210"}],"version-history":[{"count":0,"href":"https:\/\/www.europesays.com\/fr\/wp-json\/wp\/v2\/posts\/214210\/revisions"}],"wp:featuredmedia":[{"embeddable":true,"href":"https:\/\/www.europesays.com\/fr\/wp-json\/wp\/v2\/media\/214211"}],"wp:attachment":[{"href":"https:\/\/www.europesays.com\/fr\/wp-json\/wp\/v2\/media?parent=214210"}],"wp:term":[{"taxonomy":"category","embeddable":true,"href":"https:\/\/www.europesays.com\/fr\/wp-json\/wp\/v2\/categories?post=214210"},{"taxonomy":"post_tag","embeddable":true,"href":"https:\/\/www.europesays.com\/fr\/wp-json\/wp\/v2\/tags?post=214210"}],"curies":[{"name":"wp","href":"https:\/\/api.w.org\/{rel}","templated":true}]}}